{"id":108863,"date":"2021-01-07T06:50:40","date_gmt":"2021-01-07T11:50:40","guid":{"rendered":"https:\/\/linitiative.ca\/International\/coupe-de-la-caf-la-rsb-simpose-face-a-tevragh-zeina\/"},"modified":"2021-01-07T06:50:40","modified_gmt":"2021-01-07T11:50:40","slug":"coupe-de-la-caf-la-rsb-simpose-face-a-tevragh-zeina","status":"publish","type":"post","link":"https:\/\/linitiative.ca\/International\/coupe-de-la-caf-la-rsb-simpose-face-a-tevragh-zeina\/","title":{"rendered":"Coupe de la CAF: La RSB s\u2019impose face \u00e0 Tevragh Zeina"},"content":{"rendered":"<div class=\"single-featured\"><img alt=\"\" data-src=\"http:\/\/www.mapoujda.ma\/map\/uploads\/2021\/01\/bc9w557511.jpg\"\/><\/div>\n<div class=\"single-post-excerpt post-excerpt-bc\" readability=\"36\">\n<p>La Renaissance de Berkane s\u2019est qualifi\u00e9e pour les barrages de la Coupe de la Conf\u00e9d\u00e9ration africaine de football (CAF), apr\u00e8s sa victoire (2-0) face au club mauritanien Tevragh Zeina, mercredi au Stade municipale de Berkane.<\/p>\n<\/div>\n<div class=\"entry-content clearfix single-post-content\" readability=\"51\">\n<p>Les Berkanis, qui avaient arrach\u00e9 un nul lors du match aller (0-0) \u00e0 Nouakchott, ont ouvert le score en premi\u00e8re p\u00e9riode gr\u00e2ce au v\u00e9t\u00e9ran Mouhcine Iajour \u00e0 la 21\u00e8 minute sur penalty.<\/p>\n<p>Les hommes de Tarik Sektioui ont entam\u00e9 la deuxi\u00e8me p\u00e9riode toujours avec la m\u00eame d\u00e9termination. Iajour, auteur d\u2019un doubl\u00e9, a donn\u00e9 le coup de gr\u00e2ce juste avant le sifflet final de l\u2019arbitre (92\u00e8) qualifiant le club Berkani aux barrages.<\/p>\n<p>La Renaissance de Berkane et le Tihad de Casablanca, ainsi que l\u2019ensemble des vainqueurs \u00e0 l\u2019issue des deux manches, seront qualifi\u00e9s pour la phase de barrage pour y affronter les malheureux perdants du deuxi\u00e8me tour pr\u00e9liminaire de la Ligue des Champions.<\/p>\n<p>Le tirage au sort de la suite de ce tour d\u00e9cisif aura lieu le 8 janvier au si\u00e8ge de la CAF au Caire, en \u00c9gypte.<\/p>\n<\/div>\n<p>Auteur: Ismail Bahhane<br \/>\n<a href=\"http:\/\/www.mapoujda.ma\/fr\/coupe-de-la-caf-la-rsb-simpose-face-a-tevragh-zeina\/\">Cliquez ici pour lire l&rsquo;article depuis sa source.<\/a><\/p>\n","protected":false},"excerpt":{"rendered":"<p>La Renaissance de Berkane s\u2019est qualifi\u00e9e pour les barrages de la Coupe de la Conf\u00e9d\u00e9ration africaine de football (CAF), apr\u00e8s sa victoire (2-0) face au club mauritanien Tevragh Zeina, mercredi au Stade municipale de Berkane. Les Berkanis, qui avaient arrach\u00e9 un nul lors du match aller (0-0) \u00e0 Nouakchott, ont ouvert le score en premi\u00e8re [&hellip;]<\/p>\n","protected":false},"author":1788,"featured_media":0,"comment_status":"closed","ping_status":"closed","sticky":false,"template":"","format":"standard","meta":{"fifu_image_url":"http:\/\/www.mapoujda.ma\/map\/uploads\/2021\/01\/bc9w557511.jpg","fifu_image_alt":"Coupe de la CAF: La RSB s\u2019impose face \u00e0 Tevragh Zeina","footnotes":""},"categories":[54,76],"tags":[],"class_list":["post-108863","post","type-post","status-publish","format-standard","hentry","category-maroc","category-regions"],"_links":{"self":[{"href":"https:\/\/linitiative.ca\/International\/wp-json\/wp\/v2\/posts\/108863","targetHints":{"allow":["GET"]}}],"collection":[{"href":"https:\/\/linitiative.ca\/International\/wp-json\/wp\/v2\/posts"}],"about":[{"href":"https:\/\/linitiative.ca\/International\/wp-json\/wp\/v2\/types\/post"}],"author":[{"embeddable":true,"href":"https:\/\/linitiative.ca\/International\/wp-json\/wp\/v2\/users\/1788"}],"replies":[{"embeddable":true,"href":"https:\/\/linitiative.ca\/International\/wp-json\/wp\/v2\/comments?post=108863"}],"version-history":[{"count":0,"href":"https:\/\/linitiative.ca\/International\/wp-json\/wp\/v2\/posts\/108863\/revisions"}],"wp:attachment":[{"href":"https:\/\/linitiative.ca\/International\/wp-json\/wp\/v2\/media?parent=108863"}],"wp:term":[{"taxonomy":"category","embeddable":true,"href":"https:\/\/linitiative.ca\/International\/wp-json\/wp\/v2\/categories?post=108863"},{"taxonomy":"post_tag","embeddable":true,"href":"https:\/\/linitiative.ca\/International\/wp-json\/wp\/v2\/tags?post=108863"}],"curies":[{"name":"wp","href":"https:\/\/api.w.org\/{rel}","templated":true}]}}