{"id":108866,"date":"2021-01-07T11:00:00","date_gmt":"2021-01-07T16:00:00","guid":{"rendered":"https:\/\/linitiative.ca\/International\/lallemagne-impose-des-quotas-de-femmes\/"},"modified":"2021-01-07T11:00:00","modified_gmt":"2021-01-07T16:00:00","slug":"lallemagne-impose-des-quotas-de-femmes","status":"publish","type":"post","link":"https:\/\/linitiative.ca\/International\/lallemagne-impose-des-quotas-de-femmes\/","title":{"rendered":"L&rsquo;Allemagne impose  des quotas de femmes"},"content":{"rendered":"<p class=\"p1 c5\"><span class=\"c4\"><span class=\"c3\"><span class=\"s1 c2\"><strong>Le Temps-Agences-<\/strong><\/span> <strong>Le gouvernement allemand a approuv\u00e9 hier une loi visant \u00e0 obliger les grandes entreprises cot\u00e9es en Bourse \u00e0 nommer au moins une femme dans leur conseil d&rsquo;administration, apr\u00e8s des ann\u00e9es de d\u00e9bat sur la question.<\/strong><\/span><\/span><\/p>\n<p class=\"p1 c6\"><span class=\"c4\"><span class=\"c3\">La nouvelle loi s&rsquo;appuie sur le quota de 30% pour les conseils de surveillance introduit en 2015 et sera appliqu\u00e9e aux entreprises cot\u00e9es en Bourse comptant plus de trois administrateurs.<\/span><\/span><\/p>\n<p class=\"p1 c6\"><span class=\"c4\"><span class=\"c3\">Cette mesure a longtemps \u00e9t\u00e9 d\u00e9fendue par les sociaux-d\u00e9mocrates allemands (SPD), mais l&rsquo;Union chr\u00e9tienne-d\u00e9mocrate, parti d&rsquo;Angela Merkel, s&rsquo;est longtemps oppos\u00e9e \u00e0 l&rsquo;initiative. La chanceli\u00e8re allemande avait toutefois exprim\u00e9 sa frustration face \u00e0 la lenteur des entreprises \u00e0 nommer des femmes \u00e0 leur t\u00eate.<\/span><\/span><\/p>\n<p class=\"p1 c6\"><span class=\"c4\"><span class=\"c3\">\u00ab\u00a0Cette loi est une \u00e9tape importante pour que davantage de femmes occupent des postes de direction\u00a0\u00bb, a d\u00e9clar\u00e9 la ministre de la Famille Franziska Giffey, issue du SPD, dans un communiqu\u00e9.<\/span><\/span><\/p>\n<p class=\"p1 c6\"><span class=\"c4\"><span class=\"c3\">\u00ab\u00a0Nous avons vu depuis des ann\u00e9es que peu de changements sont faits volontairement et que les progr\u00e8s sont tr\u00e8s lents\u00a0\u00bb.<\/span><\/span><\/p>\n<p class=\"p1 c6\"><span class=\"c4\"><span class=\"c3\">La nouvelle loi concerne environ 70 entreprises, dont une trentaine n&rsquo;ont actuellement aucune femme au sein de leurs conseils d&rsquo;administration, ont d\u00e9clar\u00e9 les minist\u00e8res de la Famille et de la Justice dans un communiqu\u00e9 conjoint.<\/span><\/span><\/p>\n<p class=\"p1 c6\"><span class=\"c4\"><span class=\"c3\">Le pourcentage de femmes dans les conseils de surveillance des entreprises allemandes a franchi le seuil des 30% en 2017 et s&rsquo;\u00e9levait \u00e0 35,2% en novembre 2020. Dans les conseils d&rsquo;administration des quelque 100 plus grandes entreprises cot\u00e9es en Bourse, les femmes ne repr\u00e9sentent que 11,5% des si\u00e8ges.<\/span><\/span><\/p>\n<p class=\"p1 c6\"><span class=\"c4\"><span class=\"c3\">La l\u00e9gislation allemande pr\u00e9voit \u00e9galement des r\u00e8gles plus strictes en mati\u00e8re d&rsquo;\u00e9galit\u00e9 des sexes dans les entreprises o\u00f9 l&rsquo;\u00c9tat est actionnaire. Celles dont les conseils d&rsquo;administration ont plus de deux membres devront compter au moins une femme.<\/span><\/span><\/p>\n<p class=\"p1 c6\"><span class=\"c4\"><span class=\"c3\">Selon le groupe de r\u00e9flexion \u00e9conomique DIW, ce quota aura un impact limit\u00e9.<\/span><\/span><\/p>\n<p class=\"p1 c6\"><span class=\"c4\"><span class=\"c3\">\u00ab\u00a0Il ne bouleversera pas imm\u00e9diatement la participation minimale des femmes dans les conseils d&rsquo;administration. Il s&rsquo;applique \u00e0 trop peu d&rsquo;entreprises\u00a0\u00bb, a d\u00e9clar\u00e9 Katharina Wrohlich, responsable de l&rsquo;\u00e9conomie du genre chez DIW, au quotidien Rheinische Post.<\/span><\/span><\/p>\n<p class=\"p1 c6\"><span class=\"c4\"><span class=\"c3\">Les femmes occupent un tiers des si\u00e8ges aux conseils d&rsquo;administration des plus grandes entreprises europ\u00e9ennes mais elles sont en minorit\u00e9 dans les cadres de direction, selon une \u00e9tude publi\u00e9e l&rsquo;ann\u00e9e derni\u00e8re classant la Norv\u00e8ge en t\u00eate pour la diversit\u00e9 des sexes, suivie par la France.<\/span><\/span><\/p>\n<p class=\"p1 c5\">\u00a0<\/p>\n<p class=\"p1 c6\"><span class=\"c4\"><span class=\"c3\">La loi Cop\u00e9-Zimmermann vot\u00e9e en 2011 a instaur\u00e9 en France un quota obligatoire de 40% de femmes dans les conseils d&rsquo;administration des soci\u00e9t\u00e9s cot\u00e9es \u00e0 partir du 1er janvier 2017. Aucune soci\u00e9t\u00e9 du CAC 40 n&rsquo;est actuellement dirig\u00e9e par une femme.<\/span><\/span><\/p>\n<p>Auteur: letemps1<br \/>\n<a href=\"http:\/\/www.letemps.com.tn\/article\/118802\/lallemagne-impose-des-quotas-de-femmes\">Cliquez ici pour lire l&rsquo;article depuis sa source.<\/a><\/p>\n","protected":false},"excerpt":{"rendered":"<p>Le Temps-Agences- Le gouvernement allemand a approuv\u00e9 hier une loi visant \u00e0 obliger les grandes entreprises cot\u00e9es en Bourse \u00e0 nommer au moins une femme dans leur conseil d&rsquo;administration, apr\u00e8s des ann\u00e9es de d\u00e9bat sur la question. La nouvelle loi s&rsquo;appuie sur le quota de 30% pour les conseils de surveillance introduit en 2015 et [&hellip;]<\/p>\n","protected":false},"author":1773,"featured_media":0,"comment_status":"closed","ping_status":"closed","sticky":false,"template":"","format":"standard","meta":{"fifu_image_url":"","fifu_image_alt":"","footnotes":""},"categories":[73,55],"tags":[],"class_list":["post-108866","post","type-post","status-publish","format-standard","hentry","category-actualite","category-tunisie"],"_links":{"self":[{"href":"https:\/\/linitiative.ca\/International\/wp-json\/wp\/v2\/posts\/108866","targetHints":{"allow":["GET"]}}],"collection":[{"href":"https:\/\/linitiative.ca\/International\/wp-json\/wp\/v2\/posts"}],"about":[{"href":"https:\/\/linitiative.ca\/International\/wp-json\/wp\/v2\/types\/post"}],"author":[{"embeddable":true,"href":"https:\/\/linitiative.ca\/International\/wp-json\/wp\/v2\/users\/1773"}],"replies":[{"embeddable":true,"href":"https:\/\/linitiative.ca\/International\/wp-json\/wp\/v2\/comments?post=108866"}],"version-history":[{"count":0,"href":"https:\/\/linitiative.ca\/International\/wp-json\/wp\/v2\/posts\/108866\/revisions"}],"wp:attachment":[{"href":"https:\/\/linitiative.ca\/International\/wp-json\/wp\/v2\/media?parent=108866"}],"wp:term":[{"taxonomy":"category","embeddable":true,"href":"https:\/\/linitiative.ca\/International\/wp-json\/wp\/v2\/categories?post=108866"},{"taxonomy":"post_tag","embeddable":true,"href":"https:\/\/linitiative.ca\/International\/wp-json\/wp\/v2\/tags?post=108866"}],"curies":[{"name":"wp","href":"https:\/\/api.w.org\/{rel}","templated":true}]}}