{"id":108869,"date":"2021-01-07T15:14:12","date_gmt":"2021-01-07T20:14:12","guid":{"rendered":"https:\/\/linitiative.ca\/International\/international-justice-benzema-renvoye-devant-le-tribunal-correctionnel\/"},"modified":"2021-01-07T15:14:12","modified_gmt":"2021-01-07T20:14:12","slug":"international-justice-benzema-renvoye-devant-le-tribunal-correctionnel","status":"publish","type":"post","link":"https:\/\/linitiative.ca\/International\/international-justice-benzema-renvoye-devant-le-tribunal-correctionnel\/","title":{"rendered":"International : Justice: Benzema renvoy\u00e9 devant le tribunal correctionnel"},"content":{"rendered":"<div readability=\"32\">\n<p>Auteur : <span class=\"time\">jeudi 07 janvier 2021 15:40<\/span><\/p>\n<\/div>\n<div id=\"post_core\" readability=\"39\">\n<p>Ind\u00e9tr\u00f4nable au Real Madrid, Karim Benzema pensait bien \u00eatre d\u00e9barrass\u00e9 de ses d\u00e9m\u00eal\u00e9es avec la justice fran\u00e7aise. Malheureusement, le parquet de Versailles a annonc\u00e9 que l&rsquo;attaquant fran\u00e7ais \u00e9tait renvoy\u00e9 en correctionnelle dans l&rsquo;affaire du chantage \u00e0 la sextape de Mathieu Valbuena en 2015 pour \u00ab tentative de chantage \u00bb. Le buteur des Merengues est soup\u00e7onn\u00e9 d&rsquo;avoir forc\u00e9 la main de l&rsquo;ancien Marseillais \u00e0 payer des ma\u00eetres-chanteurs qui mena\u00e7aient de publier une vid\u00e9o intime dans laquelle il apparaissait. En parall\u00e8le, quatre autres hommes sont aussi renvoy\u00e9s en correctionnelle dans cette affaire pour tentative de chantage, et l&rsquo;un d&rsquo;entre eux pour abus de confiance rapporte FootMercato.<\/p>\n<p><strong>Publi\u00e9 dans :<\/strong> <span>benzema<\/span><\/p>\n<\/div>\n<p>Auteur:<br \/>\n<a href=\"http:\/\/www.lebuteur.com\/article\/detail?titre=justice-benzema-renvoye-devant-le-tribunal-correctionnel&#038;id=98610&#038;utm_source=feedburner&#038;utm_medium=feed&#038;utm_campaign=Feed%3A+GalerieFArtciles+%28Les+derniers+articles++-+lebuteur.com%29\">Cliquez ici pour lire l&rsquo;article depuis sa source.<\/a><\/p>\n","protected":false},"excerpt":{"rendered":"<p>Auteur : jeudi 07 janvier 2021 15:40 Ind\u00e9tr\u00f4nable au Real Madrid, Karim Benzema pensait bien \u00eatre d\u00e9barrass\u00e9 de ses d\u00e9m\u00eal\u00e9es avec la justice fran\u00e7aise. Malheureusement, le parquet de Versailles a annonc\u00e9 que l&rsquo;attaquant fran\u00e7ais \u00e9tait renvoy\u00e9 en correctionnelle dans l&rsquo;affaire du chantage \u00e0 la sextape de Mathieu Valbuena en 2015 pour \u00ab tentative de chantage [&hellip;]<\/p>\n","protected":false},"author":1738,"featured_media":0,"comment_status":"closed","ping_status":"closed","sticky":false,"template":"","format":"standard","meta":{"fifu_image_url":"\/\/cdn.lebuteur.com\/data\/images\/article\/thumbs\/large-justice-benzema-renvoye-devant-le-tribunal-correctionnel-7f6fe.jpg","fifu_image_alt":"International : Justice: Benzema renvoy\u00e9 devant le tribunal correctionnel","footnotes":""},"categories":[53,75],"tags":[],"class_list":["post-108869","post","type-post","status-publish","format-standard","hentry","category-algerie","category-sport"],"_links":{"self":[{"href":"https:\/\/linitiative.ca\/International\/wp-json\/wp\/v2\/posts\/108869","targetHints":{"allow":["GET"]}}],"collection":[{"href":"https:\/\/linitiative.ca\/International\/wp-json\/wp\/v2\/posts"}],"about":[{"href":"https:\/\/linitiative.ca\/International\/wp-json\/wp\/v2\/types\/post"}],"author":[{"embeddable":true,"href":"https:\/\/linitiative.ca\/International\/wp-json\/wp\/v2\/users\/1738"}],"replies":[{"embeddable":true,"href":"https:\/\/linitiative.ca\/International\/wp-json\/wp\/v2\/comments?post=108869"}],"version-history":[{"count":0,"href":"https:\/\/linitiative.ca\/International\/wp-json\/wp\/v2\/posts\/108869\/revisions"}],"wp:attachment":[{"href":"https:\/\/linitiative.ca\/International\/wp-json\/wp\/v2\/media?parent=108869"}],"wp:term":[{"taxonomy":"category","embeddable":true,"href":"https:\/\/linitiative.ca\/International\/wp-json\/wp\/v2\/categories?post=108869"},{"taxonomy":"post_tag","embeddable":true,"href":"https:\/\/linitiative.ca\/International\/wp-json\/wp\/v2\/tags?post=108869"}],"curies":[{"name":"wp","href":"https:\/\/api.w.org\/{rel}","templated":true}]}}