{"id":108870,"date":"2021-01-07T15:14:14","date_gmt":"2021-01-07T20:14:14","guid":{"rendered":"https:\/\/linitiative.ca\/International\/pros-slimani-le-digne-successeur-de-dembele-a-lol\/"},"modified":"2021-01-07T15:14:14","modified_gmt":"2021-01-07T20:14:14","slug":"pros-slimani-le-digne-successeur-de-dembele-a-lol","status":"publish","type":"post","link":"https:\/\/linitiative.ca\/International\/pros-slimani-le-digne-successeur-de-dembele-a-lol\/","title":{"rendered":"Pros : Slimani, le digne successeur de Demb\u00e9l\u00e9 \u00e0 l&rsquo;OL ?"},"content":{"rendered":"<div readability=\"32\">\n<p>Auteur : <span class=\"time\">jeudi 07 janvier 2021 15:56<\/span><\/p>\n<\/div>\n<div id=\"post_core\" readability=\"43\">\n<p>En plus de l&rsquo;ASSE et de l&rsquo;OM, l&rsquo;OL serait sur les traces d&rsquo;Islam Slimani. Le club pr\u00e9sid\u00e9 par Jean-Michel Aulas pourrait se jeter sur l&rsquo;attaquant de Leicester en cas de d\u00e9part de Moussa Demb\u00e9l\u00e9. Selon France Football, l&rsquo;Atl\u00e9tico voudrait faire de Moussa Demb\u00e9l\u00e9 le digne successeur de Diego Costa. Dans cette optique, les Colchoneros seraient dispos\u00e9s \u00e0 n\u00e9gocier un pr\u00eat avec une option d&rsquo;achat \u00e0 hauteur de 35M\u20ac pour convaincre Jean-Michel Aulas. Pour combler le possible d\u00e9part de Moussa Demb\u00e9l\u00e9, le pr\u00e9sident de l&rsquo;OL aurait d\u00e9j\u00e0 activ\u00e9 plusieurs pistes, et notamment celle menant \u00e0 Islam Slimani. Alors qu&rsquo;ils auraient d\u00e9j\u00e0 contact\u00e9 l&rsquo;ancien de l&rsquo;AS Monaco l&rsquo;\u00e9t\u00e9 dernier, les Gones devraient donc se frotter \u00e0 l&rsquo;OM et \u00e0 l&rsquo;ASSE sur ce dossier rapporte Le 10 Sport.<\/p>\n<p><strong>Publi\u00e9 dans :<\/strong> <span>slimani<\/span> <span>OL<\/span><\/p>\n<\/div>\n<p>Auteur:<br \/>\n<a href=\"http:\/\/www.lebuteur.com\/article\/detail?titre=slimani-le-digne-successeur-de-dembele-a-lol&#038;id=98611&#038;utm_source=feedburner&#038;utm_medium=feed&#038;utm_campaign=Feed%3A+GalerieFArtciles+%28Les+derniers+articles++-+lebuteur.com%29\">Cliquez ici pour lire l&rsquo;article depuis sa source.<\/a><\/p>\n","protected":false},"excerpt":{"rendered":"<p>Auteur : jeudi 07 janvier 2021 15:56 En plus de l&rsquo;ASSE et de l&rsquo;OM, l&rsquo;OL serait sur les traces d&rsquo;Islam Slimani. Le club pr\u00e9sid\u00e9 par Jean-Michel Aulas pourrait se jeter sur l&rsquo;attaquant de Leicester en cas de d\u00e9part de Moussa Demb\u00e9l\u00e9. Selon France Football, l&rsquo;Atl\u00e9tico voudrait faire de Moussa Demb\u00e9l\u00e9 le digne successeur de Diego [&hellip;]<\/p>\n","protected":false},"author":1738,"featured_media":0,"comment_status":"closed","ping_status":"closed","sticky":false,"template":"","format":"standard","meta":{"fifu_image_url":"\/\/cdn.lebuteur.com\/data\/images\/article\/thumbs\/large-slimani-le-digne-successeur-de-dembele-a-lol-ca202.jpg","fifu_image_alt":"Pros : Slimani, le digne successeur de Demb\u00e9l\u00e9 \u00e0 l'OL ?","footnotes":""},"categories":[53,75],"tags":[],"class_list":["post-108870","post","type-post","status-publish","format-standard","hentry","category-algerie","category-sport"],"_links":{"self":[{"href":"https:\/\/linitiative.ca\/International\/wp-json\/wp\/v2\/posts\/108870","targetHints":{"allow":["GET"]}}],"collection":[{"href":"https:\/\/linitiative.ca\/International\/wp-json\/wp\/v2\/posts"}],"about":[{"href":"https:\/\/linitiative.ca\/International\/wp-json\/wp\/v2\/types\/post"}],"author":[{"embeddable":true,"href":"https:\/\/linitiative.ca\/International\/wp-json\/wp\/v2\/users\/1738"}],"replies":[{"embeddable":true,"href":"https:\/\/linitiative.ca\/International\/wp-json\/wp\/v2\/comments?post=108870"}],"version-history":[{"count":0,"href":"https:\/\/linitiative.ca\/International\/wp-json\/wp\/v2\/posts\/108870\/revisions"}],"wp:attachment":[{"href":"https:\/\/linitiative.ca\/International\/wp-json\/wp\/v2\/media?parent=108870"}],"wp:term":[{"taxonomy":"category","embeddable":true,"href":"https:\/\/linitiative.ca\/International\/wp-json\/wp\/v2\/categories?post=108870"},{"taxonomy":"post_tag","embeddable":true,"href":"https:\/\/linitiative.ca\/International\/wp-json\/wp\/v2\/tags?post=108870"}],"curies":[{"name":"wp","href":"https:\/\/api.w.org\/{rel}","templated":true}]}}