{"id":108871,"date":"2021-01-07T15:14:16","date_gmt":"2021-01-07T20:14:16","guid":{"rendered":"https:\/\/linitiative.ca\/International\/pros-montpellier-lavenir-dandy-delort-est-scelle\/"},"modified":"2021-01-07T15:14:16","modified_gmt":"2021-01-07T20:14:16","slug":"pros-montpellier-lavenir-dandy-delort-est-scelle","status":"publish","type":"post","link":"https:\/\/linitiative.ca\/International\/pros-montpellier-lavenir-dandy-delort-est-scelle\/","title":{"rendered":"Pros : Montpellier: L\u2019avenir d\u2019Andy Delort est scell\u00e9 !"},"content":{"rendered":"<div readability=\"32\">\n<p>Auteur : <span class=\"time\">jeudi 07 janvier 2021 15:59<\/span><\/p>\n<\/div>\n<div id=\"post_core\" readability=\"49\">\n<p>Du c\u00f4t\u00e9 de l\u2019OM, la priorit\u00e9 de ce mercato hivernal est clairement connue : recruter un attaquant axial. Andr\u00e9 Villas-Boas attend avec impatience ce renfort offensif et en coulisse, Pablo Longoria se d\u00e9m\u00e8ne pour trouver l\u2019heureux \u00e9lu. Les pistes se multiplient dans cette qu\u00eate d\u2019un attaquant, et certaines m\u00e8nent notamment en Ligue 1, plus particuli\u00e8rement \u00e0 Montpellier. Alors que des renseignements auraient \u00e9t\u00e9 pris pour Ga\u00ebtan Laborde, son comp\u00e8re d\u2019attaque du MHSC, Andy Delort, susciterait \u00e9galement l\u2019int\u00e9r\u00eat de l\u2019OM. Mais cela serait peine perdue pour les Phoc\u00e9ens. Pr\u00e9sent en conf\u00e9rence de presse ce mardi, Andy Delort avait entretenu le myst\u00e8re concernant son avenir, l\u00e2chant : \u00ab Est-ce que je suis certain de rester ? On ne sait jamais \u00bb. Du c\u00f4t\u00e9, du c\u00f4t\u00e9 de Montpellier, il n\u2019y en revanche aurait visiblement aucun doute concernant l\u2019international alg\u00e9rien. En effet, en marge du match entre l\u2019OM et Montpellier, selon les informations de Canal+, \u00ab Laurent Nicollin a fait savoir que Delort \u00e9tait intransf\u00e9rable \u00bb. Un d\u00e9part ne serait donc pas \u00e0 l\u2019ordre du jour rapporte Le 10 Sport.<\/p>\n<p><strong>Publi\u00e9 dans :<\/strong> <span>Delort<\/span><\/p>\n<\/div>\n<p>Auteur:<br \/>\n<a href=\"http:\/\/www.lebuteur.com\/article\/detail?titre=montpellier-lavenir-dandy-delort-est-scelle&#038;id=98612&#038;utm_source=feedburner&#038;utm_medium=feed&#038;utm_campaign=Feed%3A+GalerieFArtciles+%28Les+derniers+articles++-+lebuteur.com%29\">Cliquez ici pour lire l&rsquo;article depuis sa source.<\/a><\/p>\n","protected":false},"excerpt":{"rendered":"<p>Auteur : jeudi 07 janvier 2021 15:59 Du c\u00f4t\u00e9 de l\u2019OM, la priorit\u00e9 de ce mercato hivernal est clairement connue : recruter un attaquant axial. Andr\u00e9 Villas-Boas attend avec impatience ce renfort offensif et en coulisse, Pablo Longoria se d\u00e9m\u00e8ne pour trouver l\u2019heureux \u00e9lu. Les pistes se multiplient dans cette qu\u00eate d\u2019un attaquant, et certaines [&hellip;]<\/p>\n","protected":false},"author":1738,"featured_media":0,"comment_status":"closed","ping_status":"closed","sticky":false,"template":"","format":"standard","meta":{"fifu_image_url":"\/\/cdn.lebuteur.com\/data\/images\/article\/thumbs\/large-montpellier-lavenir-dandy-delort-est-scelle-fe201.jpg","fifu_image_alt":"Pros : Montpellier: L\u2019avenir d\u2019Andy Delort est scell\u00e9 !","footnotes":""},"categories":[53,75],"tags":[],"class_list":["post-108871","post","type-post","status-publish","format-standard","hentry","category-algerie","category-sport"],"_links":{"self":[{"href":"https:\/\/linitiative.ca\/International\/wp-json\/wp\/v2\/posts\/108871","targetHints":{"allow":["GET"]}}],"collection":[{"href":"https:\/\/linitiative.ca\/International\/wp-json\/wp\/v2\/posts"}],"about":[{"href":"https:\/\/linitiative.ca\/International\/wp-json\/wp\/v2\/types\/post"}],"author":[{"embeddable":true,"href":"https:\/\/linitiative.ca\/International\/wp-json\/wp\/v2\/users\/1738"}],"replies":[{"embeddable":true,"href":"https:\/\/linitiative.ca\/International\/wp-json\/wp\/v2\/comments?post=108871"}],"version-history":[{"count":0,"href":"https:\/\/linitiative.ca\/International\/wp-json\/wp\/v2\/posts\/108871\/revisions"}],"wp:attachment":[{"href":"https:\/\/linitiative.ca\/International\/wp-json\/wp\/v2\/media?parent=108871"}],"wp:term":[{"taxonomy":"category","embeddable":true,"href":"https:\/\/linitiative.ca\/International\/wp-json\/wp\/v2\/categories?post=108871"},{"taxonomy":"post_tag","embeddable":true,"href":"https:\/\/linitiative.ca\/International\/wp-json\/wp\/v2\/tags?post=108871"}],"curies":[{"name":"wp","href":"https:\/\/api.w.org\/{rel}","templated":true}]}}