{"id":108873,"date":"2021-01-07T04:26:00","date_gmt":"2021-01-07T09:26:00","guid":{"rendered":"https:\/\/linitiative.ca\/International\/leila-farah-mokaddem-une-fierte-tunisienne-nouvelle-directrice-generale-a-la-bad-pour-lafrique-australe\/"},"modified":"2021-01-07T04:26:00","modified_gmt":"2021-01-07T09:26:00","slug":"leila-farah-mokaddem-une-fierte-tunisienne-nouvelle-directrice-generale-a-la-bad-pour-lafrique-australe","status":"publish","type":"post","link":"https:\/\/linitiative.ca\/International\/leila-farah-mokaddem-une-fierte-tunisienne-nouvelle-directrice-generale-a-la-bad-pour-lafrique-australe\/","title":{"rendered":"Le\u00efla Farah Mokaddem, une fiert\u00e9 tunisienne, nouvelle directrice g\u00e9n\u00e9rale \u00e0 la Bad pour l&rsquo;Afrique australe"},"content":{"rendered":"<p><img decoding=\"async\" src=\"\/uploads\/FCK_files\/Leila-Farah-Mokaddem-moy.jpg\" alt=\"\" width=\"30%\" vspace=\"5\" hspace=\"5\" align=\"right\"\/>Une battante, Leila Farah Mokaddem, qui a m\u00e9rit\u00e9 confiance et estime au sein de la Banque africaine de d\u00e9veloppement (BAD), mais aussi en tant que cheffe de bureau en Egypte, puis au Maroc, en 25 ans de carri\u00e8re. Le pr\u00e9sident de la BAD, Dr Adesina vient de la nommer directrice g\u00e9n\u00e9rale pour l\u2019Afrique australe, une r\u00e9gion tr\u00e8s vaste, une mission tr\u00e8s large et des objectifs ambitieux. Cette tunisienne pur produit de l\u2019IHEC Carthage, haut fonctionnaire du minist\u00e8re de l\u2019Economie nationale, pass\u00e9e par le FMI notamment \u00e0 Ha\u00efti est capable d\u2019y r\u00e9ussir. \u00ab Je suis reconnaissante de cette confiance et pleinement d\u00e9termin\u00e9e \u00e0 r\u00e9ussir \u00bb, confie-t-elle. Et d\u2019ajouter : \u00ab c\u2019est une excellente occasion de travailler sous le leadership du pr\u00e9sident Adesina afin de soutenir sa vision et la mise en \u0153uvre de l\u2019agenda de d\u00e9veloppement de l\u2019Afrique tout en renfor\u00e7ant l\u2019engagement de la Banque dans la r\u00e9gion Afrique australe. \u00bb<\/p>\n<p>Dans ses fonctions de directrice g\u00e9n\u00e9rale pour l\u2019Afrique australe, Le\u00efla Farah Mokaddem pilotera le dialogue de haut niveau et les op\u00e9rations de la Banque, en veillant \u00e0 assurer une mise en \u0153uvre efficace, efficiente et r\u00e9ussie des op\u00e9rations dans les pays concern\u00e9s. Elle dirigera et contr\u00f4lera l\u2019adaptation aux exigences sp\u00e9cifiques de chaque pays et op\u00e9ration avec une plus grande efficacit\u00e9, une meilleure optimisation et une valeur ajout\u00e9e dans l\u2019utilisation des ressources afin de g\u00e9n\u00e9rer des retomb\u00e9es en aval au profit des pays membres r\u00e9gionaux (PMR) et du secteur priv\u00e9 dans la r\u00e9gion de l\u2019Afrique australe.<\/p>\n<p>Le pr\u00e9sident Adesina a d\u00e9clar\u00e9 : \u00ab dans le cadre de mon deuxi\u00e8me mandat en tant que pr\u00e9sident de la Banque africaine de d\u00e9veloppement, j\u2019accorde la priorit\u00e9 au soutien, \u00e0 la stabilisation et au renforcement des \u00e9conomies africaines afin qu\u2019elles se remettent sur une trajectoire plus dynamique de croissance et de r\u00e9silience \u00e9conomiques. Le\u00efla soutiendra ma vision et ma volont\u00e9 de renforcer l\u2019impact des op\u00e9rations et de l\u2019appui consultatif de la Banque sur le d\u00e9veloppement dans la r\u00e9gion de l\u2019Afrique australe. C\u2019est une professionnelle tr\u00e8s respect\u00e9e, qui a un solide parcours dans la gestion des engagements strat\u00e9giques de la Banque dans nos pays membres r\u00e9gionaux. \u00bb<\/p>\n<h2>Qui est Leila Farah Mokaddem<\/h2>\n<p><img decoding=\"async\" src=\"\/uploads\/FCK_files\/Leila-Farah-Mokaddem-moy1.jpg\" alt=\"\" width=\"25%\" vspace=\"5\" hspace=\"5\" align=\"right\"\/>Ancienne directrice des politiques et strat\u00e9gies d\u2019exportation au minist\u00e8re des Finances en Tunisie (1984-1996), Leila Mokaddem, IHEC Tunis, avait servi au Fonds mon\u00e9taire international comme conseill\u00e8re du ministre des Finances de Ha\u00efti. Le pr\u00e9sident de la R\u00e9publique de Ha\u00efti l\u2019a ensuite nomm\u00e9e conseill\u00e8re de la commission pr\u00e9sidentielle charg\u00e9e d\u2019\u00e9laborer un nouveau code des investissements, entre autres fonctions consultatives. Entre 1998 et 2002, elle travaill\u00e9 comme consultante pour plusieurs organisations internationales, dont la Banque mondiale et la Banque arabe pour le d\u00e9veloppement \u00e9conomique en Afrique.\u00a0<\/p>\n<p>Mokaddem a fait ses \u00e9tudes de commerce, finance, administration et gestion du secteur public \u00e0 l\u2019Institut des Hautes \u00c9tudes Commerciales de Tunis. Elle est \u00e9galement titulaire d\u2019un master de commerce international et de politique commerciale ext\u00e9rieure \u00e0 l\u2019Institut Sup\u00e9rieur de Gestion de Tunis.<\/p>\n<p>Auteur:<br \/>\n<a href=\"https:\/\/www.leaders.com.tn\/article\/31207-leila-farah-mokaddem-une-fierte-tunisienne-nouvelle-directrice-generale-a-la-bad-pour-l-afrique-australe\">Cliquez ici pour lire l&rsquo;article depuis sa source.<\/a><\/p>\n","protected":false},"excerpt":{"rendered":"<p>Une battante, Leila Farah Mokaddem, qui a m\u00e9rit\u00e9 confiance et estime au sein de la Banque africaine de d\u00e9veloppement (BAD), mais aussi en tant que cheffe de bureau en Egypte, puis au Maroc, en 25 ans de carri\u00e8re. Le pr\u00e9sident de la BAD, Dr Adesina vient de la nommer directrice g\u00e9n\u00e9rale pour l\u2019Afrique australe, une [&hellip;]<\/p>\n","protected":false},"author":1772,"featured_media":0,"comment_status":"closed","ping_status":"closed","sticky":false,"template":"","format":"standard","meta":{"fifu_image_url":"\/uploads\/FCK_files\/Leila-Farah-Mokaddem-moy.jpg","fifu_image_alt":"<div>Le\u00efla Farah Mokaddem, une fiert\u00e9 tunisienne, nouvelle directrice g\u00e9n\u00e9rale \u00e0 la Bad pour l'Afrique australe<\/div>","footnotes":""},"categories":[73,55],"tags":[],"class_list":["post-108873","post","type-post","status-publish","format-standard","hentry","category-actualite","category-tunisie"],"_links":{"self":[{"href":"https:\/\/linitiative.ca\/International\/wp-json\/wp\/v2\/posts\/108873","targetHints":{"allow":["GET"]}}],"collection":[{"href":"https:\/\/linitiative.ca\/International\/wp-json\/wp\/v2\/posts"}],"about":[{"href":"https:\/\/linitiative.ca\/International\/wp-json\/wp\/v2\/types\/post"}],"author":[{"embeddable":true,"href":"https:\/\/linitiative.ca\/International\/wp-json\/wp\/v2\/users\/1772"}],"replies":[{"embeddable":true,"href":"https:\/\/linitiative.ca\/International\/wp-json\/wp\/v2\/comments?post=108873"}],"version-history":[{"count":0,"href":"https:\/\/linitiative.ca\/International\/wp-json\/wp\/v2\/posts\/108873\/revisions"}],"wp:attachment":[{"href":"https:\/\/linitiative.ca\/International\/wp-json\/wp\/v2\/media?parent=108873"}],"wp:term":[{"taxonomy":"category","embeddable":true,"href":"https:\/\/linitiative.ca\/International\/wp-json\/wp\/v2\/categories?post=108873"},{"taxonomy":"post_tag","embeddable":true,"href":"https:\/\/linitiative.ca\/International\/wp-json\/wp\/v2\/tags?post=108873"}],"curies":[{"name":"wp","href":"https:\/\/api.w.org\/{rel}","templated":true}]}}