{"id":108876,"date":"2021-01-07T15:40:00","date_gmt":"2021-01-07T20:40:00","guid":{"rendered":"https:\/\/linitiative.ca\/International\/deces-du-depute-mabrouk-khachnaoui\/"},"modified":"2021-01-07T15:40:00","modified_gmt":"2021-01-07T20:40:00","slug":"deces-du-depute-mabrouk-khachnaoui","status":"publish","type":"post","link":"https:\/\/linitiative.ca\/International\/deces-du-depute-mabrouk-khachnaoui\/","title":{"rendered":"D\u00e9c\u00e8s du d\u00e9put\u00e9 Mabrouk Khachnaoui"},"content":{"rendered":"<p>Le d\u00e9put\u00e9 Mabrouk Khachnaoui est d\u00e9c\u00e9d\u00e9 ce jeudi 7 janvier. Originaire de Sbeitla dans le gouvernorat de Kasserine, cet homme d&rsquo;affaires fut candidat \u00e0 la d\u00e9putation aux derni\u00e8res \u00e9lections l\u00e9gistatives.Elu en tant qu&rsquo;ind\u00e9pendant, il rallia le parti de Nabil Karoui, Qalb Toun\u00e8s.<\/p>\n<p>Auteur:<br \/>\n<a href=\"https:\/\/www.leaders.com.tn\/article\/31212-deces-du-depute-mabrouk-khachnaoui\">Cliquez ici pour lire l&rsquo;article depuis sa source.<\/a><\/p>\n","protected":false},"excerpt":{"rendered":"<p>Le d\u00e9put\u00e9 Mabrouk Khachnaoui est d\u00e9c\u00e9d\u00e9 ce jeudi 7 janvier. Originaire de Sbeitla dans le gouvernorat de Kasserine, cet homme d&rsquo;affaires fut candidat \u00e0 la d\u00e9putation aux derni\u00e8res \u00e9lections l\u00e9gistatives.Elu en tant qu&rsquo;ind\u00e9pendant, il rallia le parti de Nabil Karoui, Qalb Toun\u00e8s. Auteur: Cliquez ici pour lire l&rsquo;article depuis sa source.<\/p>\n","protected":false},"author":1772,"featured_media":0,"comment_status":"closed","ping_status":"closed","sticky":false,"template":"","format":"standard","meta":{"fifu_image_url":"","fifu_image_alt":"","footnotes":""},"categories":[73,55],"tags":[],"class_list":["post-108876","post","type-post","status-publish","format-standard","hentry","category-actualite","category-tunisie"],"_links":{"self":[{"href":"https:\/\/linitiative.ca\/International\/wp-json\/wp\/v2\/posts\/108876","targetHints":{"allow":["GET"]}}],"collection":[{"href":"https:\/\/linitiative.ca\/International\/wp-json\/wp\/v2\/posts"}],"about":[{"href":"https:\/\/linitiative.ca\/International\/wp-json\/wp\/v2\/types\/post"}],"author":[{"embeddable":true,"href":"https:\/\/linitiative.ca\/International\/wp-json\/wp\/v2\/users\/1772"}],"replies":[{"embeddable":true,"href":"https:\/\/linitiative.ca\/International\/wp-json\/wp\/v2\/comments?post=108876"}],"version-history":[{"count":0,"href":"https:\/\/linitiative.ca\/International\/wp-json\/wp\/v2\/posts\/108876\/revisions"}],"wp:attachment":[{"href":"https:\/\/linitiative.ca\/International\/wp-json\/wp\/v2\/media?parent=108876"}],"wp:term":[{"taxonomy":"category","embeddable":true,"href":"https:\/\/linitiative.ca\/International\/wp-json\/wp\/v2\/categories?post=108876"},{"taxonomy":"post_tag","embeddable":true,"href":"https:\/\/linitiative.ca\/International\/wp-json\/wp\/v2\/tags?post=108876"}],"curies":[{"name":"wp","href":"https:\/\/api.w.org\/{rel}","templated":true}]}}