{"id":108878,"date":"2021-01-07T05:00:00","date_gmt":"2021-01-07T10:00:00","guid":{"rendered":"https:\/\/linitiative.ca\/International\/revoila-boulahia-et-fellahi\/"},"modified":"2021-01-07T05:00:00","modified_gmt":"2021-01-07T10:00:00","slug":"revoila-boulahia-et-fellahi","status":"publish","type":"post","link":"https:\/\/linitiative.ca\/International\/revoila-boulahia-et-fellahi\/","title":{"rendered":"Revoil\u00e0 Boulahia et Fellahi !"},"content":{"rendered":"<p>Absents depuis pratiquement un mois, Mohammed-Zakaria Boulahia et Hadj Habib Sa\u00efd Fellahi, les deux Canaris ont refait leur apparition sur le terrain, mardi, \u00e0 l\u2019occasion du match retour de la coupe de la CAF au stade de Tizi-Ouzou. Si Boulahia, \u00e9loign\u00e9 des terrains \u00e0 cause de sa blessure \u00e0 la cheville, ce n\u2019est pas le cas de Fellahi qui est \u00e9cart\u00e9 par le coach Bouzidi.<br \/>Ainsi, Zakaria Boulahia, l\u2019une des derni\u00e8res recrues de la JS Kabylie durant le dernier mercato estival, en provenance d\u2019Espagne, avait laiss\u00e9 une bonne impression lors des deux premi\u00e8res rencontres, notamment face MC Oran (2e journ\u00e9e) au stade Zabana, avant de se blesser. Et depuis, il n\u2019a pas \u00e9t\u00e9 convoqu\u00e9 par l&rsquo;entra\u00eeneur Bouzidi. Idem pour Sa\u00efd Fellahi dont la derni\u00e8re apparition remonte \u00e9galement \u00e0 la rencontre face au MCO le 4 d\u00e9cembre au stade Zabana, remplac\u00e9 \u00e0 la mi-temps.<br \/>L\u2019ancien entra\u00eeneur de la JSK, Bouzidi, qui devait reprocher au joueur sa possession excessive de ballon, ne l&rsquo;a pas convoqu\u00e9 depuis jusqu\u2019au match retour du 2e tour de la coupe de la CAF, mardi, soit le dernier match du coach. Boulahia et Fellahi ont ainsi \u00e9t\u00e9 incorpor\u00e9s, simultan\u00e9ment \u00e0 la seconde p\u00e9riode (58\u2019) face \u00e0 l\u2019US Gendarmerie Nationale. Sur les r\u00e9seaux sociaux, ils sont nombreux \u00e0 saluer les retours de l\u2019ancien attaquant du Real Murcie (D3 espagnole) et de l\u2019ancien ailier droit de l&rsquo;ASO Chlef. Boulahia, qui ne semble pas retrouver encore ses facult\u00e9s, s\u2019est toutefois montr\u00e9 entreprenant, sans concr\u00e9tiser. Form\u00e9 \u00e0 l\u2019Atl\u00e9tico Madrid, le n\u00e9o-avant centre du club kabyle promet de faire une belle saison. \u00abJe ferai tout pour \u00eatre \u00e0 la hauteur des attentes. Ma r\u00e9ponse sera sur le terrain et je t\u00e2cherai de marquer beaucoup de buts, un bon rendement et des victoires\u00bb, avait-il d\u00e9clar\u00e9 \u00e0 son arriv\u00e9e \u00e0 la JSK.<br \/>Pour le cas Fellahi, il avait \u00e9t\u00e9 \u00e9cart\u00e9 depuis sa rencontre face au MCO. Ayant occup\u00e9 le couloir droit, ce jour-l\u00e0, Fellahi avait r\u00e9ussi de belles remont\u00e9es avec le ballon avec quelques incursions, mal exploit\u00e9es. La raison que tout le monde lui reprochait est de trop garder le ballon, au point que l\u2019entra\u00eeneur des Canaris a d\u00fb le remplacer \u00e0 la mi-temps par\u2026 Bensayah. Apr\u00e8s plus d\u2019un mois d\u2019absence, les deux \u00e9l\u00e9ments devraient \u00eatre convoqu\u00e9s pour la prochaine sortie des Jaune et vert face \u00e0 l\u2019USM Alger, lundi en match de la 7e journ\u00e9e de Ligue 1.<\/p>\n<p><strong>Kadour Cherif et Raiah critiqu\u00e9s<br \/><\/strong>Kadour Cherif et Raiah, qui ont \u00e9t\u00e9 remplac\u00e9s \u00e0 la 58\u2019 respectivement par Zakaria Boulahia et Sa\u00efd Fellahi, ont \u00e9t\u00e9 critiqu\u00e9s sur les r\u00e9seaux sociaux par les supporters. \u00abLes deux joueurs ne m\u00e9ritent pas d&rsquo;\u00eatre \u00e0 la JSK. Avec tous mes respects\u00bb ou encore \u00abJ&rsquo;ai confirm\u00e9 aujourd&rsquo;hui qu&rsquo;on a un autre Ghazal.<br \/>Face \u00e0 face, il l&rsquo;a jet\u00e9 dehors (ratage de Kaddour Cherif \u00e0 la 4\u2019)\u00bb, \u00abUn recrutement rat\u00e9. Un Kaddour Cherif par exemple, c&rsquo;est comme un arbre ambulant vraiment catastrophique\u00bb,<br \/>\u00abLes deux (Kaddour Cherif et Raiah) m\u00e9ritent d&rsquo;\u00eatre lib\u00e9r\u00e9s au plus vite, mercato hivernal\u00bb, tels sont les quelques commentaires sur la page Facebook de la JSK sur le rendement des deux \u00e9l\u00e9ments.<br \/>A. A.<\/p>\n<p>Il a \u00e9t\u00e9 apostroph\u00e9 par un groupe de supporters<br \/><strong>Iboud annule sa conf\u00e9rence de presse<br \/><\/strong>Miloud Iboud, le porte-parole de la JS Kabylie, qui devait tenir un point de presse hier, mercredi, au si\u00e8ge du club, a d\u00fb l&rsquo;annuler au dernier moment.<br \/>Apostroph\u00e9 par un groupe de supporters \u00e0 l\u2019entr\u00e9e du si\u00e8ge du club, qui, selon la direction de la JSK, lui a manqu\u00e9 de respect, Iboud d\u00e9cide d\u2019annuler son point de presse et de quitter les lieux, se sentant \u00aboffusqu\u00e9 et touch\u00e9 dans son amour propre par des propos d\u00e9chirants venant d&rsquo;un supporter qui lui a balanc\u00e9 \u00abToi, tu ne fais pas partie de l&rsquo;histoire de la JSK\u00bb.<br \/>Ce groupe d\u2019une vingtaine d\u2019individus, qui a demand\u00e9 \u00e0 parler avec les dirigeants de la JSK, a eu un \u00e9change verbal avec Iboud.<br \/>\u00abUn \u00e9change auquel, malheureusement, il a \u00e9t\u00e9 contraint de mettre un terme, au bout de dix minutes de discussions et ce apr\u00e8s qu&rsquo;il s&rsquo;est senti bless\u00e9 par un des pr\u00e9sents qui a port\u00e9 atteinte \u00e0 sa dignit\u00e9 et \u00e0 son honneur\u00bb, indique la JSK qui d\u00e9nonce ce genre de comportement.<br \/>La direction de la JSK ne restera pas les bras crois\u00e9s pour d\u00e9noncer et se r\u00e9serve le droit d&rsquo;user des moyens l\u00e9gaux afin de mettre un terme \u00e0 ces passe droits et d\u00e9passements, venant de certains individus aux vis\u00e9es bien connues\u00bb, poursuit la direction de Mellal.<br \/>Ces derniers temps, des appels \u00e0 des sit-in ont \u00e9t\u00e9 lanc\u00e9s dans les r\u00e9seaux sociaux pour exiger le d\u00e9part du comit\u00e9 directeur de Ch\u00e9rif Mellal, notamment depuis la d\u00e9cision de se s\u00e9parer de l&rsquo;entra\u00eeneur Bouzidi.<br \/>A. A.<\/p>\n<p><strong>Denis Lavagne attendu aujourd\u2019hui<br \/><\/strong>Alors qu\u2019il \u00e9tait attendu pour hier, mercredi, le nouvel entra\u00eeneur de la JSK, le Fran\u00e7ais Denis Lavagne est finalement attendu aujourd\u2019hui \u00e0 Alger, apr\u00e8s avoir obtenu son visa d\u2019entr\u00e9e en Alg\u00e9rie. L\u2019ancien coach du CS Constantine devrait ainsi succ\u00e9der \u00e0 Youcef Bouzidi, limog\u00e9 mardi, apr\u00e8s la victoire des Canaris face \u00e0 l\u2019US Gendarmerie nationale du Niger. Un d\u00e9part qui a surpris plus d\u2019un, notamment les supporters de la JSK. Denis Lavagne devrait signer un contrat jusqu\u2019\u00e0 la fin de la saison en cours. Il sera le 3e entra\u00eeneur \u00e0 prendre en main la barre technique de la JSK depuis la premi\u00e8re journ\u00e9e, apr\u00e8s le Tunisien Yemen Zelfani, limog\u00e9 \u00e0 l\u2019issue de la premi\u00e8re journ\u00e9e et de Youcef Bouzidi.<br \/>A. A.<\/p>\n<p>Auteur:<br \/>\n<a href=\"https:\/\/www.lesoirdalgerie.com\/sports\/revoila-boulahia-et-fellahi-54275\">Cliquez ici pour lire l&rsquo;article depuis sa source.<\/a><\/p>\n","protected":false},"excerpt":{"rendered":"<p>Absents depuis pratiquement un mois, Mohammed-Zakaria Boulahia et Hadj Habib Sa\u00efd Fellahi, les deux Canaris ont refait leur apparition sur le terrain, mardi, \u00e0 l\u2019occasion du match retour de la coupe de la CAF au stade de Tizi-Ouzou. Si Boulahia, \u00e9loign\u00e9 des terrains \u00e0 cause de sa blessure \u00e0 la cheville, ce n\u2019est pas le [&hellip;]<\/p>\n","protected":false},"author":1741,"featured_media":0,"comment_status":"closed","ping_status":"closed","sticky":false,"template":"","format":"standard","meta":{"fifu_image_url":"","fifu_image_alt":"","footnotes":""},"categories":[73,53],"tags":[],"class_list":["post-108878","post","type-post","status-publish","format-standard","hentry","category-actualite","category-algerie"],"_links":{"self":[{"href":"https:\/\/linitiative.ca\/International\/wp-json\/wp\/v2\/posts\/108878","targetHints":{"allow":["GET"]}}],"collection":[{"href":"https:\/\/linitiative.ca\/International\/wp-json\/wp\/v2\/posts"}],"about":[{"href":"https:\/\/linitiative.ca\/International\/wp-json\/wp\/v2\/types\/post"}],"author":[{"embeddable":true,"href":"https:\/\/linitiative.ca\/International\/wp-json\/wp\/v2\/users\/1741"}],"replies":[{"embeddable":true,"href":"https:\/\/linitiative.ca\/International\/wp-json\/wp\/v2\/comments?post=108878"}],"version-history":[{"count":0,"href":"https:\/\/linitiative.ca\/International\/wp-json\/wp\/v2\/posts\/108878\/revisions"}],"wp:attachment":[{"href":"https:\/\/linitiative.ca\/International\/wp-json\/wp\/v2\/media?parent=108878"}],"wp:term":[{"taxonomy":"category","embeddable":true,"href":"https:\/\/linitiative.ca\/International\/wp-json\/wp\/v2\/categories?post=108878"},{"taxonomy":"post_tag","embeddable":true,"href":"https:\/\/linitiative.ca\/International\/wp-json\/wp\/v2\/tags?post=108878"}],"curies":[{"name":"wp","href":"https:\/\/api.w.org\/{rel}","templated":true}]}}