{"id":108881,"date":"2021-01-07T05:00:00","date_gmt":"2021-01-07T10:00:00","guid":{"rendered":"https:\/\/linitiative.ca\/International\/la-commission-de-reforme-des-oeuvres-universitaires-installee\/"},"modified":"2021-01-07T05:00:00","modified_gmt":"2021-01-07T10:00:00","slug":"la-commission-de-reforme-des-oeuvres-universitaires-installee","status":"publish","type":"post","link":"https:\/\/linitiative.ca\/International\/la-commission-de-reforme-des-oeuvres-universitaires-installee\/","title":{"rendered":"La commission de r\u00e9forme des \u0153uvres universitaires install\u00e9e"},"content":{"rendered":"<p>Le chantier de la r\u00e9forme des \u0153uvres universitaires est lanc\u00e9. Une commission est install\u00e9e au niveau du minist\u00e8re de l\u2019Enseignement sup\u00e9rieur. Ses seize membres ont pour mission de proposer une nouvelle vision, qu\u2019il s\u2019agisse d\u2019h\u00e9bergement des \u00e9tudiants, de restauration ou de transport. En ao\u00fbt dernier, le pr\u00e9sident de la R\u00e9publique donnait des instructions en faveur d\u2019une r\u00e9forme \u00ab structurelle \u00bb des \u0153uvres universitaires. Ces derni\u00e8res constituent, depuis des ann\u00e9es, un v\u00e9ritable point noir.<br \/>Nawal Im\u00e8s &#8211; Alger (Le Soir) &#8211; Qu\u2019il s\u2019agisse, en effet, d\u2019h\u00e9bergement, de restauration ou de transport, les services fournis par les \u0153uvres universitaires sont, depuis des ann\u00e9es, plus qu\u2019insatisfaisants. Les plaintes des \u00e9tudiants sont devenues r\u00e9currentes, en d\u00e9pit des sommes colossales englouties. En ao\u00fbt dernier, au cours d\u2019un Conseil des ministres, le pr\u00e9sident de la R\u00e9publique appelait \u00e0 \u00ab proc\u00e9der \u00e0 des r\u00e9formes structurelles profondes \u00bb et ce, \u00ab dans les plus brefs d\u00e9lais \u00bb.<br \/>Le chef de l\u2019\u00c9tat \u00e9voquait alors \u00ab la rationalisation des d\u00e9penses et l\u2019am\u00e9lioration des prestations fournies aux \u00e9tudiants, allant de l\u2019h\u00e9bergement au transport \u00bb, insistant sur \u00ab le besoin de proc\u00e9der \u00e0 la r\u00e9vision du dispositif de transport universitaire, et d\u2019envisager de nouvelles solutions qui \u00e9vitent les situations de monopole et favorisent la concurrence \u00bb.<br \/>Plus de quatre mois plus tard, le ministre de l\u2019Enseignement sup\u00e9rieur proc\u00e9dait \u00e0 l\u2019installation d\u2019une commission de r\u00e9flexion sur la r\u00e9forme des \u0153uvres universitaires.<br \/>Compos\u00e9e de seize membres, cette commission compte les pr\u00e9sidents des conf\u00e9rences r\u00e9gionales universitaires, les directeurs centraux du minist\u00e8re, le directeur g\u00e9n\u00e9ral de l\u2019Office national des \u0153uvres universitaires, les directeurs des \u0153uvres universitaires de certaines wilayas, ainsi que les experts du Centre de recherche en \u00e9conomie appliqu\u00e9e pour le d\u00e9veloppement.<br \/>Les membres de ladite commission pourront faire appel \u00e0 tous les experts en mesure de proposer des solutions, en s\u2019inspirant des exp\u00e9riences d\u00e9j\u00e0 men\u00e9es en la mati\u00e8re. Ils pourront \u00e9galement s\u2019adosser sur les enqu\u00eates et autres sondages d\u2019opinion effectu\u00e9s.<br \/>Pour le ministre de l\u2019Enseignement sup\u00e9rieur, la r\u00e9forme devra inclure tant l\u2019h\u00e9bergement, la restauration, le transport, que la bourse.<br \/>Abdelbaki Benziane assure que \u00ab l\u2019objectif \u00e0 court terme est l\u2019am\u00e9lioration de la situation actuelle des \u0153uvres universitaires, mais \u00e0 moyen terme, nous ferons un profond projet de r\u00e9forme des \u0153uvres universitaires \u00bb.<br \/>Le Premier ministre avait, pour sa part, plaid\u00e9 pour une \u00ab vision int\u00e9gr\u00e9e et compl\u00e9mentaire pour la r\u00e9forme du syst\u00e8me des \u0153uvres universitaires, selon une approche globale dans sa conception.<br \/>Elle devra \u00eatre participative dans sa d\u00e9marche, et progressive dans les m\u00e9canismes de son ex\u00e9cution et ce, par un diagnostic pr\u00e9cis et objectif, \u00e0 l\u2019effet d\u2019am\u00e9liorer la qualit\u00e9 des services au profit de l\u2019\u00e9tudiant, en termes d\u2019h\u00e9bergement, de restauration, d\u2019activit\u00e9s culturelles et sportives et de couverture sanitaire \u00bb.<br \/>Actuellement, les \u0153uvres universitaires assurent la restauration \u00e0 plus d\u2019un million d\u2019\u00e9tudiants, plus de 900 000 sont transport\u00e9s, alors que plus de 400 000 sont h\u00e9berg\u00e9s dans les cit\u00e9s universitaires. Si les prestations sont quasi gratuites, la qualit\u00e9, quant \u00e0 elle, laisse \u00e0 d\u00e9sirer depuis bien longtemps d\u00e9j\u00e0.<br \/>Les membres de la commission de r\u00e9formes devront alors trancher les questions des prix appliqu\u00e9s, des co\u00fbts des services propos\u00e9s pour sortir de la vision purement sociale qui a montr\u00e9 ses limites.<br \/>N. I.<\/p>\n<p>Auteur:<br \/>\n<a href=\"https:\/\/www.lesoirdalgerie.com\/actualites\/la-commission-de-reforme-des-oeuvres-universitaires-installee-54272\">Cliquez ici pour lire l&rsquo;article depuis sa source.<\/a><\/p>\n","protected":false},"excerpt":{"rendered":"<p>Le chantier de la r\u00e9forme des \u0153uvres universitaires est lanc\u00e9. Une commission est install\u00e9e au niveau du minist\u00e8re de l\u2019Enseignement sup\u00e9rieur. Ses seize membres ont pour mission de proposer une nouvelle vision, qu\u2019il s\u2019agisse d\u2019h\u00e9bergement des \u00e9tudiants, de restauration ou de transport. En ao\u00fbt dernier, le pr\u00e9sident de la R\u00e9publique donnait des instructions en faveur [&hellip;]<\/p>\n","protected":false},"author":1741,"featured_media":0,"comment_status":"closed","ping_status":"closed","sticky":false,"template":"","format":"standard","meta":{"fifu_image_url":"","fifu_image_alt":"","footnotes":""},"categories":[73,53],"tags":[],"class_list":["post-108881","post","type-post","status-publish","format-standard","hentry","category-actualite","category-algerie"],"_links":{"self":[{"href":"https:\/\/linitiative.ca\/International\/wp-json\/wp\/v2\/posts\/108881","targetHints":{"allow":["GET"]}}],"collection":[{"href":"https:\/\/linitiative.ca\/International\/wp-json\/wp\/v2\/posts"}],"about":[{"href":"https:\/\/linitiative.ca\/International\/wp-json\/wp\/v2\/types\/post"}],"author":[{"embeddable":true,"href":"https:\/\/linitiative.ca\/International\/wp-json\/wp\/v2\/users\/1741"}],"replies":[{"embeddable":true,"href":"https:\/\/linitiative.ca\/International\/wp-json\/wp\/v2\/comments?post=108881"}],"version-history":[{"count":0,"href":"https:\/\/linitiative.ca\/International\/wp-json\/wp\/v2\/posts\/108881\/revisions"}],"wp:attachment":[{"href":"https:\/\/linitiative.ca\/International\/wp-json\/wp\/v2\/media?parent=108881"}],"wp:term":[{"taxonomy":"category","embeddable":true,"href":"https:\/\/linitiative.ca\/International\/wp-json\/wp\/v2\/categories?post=108881"},{"taxonomy":"post_tag","embeddable":true,"href":"https:\/\/linitiative.ca\/International\/wp-json\/wp\/v2\/tags?post=108881"}],"curies":[{"name":"wp","href":"https:\/\/api.w.org\/{rel}","templated":true}]}}