{"id":108882,"date":"2021-01-07T13:37:01","date_gmt":"2021-01-07T18:37:01","guid":{"rendered":"https:\/\/linitiative.ca\/International\/maroc-lannee-des-defis\/"},"modified":"2021-01-07T13:37:01","modified_gmt":"2021-01-07T18:37:01","slug":"maroc-lannee-des-defis","status":"publish","type":"post","link":"https:\/\/linitiative.ca\/International\/maroc-lannee-des-defis\/","title":{"rendered":"Maroc. L\u2019ann\u00e9e des d\u00e9fis"},"content":{"rendered":"<p><strong>Le Maroc, \u00e0 l\u2019instar de tous les pays du monde, doit g\u00e9rer \u00e0 la fois la pand\u00e9mie sur le plan sanitaire, l\u2019impact \u00e9conomique, les relents sociaux. Ce n\u2019est pas une \u00e9quation facile.<\/strong><\/p>\n<div class=\"c10\"\/>\n<p>Mais, et il faut le souligner, nous avons un vrai probl\u00e8me de la communication avec l\u2019ex\u00e9cutif. O\u00f9 sont les vaccins\u00a0? On n\u2019en sait rien, ils devaient arriver en d\u00e9cembre, la logistique est pr\u00eate, d\u2019apr\u00e8s ce qu\u2019on nous dit, quel est le probl\u00e8me avec les Chinois, le ministre de la Sant\u00e9 consid\u00e8re que nous n\u2019avons pas le droit de savoir. Or sans vaccination, nous ne retrouverons pas une activit\u00e9 \u00e9conomique viable. Si on ne r\u00e9ussit pas \u00e0 cr\u00e9er une adh\u00e9sion autour du vaccin, le Maroc souffrira, or l\u2019adh\u00e9sion a besoin de transparence.<\/p>\n<p><strong>Lire aussi| <a href=\"https:\/\/www.challenge.ma\/energies-renouvelables-la-construction-du-parc-eolien-de-midelt-achevee-171236\/\">Energies renouvelables : la construction du parc \u00e9olien de Midelt achev\u00e9e<\/a><\/strong><\/p>\n<p>L\u2019Etat tente de soutenir les secteurs \u00e9conomiques les plus touch\u00e9s au-del\u00e0 de ses possibilit\u00e9s. C\u2019est un effort titanesque, qui doit \u00eatre soulign\u00e9 en tant que tel. Le d\u00e9fi c\u2019est de remettre la machine en marche, il est clair que nous en avons des centaines de milliers de familles qui n\u2019ont plus aucun revenu. C\u2019est une situation sociale inextricable.<\/p>\n<p>L\u2019ann\u00e9e qui s\u2019ouvre, doit obliger nos dirigeants \u00e0 r\u00e9pondre \u00e0 ces 3 d\u00e9fis. Le sanitaire, l\u2019\u00e9conomique et le social ne peuvent plus \u00eatre segment\u00e9s, il faut une vision d\u2019ensemble. Dans les p\u00e9riodes de crise, ceux qui s\u2019en sortent le mieux, sont ceux qui se projettent dans l\u2019avenir et qui saisissent les opportunit\u00e9s qui s\u2019offrent. Il ne faut pas c\u00e9der aux difficult\u00e9s du moment et maintenir le cap.<\/p>\n<p><strong>Lire aussi| <a href=\"https:\/\/www.challenge.ma\/ceva-logistics-acquiert-asti-group-171337\/\">Ceva Logistics acquiert Asti Group<\/a><\/strong><\/p>\n<p>Or quel est le cap annonc\u00e9\u00a0?<\/p>\n<p>R\u00e9gler la question sanitaire d\u2019abord, on y arrivera malgr\u00e9 les retards.<\/p>\n<p>Ensuite, par la formation, la simplification des proc\u00e9dures administratives, donner un coup d\u2019acc\u00e9l\u00e9rateur \u00e0 l\u2019\u00e9conomie, enfin g\u00e9n\u00e9raliser la protection sociale. Banco, allons-y.<\/p>\n<p>Que cette ann\u00e9e soit celle d\u2019\u00e9lections est tr\u00e8s subalterne.<\/p>\n<p>Le plus important, c\u2019est que c\u2019est l\u2019ann\u00e9e de tous les d\u00e9fis et que nous devons les relever. Ce n\u2019est pas juste la responsabilit\u00e9 des politiques, mais de tout citoyen.<\/p>\n<p>Auteur: challenge<br \/>\n<a href=\"https:\/\/www.challenge.ma\/lannee-des-defis-171366\/\">Cliquez ici pour lire l&rsquo;article depuis sa source.<\/a><\/p>\n","protected":false},"excerpt":{"rendered":"<p>Le Maroc, \u00e0 l\u2019instar de tous les pays du monde, doit g\u00e9rer \u00e0 la fois la pand\u00e9mie sur le plan sanitaire, l\u2019impact \u00e9conomique, les relents sociaux. Ce n\u2019est pas une \u00e9quation facile. Mais, et il faut le souligner, nous avons un vrai probl\u00e8me de la communication avec l\u2019ex\u00e9cutif. O\u00f9 sont les vaccins\u00a0? On n\u2019en sait [&hellip;]<\/p>\n","protected":false},"author":1787,"featured_media":0,"comment_status":"closed","ping_status":"closed","sticky":false,"template":"","format":"standard","meta":{"fifu_image_url":"","fifu_image_alt":"","footnotes":""},"categories":[78,54],"tags":[],"class_list":["post-108882","post","type-post","status-publish","format-standard","hentry","category-economie","category-maroc"],"_links":{"self":[{"href":"https:\/\/linitiative.ca\/International\/wp-json\/wp\/v2\/posts\/108882","targetHints":{"allow":["GET"]}}],"collection":[{"href":"https:\/\/linitiative.ca\/International\/wp-json\/wp\/v2\/posts"}],"about":[{"href":"https:\/\/linitiative.ca\/International\/wp-json\/wp\/v2\/types\/post"}],"author":[{"embeddable":true,"href":"https:\/\/linitiative.ca\/International\/wp-json\/wp\/v2\/users\/1787"}],"replies":[{"embeddable":true,"href":"https:\/\/linitiative.ca\/International\/wp-json\/wp\/v2\/comments?post=108882"}],"version-history":[{"count":0,"href":"https:\/\/linitiative.ca\/International\/wp-json\/wp\/v2\/posts\/108882\/revisions"}],"wp:attachment":[{"href":"https:\/\/linitiative.ca\/International\/wp-json\/wp\/v2\/media?parent=108882"}],"wp:term":[{"taxonomy":"category","embeddable":true,"href":"https:\/\/linitiative.ca\/International\/wp-json\/wp\/v2\/categories?post=108882"},{"taxonomy":"post_tag","embeddable":true,"href":"https:\/\/linitiative.ca\/International\/wp-json\/wp\/v2\/tags?post=108882"}],"curies":[{"name":"wp","href":"https:\/\/api.w.org\/{rel}","templated":true}]}}