{"id":108884,"date":"2021-01-07T16:23:05","date_gmt":"2021-01-07T21:23:05","guid":{"rendered":"https:\/\/linitiative.ca\/International\/tunisie-bechir-akremi-un-ancien-ministre-de-la-justice-ma-demande-daccuser-les-personnalites-dennahda-dans-laffaire-de-belaid\/"},"modified":"2021-01-07T16:23:05","modified_gmt":"2021-01-07T21:23:05","slug":"tunisie-bechir-akremi-un-ancien-ministre-de-la-justice-ma-demande-daccuser-les-personnalites-dennahda-dans-laffaire-de-belaid","status":"publish","type":"post","link":"https:\/\/linitiative.ca\/International\/tunisie-bechir-akremi-un-ancien-ministre-de-la-justice-ma-demande-daccuser-les-personnalites-dennahda-dans-laffaire-de-belaid\/","title":{"rendered":"Tunisie-Bechir Akremi: \u201cUn ancien ministre de la Justice m\u2019a demand\u00e9 d\u2019accuser les personnalit\u00e9s d\u2019Ennahda dans l\u2019affaire de Belaid\u201d"},"content":{"rendered":"<div class=\"post-cont-in left relative\">\n<div id=\"post-info-wrap\" class=\"left relative post-info-out\">\n<div class=\"post-info-img left relative\"><img loading=\"lazy\" decoding=\"async\" alt=\"\" src=\"https:\/\/secure.gravatar.com\/avatar\/ea481d7287ad38ca1787f44b5bb1b70e?s=50&amp;d=mm&amp;r=g\" srcset=\"https:\/\/secure.gravatar.com\/avatar\/ea481d7287ad38ca1787f44b5bb1b70e?s=100&amp;d=mm&amp;r=g 2x\" class=\"avatar avatar-50 photo\" height=\"50\" width=\"50\"\/><\/div>\n<div class=\"post-info-in\">\n<div class=\"post-info-right left relative post-info-name left relative\"><span><span class=\"post-info-text\">Par<\/span> <span class=\"author-name vcard fn author\"><a href=\"https:\/\/www.tunisienumerique.com\/author\/rania-ben-slimane\/\" title=\"Articles par rania ben slimane\" rel=\"author\">rania ben slimane<\/a><\/span><\/span> <span class=\"post-date updated\"><time class=\"post-date updated\" datetime=\"2021-01-07\">\u00a0| Il y a 2 minutes<\/time><\/span><\/div>\n<div class=\"left relative\"><button id=\"listenButton1\" class=\"responsivevoice-button\" type=\"button\" value=\"Play\" title=\"&#xC9;coutez l'article\"><span>\ud83d\udd0a \u00c9coutez l&rsquo;article<\/span><\/button> <\/div>\n<\/div>\n<\/div>\n<p>L\u2019ancien procureur du tribunal de premi\u00e8re instance de Tunis et l\u2019actuel Avocat G\u00e9n\u00e9ral pr\u00e8s la Direction G\u00e9n\u00e9ral des Affaires Criminelles du minist\u00e8re de la Justice, le juge Bechi Akremi, a r\u00e9v\u00e9l\u00e9 dans un entretien publi\u00e9 aujourd\u2019hui, jeudi 7 janvier 2021, dans le magazine \u201cl\u2019Agenda Juridique\u201d qu\u2019un \u201c<em>ancien ministre de la Justice, pour des consid\u00e9rations politiques, a exerc\u00e9 des pressions sur lui afin de r\u00e9pondre aux demandes des repr\u00e9sentants de l\u2019ordre priv\u00e9 dans l\u2019affaire du martyr Chokri Belaid, et que la soi-disant accusation politique est dirig\u00e9e contre des personnalit\u00e9s politiques, principalement des dirigeants du mouvement Ennahda<\/em>\u201c.<\/p>\n<div class=\"code-block code-block-1 c4\"><ins class=\"adsbygoogle c3\" data-ad-layout=\"in-article\" data-ad-format=\"fluid\" data-ad-client=\"ca-pub-2102118777505746\" data-ad-slot=\"7301775417\"\/> <\/div>\n<p>Akremi a ajout\u00e9 qu\u2019il avait r\u00e9pondu clairement \u00e0 l\u2019\u00e9poque et a tenu \u00e0 refuser de s\u2019engager dans ce qu\u2019il lui a demand\u00e9. Il a confirm\u00e9 que le ministre \u2013 dont le nom n\u2019a pas \u00e9t\u00e9 mentionn\u00e9 \u2013 l\u2019a menac\u00e9 d\u2019ouvrir une enqu\u00eate \u00e0 son encontre \u00e0 l\u2019Inspection g\u00e9n\u00e9rale, \u201c<em>je l\u2019ai inform\u00e9 que cela ne me d\u00e9range pas, ce qui a d\u00e9j\u00e0 \u00e9t\u00e9 fait<\/em>\u201c, a-t-il d\u00e9clar\u00e9.<\/p>\n<p>Dans son entretien avec l\u2019Agenda Juridique, il a pr\u00e9cis\u00e9 que le travail d\u2019inspection s\u2019est termin\u00e9 \u00e0 son tour et a confirm\u00e9 la r\u00e9gularit\u00e9 de son travail.<\/p>\n<p>\u201c<em>J\u2019ai travaill\u00e9 de mani\u00e8re pleinement professionnelle, et bien s\u00fbr cela n\u2019a pas convaincu ce ministre qui a continu\u00e9 de m\u2019harceler jusqu\u2019aux derniers jours de son travail<\/em>\u201c, a-t-il expliqu\u00e9<\/p>\n<p>Il a, en outre, exprim\u00e9 sa conviction qu\u2019il avait r\u00e9ussi professionnellement dans l\u2019affaire du martyr Chokri Belaid et de toutes les affaires qu\u2019il a engag\u00e9es, justifiant cette conviction du succ\u00e8s par le fait que \u00ab<em>toutes [ses] d\u00e9cisions diffam\u00e9es ont \u00e9t\u00e9 examin\u00e9es par la chambre d\u2019accusation, \u00e9tant une juridiction de deuxi\u00e8me degr\u00e9, et les ont soutenues. En outre, ces d\u00e9cisions ont \u00e9galement fait l\u2019objet d\u2019un pourvoi en cessation devant divers chambres de la Cour de cassation, et toutes ont \u00e9t\u00e9 confirm\u00e9es pour leur conformit\u00e9 et leur l\u00e9galit\u00e9. Si les recours ou les m\u00e9pris de ceux qui m\u2019accusaient \u00e9taient corrects, alors ces r\u00e9f\u00e9rences judiciaires y auraient r\u00e9pondu<\/em>. \u201d<\/p>\n<p>Il a pr\u00e9sent\u00e9 ce qu\u2019il consid\u00e9rait comme une autre preuve de la validit\u00e9 de ses positions, \u00e0 savoir que \u00ab\u00a0<em>l\u2019affaire de l\u2019assassinat du martyr Chokri Belaid avait \u00e9t\u00e9 d\u00e9sign\u00e9e devant la Chambre p\u00e9nale de premi\u00e8re instance il y a six ans. Toutes les demandes ont \u00e9taient adress\u00e9es et toutes les enqu\u00eates demand\u00e9es par les repr\u00e9sentants de l\u2019ordre priv\u00e9 ont \u00e9t\u00e9 effectu\u00e9es. Malgr\u00e9 cela, aucun fait nouveau n\u2019a \u00e9t\u00e9 r\u00e9v\u00e9l\u00e9 en la mati\u00e8re et le r\u00e9sultat des enqu\u00eates sur l\u2019assassinat demeure la seule v\u00e9rit\u00e9 qui a persist\u00e9 jusqu\u2019\u00e0 aujourd\u2019hui<\/em> \u00bb.<\/p>\n<div class=\"swp_social_panel swp_horizontal_panel swp_flat_fresh swp_default_full_color swp_individual_full_color swp_other_full_color scale-100 scale-\" data-min-width=\"1100\" data-float-color=\"#ffffff\" data-float=\"bottom\" data-float-mobile=\"bottom\" data-transition=\"slide\">\n<div class=\"nc_tweetContainer swp_share_button total_shares total_sharesalt\"><span class=\"swp_count\">0 <span class=\"swp_label\">Partages<\/span><\/span><\/div>\n<\/div>\n<p><strong>Que se passe-t-il en Tunisie?<\/strong><br \/>Nous expliquons sur notre <a href=\"https:\/\/www.youtube.com\/channel\/UCRzypVq0B_yBad5eGrwBx0Q?sub_confirmation=1\" target=\"_blank\" rel=\"noopener\">cha\u00eene YouTube<\/a> . <a href=\"https:\/\/www.youtube.com\/channel\/UCRzypVq0B_yBad5eGrwBx0Q?sub_confirmation=1\" target=\"_blank\" rel=\"noopener\">Abonnez-vous!<\/a><\/p>\n<div class=\"mvp-org-wrap mvp-org-logo\" itemprop=\"publisher\"><img decoding=\"async\" src=\"https:\/\/www.tunisienumerique.com\/wp-content\/uploads\/2017\/02\/logo_tunisie_numerique.png\"\/><\/div>\n<div class=\"mvp-related-posts left relative\">\n<h4 class=\"post-header\"><span class=\"post-header\">Lire aussi<\/span><\/h4>\n<\/div>\n<div id=\"article-ad\"><ins class=\"adsbygoogle c5\" data-ad-client=\"ca-pub-2102118777505746\" data-ad-slot=\"6513972734\" data-ad-format=\"auto\" data-full-width-responsive=\"true\"\/> <\/div>\n<\/div>\n<div id=\"post-sidebar-wrap\"><ins class=\"adsbygoogle c5\" data-ad-client=\"ca-pub-2102118777505746\" data-ad-slot=\"6168283410\" data-ad-format=\"auto\" data-full-width-responsive=\"true\"\/> <\/div>\n<p>Auteur: rania ben slimane<br \/>\n<a href=\"https:\/\/www.tunisienumerique.com\/tunisie-bechir-akremi-un-ancien-ministre-de-la-justice-ma-demande-daccuser-les-personnalites-dennahda-dans-laffaire-de-belaid\/\">Cliquez ici pour lire l&rsquo;article depuis sa source.<\/a><\/p>\n","protected":false},"excerpt":{"rendered":"<p>Par rania ben slimane \u00a0| Il y a 2 minutes \ud83d\udd0a \u00c9coutez l&rsquo;article L\u2019ancien procureur du tribunal de premi\u00e8re instance de Tunis et l\u2019actuel Avocat G\u00e9n\u00e9ral pr\u00e8s la Direction G\u00e9n\u00e9ral des Affaires Criminelles du minist\u00e8re de la Justice, le juge Bechi Akremi, a r\u00e9v\u00e9l\u00e9 dans un entretien publi\u00e9 aujourd\u2019hui, jeudi 7 janvier 2021, dans le [&hellip;]<\/p>\n","protected":false},"author":1789,"featured_media":0,"comment_status":"closed","ping_status":"closed","sticky":false,"template":"","format":"standard","meta":{"fifu_image_url":"https:\/\/secure.gravatar.com\/avatar\/ea481d7287ad38ca1787f44b5bb1b70e?s=50&d=mm&r=g","fifu_image_alt":"Tunisie-Bechir Akremi: \u201cUn ancien ministre de la Justice m\u2019a demand\u00e9 d\u2019accuser les personnalit\u00e9s d\u2019Ennahda dans l\u2019affaire de Belaid\u201d","footnotes":""},"categories":[73,55],"tags":[],"class_list":["post-108884","post","type-post","status-publish","format-standard","hentry","category-actualite","category-tunisie"],"_links":{"self":[{"href":"https:\/\/linitiative.ca\/International\/wp-json\/wp\/v2\/posts\/108884","targetHints":{"allow":["GET"]}}],"collection":[{"href":"https:\/\/linitiative.ca\/International\/wp-json\/wp\/v2\/posts"}],"about":[{"href":"https:\/\/linitiative.ca\/International\/wp-json\/wp\/v2\/types\/post"}],"author":[{"embeddable":true,"href":"https:\/\/linitiative.ca\/International\/wp-json\/wp\/v2\/users\/1789"}],"replies":[{"embeddable":true,"href":"https:\/\/linitiative.ca\/International\/wp-json\/wp\/v2\/comments?post=108884"}],"version-history":[{"count":0,"href":"https:\/\/linitiative.ca\/International\/wp-json\/wp\/v2\/posts\/108884\/revisions"}],"wp:attachment":[{"href":"https:\/\/linitiative.ca\/International\/wp-json\/wp\/v2\/media?parent=108884"}],"wp:term":[{"taxonomy":"category","embeddable":true,"href":"https:\/\/linitiative.ca\/International\/wp-json\/wp\/v2\/categories?post=108884"},{"taxonomy":"post_tag","embeddable":true,"href":"https:\/\/linitiative.ca\/International\/wp-json\/wp\/v2\/tags?post=108884"}],"curies":[{"name":"wp","href":"https:\/\/api.w.org\/{rel}","templated":true}]}}