{"id":108886,"date":"2021-01-07T16:55:18","date_gmt":"2021-01-07T21:55:18","guid":{"rendered":"https:\/\/linitiative.ca\/International\/les-chiens-des-victimes-collaterales-inattendues-du-covid\/"},"modified":"2021-01-07T16:55:18","modified_gmt":"2021-01-07T21:55:18","slug":"les-chiens-des-victimes-collaterales-inattendues-du-covid","status":"publish","type":"post","link":"https:\/\/linitiative.ca\/International\/les-chiens-des-victimes-collaterales-inattendues-du-covid\/","title":{"rendered":"Les chiens\u00a0: Des victimes collat\u00e9rales inattendues du covid"},"content":{"rendered":"<div class=\"post-cont-in left relative\">\n<div id=\"post-info-wrap\" class=\"left relative post-info-out\">\n<div class=\"post-info-img left relative\"><img loading=\"lazy\" decoding=\"async\" alt=\"\" src=\"https:\/\/secure.gravatar.com\/avatar\/047123be9d5e8513774383916ee72db2?s=50&amp;d=mm&amp;r=g\" srcset=\"https:\/\/secure.gravatar.com\/avatar\/047123be9d5e8513774383916ee72db2?s=100&amp;d=mm&amp;r=g 2x\" class=\"avatar avatar-50 photo\" height=\"50\" width=\"50\"\/><\/div>\n<div class=\"post-info-in\">\n<div class=\"post-info-right left relative post-info-name left relative\"><span><span class=\"post-info-text\">Par<\/span> <span class=\"author-name vcard fn author\"><a href=\"https:\/\/www.tunisienumerique.com\/author\/lm\/\" title=\"Articles par LM\" rel=\"author\">LM<\/a><\/span><\/span> <span class=\"post-date updated\"><time class=\"post-date updated\" datetime=\"2021-01-07\">\u00a0| Il y a 20 secondes<\/time><\/span><\/div>\n<div class=\"left relative\"><button id=\"listenButton1\" class=\"responsivevoice-button\" type=\"button\" value=\"Play\" title=\"&#xC9;coutez l'article\"><span>\ud83d\udd0a \u00c9coutez l&rsquo;article<\/span><\/button> <\/div>\n<\/div>\n<\/div>\n<p>Des \u00e9tudes men\u00e9es, en Europe, par des associations de protection des animaux, ont assur\u00e9 que durant le confinement, le nombre des propri\u00e9taires de chiots a \u00e9t\u00e9 d\u00e9doubl\u00e9 plusieurs fois. En cause, les gens confin\u00e9s avaient besoin d\u2019un animal de compagnie pour vaincre la solitude.<\/p>\n<div class=\"code-block code-block-1 c4\"><ins class=\"adsbygoogle c3\" data-ad-layout=\"in-article\" data-ad-format=\"fluid\" data-ad-client=\"ca-pub-2102118777505746\" data-ad-slot=\"7301775417\"\/> <\/div>\n<p>Or le fait est que ces gens n\u2019ont pas pr\u00e9vu ce qu\u2019ils allaient faire de leurs nouveaux compagnons, apr\u00e8s le d\u00e9confinement.<\/p>\n<p>En effet, nombreux d\u2019entre eux se sont retrouv\u00e9s dans l\u2019impossibilit\u00e9 de s\u2019occuper de leurs chiens, apr\u00e8s la reprise du travail et des activit\u00e9s quotidiennes.<\/p>\n<p>R\u00e9sultat des courses, ds dizaines de milliers de chiens sont plac\u00e9s dans des refuges, et \u00e0 d\u00e9faut de place, nombreux d\u2019entre eux sont rel\u00e2ch\u00e9s dans la nature.\u00a0 Et il s\u2019agit, en g\u00e9n\u00e9ral de chiots de moins d\u2019un ans, puisqu\u2019ils avaient \u00e9t\u00e9 achet\u00e9 tous petits, il y a quelques mois au cours du confinement.<\/p>\n<div class=\"swp_social_panel swp_horizontal_panel swp_flat_fresh swp_default_full_color swp_individual_full_color swp_other_full_color scale-100 scale-\" data-min-width=\"1100\" data-float-color=\"#ffffff\" data-float=\"bottom\" data-float-mobile=\"bottom\" data-transition=\"slide\">\n<div class=\"nc_tweetContainer swp_share_button total_shares total_sharesalt\"><span class=\"swp_count\">0 <span class=\"swp_label\">Partages<\/span><\/span><\/div>\n<\/div>\n<p><strong>Que se passe-t-il en Tunisie?<\/strong><br \/>Nous expliquons sur notre <a href=\"https:\/\/www.youtube.com\/channel\/UCRzypVq0B_yBad5eGrwBx0Q?sub_confirmation=1\" target=\"_blank\" rel=\"noopener\">cha\u00eene YouTube<\/a> . <a href=\"https:\/\/www.youtube.com\/channel\/UCRzypVq0B_yBad5eGrwBx0Q?sub_confirmation=1\" target=\"_blank\" rel=\"noopener\">Abonnez-vous!<\/a><\/p>\n<div class=\"mvp-org-wrap mvp-org-logo\" itemprop=\"publisher\"><img decoding=\"async\" src=\"https:\/\/www.tunisienumerique.com\/wp-content\/uploads\/2017\/02\/logo_tunisie_numerique.png\"\/><\/div>\n<div class=\"mvp-related-posts left relative\">\n<h4 class=\"post-header\"><span class=\"post-header\">Lire aussi<\/span><\/h4>\n<\/div>\n<div id=\"article-ad\"><ins class=\"adsbygoogle c5\" data-ad-client=\"ca-pub-2102118777505746\" data-ad-slot=\"6513972734\" data-ad-format=\"auto\" data-full-width-responsive=\"true\"\/> <\/div>\n<\/div>\n<div id=\"post-sidebar-wrap\"><ins class=\"adsbygoogle c5\" data-ad-client=\"ca-pub-2102118777505746\" data-ad-slot=\"6168283410\" data-ad-format=\"auto\" data-full-width-responsive=\"true\"\/> <\/div>\n<p>Auteur: LM<br \/>\n<a href=\"https:\/\/www.tunisienumerique.com\/les-chiens-des-victimes-collaterales-inattendues-du-covid\/\">Cliquez ici pour lire l&rsquo;article depuis sa source.<\/a><\/p>\n","protected":false},"excerpt":{"rendered":"<p>Par LM \u00a0| Il y a 20 secondes \ud83d\udd0a \u00c9coutez l&rsquo;article Des \u00e9tudes men\u00e9es, en Europe, par des associations de protection des animaux, ont assur\u00e9 que durant le confinement, le nombre des propri\u00e9taires de chiots a \u00e9t\u00e9 d\u00e9doubl\u00e9 plusieurs fois. En cause, les gens confin\u00e9s avaient besoin d\u2019un animal de compagnie pour vaincre la solitude. [&hellip;]<\/p>\n","protected":false},"author":1789,"featured_media":0,"comment_status":"closed","ping_status":"closed","sticky":false,"template":"","format":"standard","meta":{"fifu_image_url":"https:\/\/secure.gravatar.com\/avatar\/047123be9d5e8513774383916ee72db2?s=50&d=mm&r=g","fifu_image_alt":"Les chiens\u00a0: Des victimes collat\u00e9rales inattendues du covid","footnotes":""},"categories":[73,55],"tags":[],"class_list":["post-108886","post","type-post","status-publish","format-standard","hentry","category-actualite","category-tunisie"],"_links":{"self":[{"href":"https:\/\/linitiative.ca\/International\/wp-json\/wp\/v2\/posts\/108886","targetHints":{"allow":["GET"]}}],"collection":[{"href":"https:\/\/linitiative.ca\/International\/wp-json\/wp\/v2\/posts"}],"about":[{"href":"https:\/\/linitiative.ca\/International\/wp-json\/wp\/v2\/types\/post"}],"author":[{"embeddable":true,"href":"https:\/\/linitiative.ca\/International\/wp-json\/wp\/v2\/users\/1789"}],"replies":[{"embeddable":true,"href":"https:\/\/linitiative.ca\/International\/wp-json\/wp\/v2\/comments?post=108886"}],"version-history":[{"count":0,"href":"https:\/\/linitiative.ca\/International\/wp-json\/wp\/v2\/posts\/108886\/revisions"}],"wp:attachment":[{"href":"https:\/\/linitiative.ca\/International\/wp-json\/wp\/v2\/media?parent=108886"}],"wp:term":[{"taxonomy":"category","embeddable":true,"href":"https:\/\/linitiative.ca\/International\/wp-json\/wp\/v2\/categories?post=108886"},{"taxonomy":"post_tag","embeddable":true,"href":"https:\/\/linitiative.ca\/International\/wp-json\/wp\/v2\/tags?post=108886"}],"curies":[{"name":"wp","href":"https:\/\/api.w.org\/{rel}","templated":true}]}}