{"id":108889,"date":"2021-01-07T15:28:02","date_gmt":"2021-01-07T20:28:02","guid":{"rendered":"https:\/\/linitiative.ca\/International\/appel-a-la-reconciliation-en-rcale-pape-francois-sera-t-il-entendu\/"},"modified":"2021-01-07T15:28:02","modified_gmt":"2021-01-07T20:28:02","slug":"appel-a-la-reconciliation-en-rcale-pape-francois-sera-t-il-entendu","status":"publish","type":"post","link":"https:\/\/linitiative.ca\/International\/appel-a-la-reconciliation-en-rcale-pape-francois-sera-t-il-entendu\/","title":{"rendered":"APPEL A LA RECONCILIATION EN RCA:Le pape Fran\u00e7ois sera-t-il entendu?"},"content":{"rendered":"<p class=\"c4\">La d\u00e9t\u00e9rioration du climat sociopolitique en R\u00e9publique centrafricaine (RCA) pr\u00e9occupe au plus haut point le Vatican. C\u2019est du moins, ce qu\u2019on est tent\u00e9 de dire apr\u00e8s l\u2019appel \u00e0 la r\u00e9conciliation et au dialogue, lanc\u00e9 le 6 janvier dernier, par le pape Fran\u00e7ois. Une sortie papale qu\u2019il convient de saluer \u00e0 sa juste valeur, tant le pays de David Dacko traverse une zone de fortes turbulences avec la coalition de six groupes arm\u00e9s qui veulent renverser l\u2019ordre constitutionnel \u00e0 Bangui. Seulement, l\u2019on se demande si le souverain pontife ne pr\u00eache pas dans le d\u00e9sert. On le sait, l\u2019ancien pr\u00e9sident centrafricain, Fran\u00e7ois Boziz\u00e9, qui semble avoir pris fait et cause pour les groupes rebelles s\u2019il n\u2019est pas le vrai instigateur du chaos que ces derniers cherchent \u00e0 installer en RCA, n\u2019est pas un enfant de ch\u0153ur.\u00a0 Il n\u2019entend que le langage de la force tant et si bien que l\u2019on se demande si le pape sera entendu.<\/p>\n<p class=\"c4\">Cet appel risque de passer comme de l\u2019eau sur les plumes d\u2019un canard puisque les groupes arm\u00e9s qui ont \u00e9chou\u00e9 \u00e0 emp\u00eacher la tenue du double scrutin du 27 d\u00e9cembre dernier, ne font plus myst\u00e8re de leur volont\u00e9 de marcher sur Bangui. Et comme pour ne rien arranger, dix candidats malheureux \u00e0 la pr\u00e9sidentielle appellent \u00e0 l\u2019annulation des r\u00e9sultats qui donnent le pr\u00e9sident sortant et candidat \u00e0 sa propre succession, Faustin-Archange Touad\u00e9ra, vainqueur d\u00e8s le premier tour du scrutin. C\u2019est dire s\u2019il y a plus de risques que la RCA sombre davantage dans le chaos. Sans jouer les Cassandre, l\u2019on peut dire que l\u2019appel du Saint-P\u00e8re a tr\u00e8s peu de chances d\u2019\u00eatre entendu par les acteurs aussi bien politiques qu\u2019arm\u00e9s. On est d\u2019autant plus fond\u00e9 \u00e0 le penser que ces forces du mal contr\u00f4lent plus de 80% du territoire centrafricain et disposent malheureusement de gros moyens de guerre. Et tant que le rapport de forces ne sera pas invers\u00e9, ils n\u2019entendront pas raison.<\/p>\n<p class=\"c4\"><strong>Pour aboutir \u00e0 une paix durable, on ne saurait faire l\u2019\u00e9conomie du dialogue et de la r\u00e9conciliation que pr\u00f4ne l\u2019Ev\u00eaque de Rome<\/strong><\/p>\n<p class=\"c4\">Cela dit, Fran\u00e7ois \u00a0aura tout de m\u00eame fait \u0153uvre utile car, la Centrafrique, et c\u2019est peu de le dire, a plus que jamais besoin de se r\u00e9concilier avec elle-m\u00eame et de sonner le glas de la haine et des divisions entre ses fils et filles. C\u2019est d\u2019autant plus n\u00e9cessaire que ce pays n\u2019a jamais connu une v\u00e9ritable paix depuis son accession \u00e0 la souverainet\u00e9 nationale et internationale. C\u2019est un pays dont l\u2019histoire est \u00e9crite en lettres de sang \u00e0 cause des multiples coups d\u2019Etat qui ont jalonn\u00e9 son parcours. Malheureusement, ce triste bilan ne fait ni chaud ni froid \u00e0 certains fils de la RCA comme Boziz\u00e9 et autres, toujours pr\u00eats \u00e0 ramer \u00e0 contre-courant de la paix. Le moins que l\u2019on puisse dire, c\u2019est qu\u2019\u00e0 travers son appel \u00e0 la r\u00e9conciliation et au dialogue, le Vicaire du Christ fait dans la pr\u00e9vention. On se rappelle que face \u00e0 la trag\u00e9die qui se jouait dans ce pays, le locataire du Saint-Si\u00e8ge n\u2019avait pas h\u00e9sit\u00e9 \u00e0 se rendre \u00e0 Bangui en novembre 2015, pour pr\u00f4ner la paix, l\u2019amour du prochain et la r\u00e9conciliation. Mieux,\u00a0 pour accompagner les efforts de paix en RCA, Sa Saintet\u00e9 avait cr\u00e9\u00e9 un an plus tard, le Cardinal Dieudonn\u00e9 Nzapalainga, faisant de lui, le plus jeune des Cardinaux. Si cinq ans apr\u00e8s, on est encore au bord du pr\u00e9cipice, c\u2019est que les Centrafricains n\u2019ont pas appris de leurs erreurs. Et c\u2019est bien dommage. En tout cas, les ennemis de la paix doivent se rendre \u00e0 l\u2019\u00e9vidence \u00a0que la RCA ne saurait se construire sans que les c\u0153urs meurtris ne soient d\u00e9sarm\u00e9s. Et pour aboutir \u00e0 une paix durable, on ne saurait faire l\u2019\u00e9conomie du dialogue et de la r\u00e9conciliation que pr\u00f4ne l\u2019Ev\u00eaque de Rome.<\/p>\n<p class=\"c4\"><strong>Dabadi ZOUMBARA\u00a0 \u00a0<\/strong><\/p>\n<p>Auteur: Le Pays<br \/>\n<a href=\"https:\/\/lepays.bf\/appel-a-la-reconciliation-en-rcale-pape-francois-sera-t-il-entendu\/\">Cliquez ici pour lire l&rsquo;article depuis sa source.<\/a><\/p>\n","protected":false},"excerpt":{"rendered":"<p>La d\u00e9t\u00e9rioration du climat sociopolitique en R\u00e9publique centrafricaine (RCA) pr\u00e9occupe au plus haut point le Vatican. C\u2019est du moins, ce qu\u2019on est tent\u00e9 de dire apr\u00e8s l\u2019appel \u00e0 la r\u00e9conciliation et au dialogue, lanc\u00e9 le 6 janvier dernier, par le pape Fran\u00e7ois. Une sortie papale qu\u2019il convient de saluer \u00e0 sa juste valeur, tant le [&hellip;]<\/p>\n","protected":false},"author":1813,"featured_media":0,"comment_status":"closed","ping_status":"closed","sticky":false,"template":"","format":"standard","meta":{"fifu_image_url":"","fifu_image_alt":"","footnotes":""},"categories":[73,81],"tags":[],"class_list":["post-108889","post","type-post","status-publish","format-standard","hentry","category-actualite","category-burkina-faso"],"_links":{"self":[{"href":"https:\/\/linitiative.ca\/International\/wp-json\/wp\/v2\/posts\/108889","targetHints":{"allow":["GET"]}}],"collection":[{"href":"https:\/\/linitiative.ca\/International\/wp-json\/wp\/v2\/posts"}],"about":[{"href":"https:\/\/linitiative.ca\/International\/wp-json\/wp\/v2\/types\/post"}],"author":[{"embeddable":true,"href":"https:\/\/linitiative.ca\/International\/wp-json\/wp\/v2\/users\/1813"}],"replies":[{"embeddable":true,"href":"https:\/\/linitiative.ca\/International\/wp-json\/wp\/v2\/comments?post=108889"}],"version-history":[{"count":0,"href":"https:\/\/linitiative.ca\/International\/wp-json\/wp\/v2\/posts\/108889\/revisions"}],"wp:attachment":[{"href":"https:\/\/linitiative.ca\/International\/wp-json\/wp\/v2\/media?parent=108889"}],"wp:term":[{"taxonomy":"category","embeddable":true,"href":"https:\/\/linitiative.ca\/International\/wp-json\/wp\/v2\/categories?post=108889"},{"taxonomy":"post_tag","embeddable":true,"href":"https:\/\/linitiative.ca\/International\/wp-json\/wp\/v2\/tags?post=108889"}],"curies":[{"name":"wp","href":"https:\/\/api.w.org\/{rel}","templated":true}]}}