{"id":108890,"date":"2021-01-07T15:31:48","date_gmt":"2021-01-07T20:31:48","guid":{"rendered":"https:\/\/linitiative.ca\/International\/investiture-du-president-ghaneennana-akufo-addo-face-a-une-montagne-de-defis\/"},"modified":"2021-01-07T15:31:48","modified_gmt":"2021-01-07T20:31:48","slug":"investiture-du-president-ghaneennana-akufo-addo-face-a-une-montagne-de-defis","status":"publish","type":"post","link":"https:\/\/linitiative.ca\/International\/investiture-du-president-ghaneennana-akufo-addo-face-a-une-montagne-de-defis\/","title":{"rendered":"INVESTITURE DU PRESIDENT GHANEEN:Nana Akufo-Addo face \u00e0 une montagne de d\u00e9fis"},"content":{"rendered":"<p class=\"c4\">La saison des investitures se poursuit dans la sous-r\u00e9gion ouest-africaine. En effet, apr\u00e8s celles de l\u2019Ivoirien, Alassane Ouattara, du Guin\u00e9en Alpha Cond\u00e9 et du Burkinab\u00e8 Roch Marc Christian Kabor\u00e9, l\u2019on a assist\u00e9, le 7 janvier, \u00e0 l\u2019investiture de Nana Akufo-Addo. Plusieurs chefs d\u2019Etat africains, constitu\u00e9s majoritairement de ceux de la sous-r\u00e9gion de l\u2019Afrique de l\u2019Ouest, ont honor\u00e9 de leur pr\u00e9sence la c\u00e9r\u00e9monie. Des d\u00e9mocrates bon teint ainsi que des anti-d\u00e9mocrates patent\u00e9s se sont affich\u00e9s aux c\u00f4t\u00e9s de leur homologue ghan\u00e9en, pour c\u00e9l\u00e9brer avec lui, le d\u00e9but officiel \u00a0de son second mandat. Et Covid-19 oblige, toutes les d\u00e9l\u00e9gations \u00e9trang\u00e8res ont \u00e9t\u00e9 tenues de fournir un test PCR n\u00e9gatif de 72 heures avant d\u2019\u00eatre admises dans le pays. En outre, tous les participants \u00e0 la c\u00e9r\u00e9monie portaient chacun un masque facial. Et comme il est de coutume dans ce pays, l\u2019observance des traditions a donn\u00e9 des couleurs particuli\u00e8res \u00e0 la c\u00e9r\u00e9monie.<\/p>\n<p class=\"c4\">Bref, tout a \u00e9t\u00e9 r\u00e9gl\u00e9 comme sur du papier \u00e0 musique en alliant tradition et modernit\u00e9. La f\u00eate aurait \u00e9t\u00e9 plus belle, n\u2019e\u00fbt \u00e9t\u00e9 ce m\u00e9chant virus qui a clou\u00e9 au pilori la plan\u00e8te enti\u00e8re. Elle aurait eu plus d\u2019\u00e9clat \u00e9galement, si le processus \u00e9lectoral n\u2019avait pas \u00e9t\u00e9 contest\u00e9 par l\u2019opposition pour des faits suppos\u00e9s ou r\u00e9els de fraudes. Mais \u00e0 la diff\u00e9rence de ce qui se passe au <em>pays de l\u2019oncle Sam<\/em>, le candidat malheureux, John Dramani, n\u2019a pas fait appel \u00e0 la rue pour r\u00e9gler son probl\u00e8me mais plut\u00f4t aux institutions du pays. Cette fa\u00e7on\u00a0civilis\u00e9e de g\u00e9rer le contentieux \u00e9lectoral, fait partie \u00e9galement de la marque de fabrique du Ghana. Toutefois, les Ghan\u00e9ens et les Ghan\u00e9ennes savent que la pr\u00e9sidentielle de cette ann\u00e9e a enregistr\u00e9 au moins 5 morts et fait de nombreux bless\u00e9s. Et comme pour ne rien arranger, les d\u00e9put\u00e9s, r\u00e9unis pour \u00e9lire leur pr\u00e9sident, se sont offerts en spectacle \u00e0 travers des sc\u00e8nes de violences au Parlement. De ce point de vue, ils doivent s\u2019abstenir de dormir sur leurs lauriers.<\/p>\n<p class=\"c4\"><strong>La d\u00e9mocratie n\u2019a de sens que si elle permet de desserrer l\u2019\u00e9tau de la mis\u00e8re autour du cou des populations<\/strong><\/p>\n<p class=\"c4\">Ils doivent donc travailler de sorte \u00e0 ce que les futurs rendez-vous \u00e9lectoraux soient moins contest\u00e9s et plus apais\u00e9s. En tout cas, les d\u00e9mocrates africains sont en droit d\u2019attendre cela du Ghana. En effet, le pays est connu pour l\u2019exemplarit\u00e9 de sa d\u00e9mocratie. Ce label doit \u00eatre co\u00fbte que co\u00fbte pr\u00e9serv\u00e9. Cela dit, le second et dernier mandat de Nana Akufo-Addo ne sera pas comme un long fleuve tranquille. Et pour cause\u00a0: l\u2019homme fera face \u00e0 une montagne de d\u00e9fis. Le premier est celui de la corruption. Lors de son premier mandat, il en avait fait une de ses priorit\u00e9s. Mais force est de reconna\u00eetre que les fruits n\u2019avaient pas tenu la promesse des fleurs. Bien au contraire, la corruption a pris du galon. La preuve que la question est loin d\u2019\u00eatre r\u00e9gl\u00e9e est ceci\u00a0: \u00e0 trois semaines de la pr\u00e9sidentielle, le procureur anticorruption, Martin Amidu, avait rendu le tablier. Il accusait le pr\u00e9sident Akufo-Addo d\u2019avoir tent\u00e9 de lui faire enterrer un rapport compromettant sur une soci\u00e9t\u00e9 <em>Offshore<\/em> cr\u00e9\u00e9e par le gouvernement pour g\u00e9rer les redevances mini\u00e8res. Ce genre de r\u00e9v\u00e9lations n\u2019est\u00a0 pas isol\u00e9. Et le moins que l\u2019on puisse dire, c\u2019est que cela est r\u00e9v\u00e9lateur du caract\u00e8re end\u00e9mique de la corruption au Ghana. Et tant que Nana Akufo-Addo ne va pas v\u00e9ritablement lui livrer bataille, tous ses efforts en mati\u00e8re de d\u00e9veloppement seront vains. D\u2019ailleurs, on\u00a0\u00a0 peut prendre le risque de dire que c\u2019est la corruption qui est \u00e0 la base du grand retard du continent noir par rapport aux autres.<\/p>\n<p class=\"c4\">Le\u00a0 deuxi\u00e8me grand d\u00e9fi que Nana Aku-Addo doit relever, est celui de l\u2019emploi des jeunes. C\u2019est vrai, cette question n\u2019a pas la m\u00eame envergure au Ghana que\u00a0 chez ses voisins francophones, parce qu\u2019au pays de Kwame N\u2019Krumah, l\u2019on a tr\u00e8s t\u00f4t mis\u00e9 beaucoup plus sur l\u2019enseignement technique que sur l\u2019enseignement g\u00e9n\u00e9ral. Nonobstant cela, la question de l\u2019emploi des jeunes demeure. Et\u00a0 pour la r\u00e9soudre de fa\u00e7on significative, Nana Akuffo-Addo doit faire l\u2019option de l\u2019industrialisation tous azimuts et intelligente du Ghana. Cela repr\u00e9sente, pour lui, l\u2019autre grand d\u00e9fi \u00e0 relever. Arrivera-t-il \u00e0 relever \u00a0ces trois grands challenges\u00a0? En tout cas, c\u2019est tout le mal qu\u2019on lui souhaite. Car, la d\u00e9mocratie n\u2019a de sens que si elle permet de desserrer, chaque jour que Dieu fait, l\u2019\u00e9tau de la mis\u00e8re autour du cou des populations.<\/p>\n<p class=\"c4\"><strong>Pousdem PICKOU\u00a0\u00a0 \u00a0\u00a0\u00a0\u00a0\u00a0\u00a0\u00a0<\/strong><\/p>\n<p>Auteur: Le Pays<br \/>\n<a href=\"https:\/\/lepays.bf\/investiture-du-president-ghaneennana-akufo-addo-face-a-une-montagne-de-defis\/\">Cliquez ici pour lire l&rsquo;article depuis sa source.<\/a><\/p>\n","protected":false},"excerpt":{"rendered":"<p>La saison des investitures se poursuit dans la sous-r\u00e9gion ouest-africaine. En effet, apr\u00e8s celles de l\u2019Ivoirien, Alassane Ouattara, du Guin\u00e9en Alpha Cond\u00e9 et du Burkinab\u00e8 Roch Marc Christian Kabor\u00e9, l\u2019on a assist\u00e9, le 7 janvier, \u00e0 l\u2019investiture de Nana Akufo-Addo. Plusieurs chefs d\u2019Etat africains, constitu\u00e9s majoritairement de ceux de la sous-r\u00e9gion de l\u2019Afrique de l\u2019Ouest, [&hellip;]<\/p>\n","protected":false},"author":1813,"featured_media":0,"comment_status":"closed","ping_status":"closed","sticky":false,"template":"","format":"standard","meta":{"fifu_image_url":"","fifu_image_alt":"","footnotes":""},"categories":[73,81],"tags":[],"class_list":["post-108890","post","type-post","status-publish","format-standard","hentry","category-actualite","category-burkina-faso"],"_links":{"self":[{"href":"https:\/\/linitiative.ca\/International\/wp-json\/wp\/v2\/posts\/108890","targetHints":{"allow":["GET"]}}],"collection":[{"href":"https:\/\/linitiative.ca\/International\/wp-json\/wp\/v2\/posts"}],"about":[{"href":"https:\/\/linitiative.ca\/International\/wp-json\/wp\/v2\/types\/post"}],"author":[{"embeddable":true,"href":"https:\/\/linitiative.ca\/International\/wp-json\/wp\/v2\/users\/1813"}],"replies":[{"embeddable":true,"href":"https:\/\/linitiative.ca\/International\/wp-json\/wp\/v2\/comments?post=108890"}],"version-history":[{"count":0,"href":"https:\/\/linitiative.ca\/International\/wp-json\/wp\/v2\/posts\/108890\/revisions"}],"wp:attachment":[{"href":"https:\/\/linitiative.ca\/International\/wp-json\/wp\/v2\/media?parent=108890"}],"wp:term":[{"taxonomy":"category","embeddable":true,"href":"https:\/\/linitiative.ca\/International\/wp-json\/wp\/v2\/categories?post=108890"},{"taxonomy":"post_tag","embeddable":true,"href":"https:\/\/linitiative.ca\/International\/wp-json\/wp\/v2\/tags?post=108890"}],"curies":[{"name":"wp","href":"https:\/\/api.w.org\/{rel}","templated":true}]}}