{"id":108891,"date":"2021-01-07T15:37:56","date_gmt":"2021-01-07T20:37:56","guid":{"rendered":"https:\/\/linitiative.ca\/International\/violences-meurtrieres-au-capitolequand-trump-transforme-le-pays-de-loncle-sam-en-etats-honnis-damerique\/"},"modified":"2021-01-07T15:37:56","modified_gmt":"2021-01-07T20:37:56","slug":"violences-meurtrieres-au-capitolequand-trump-transforme-le-pays-de-loncle-sam-en-etats-honnis-damerique","status":"publish","type":"post","link":"https:\/\/linitiative.ca\/International\/violences-meurtrieres-au-capitolequand-trump-transforme-le-pays-de-loncle-sam-en-etats-honnis-damerique\/","title":{"rendered":"VIOLENCES MEURTRIERES AU CAPITOLE:Quand Trump transforme le pays de l\u2019Oncle Sam en Etats Honnis d\u2019Am\u00e9rique"},"content":{"rendered":"<p class=\"c4\">Le 6 janvier 2021 restera de triste m\u00e9moire dans l\u2019histoire des Etats-Unis. Ce jour-l\u00e0, le monde entier s\u2019est r\u00e9veill\u00e9 avec une nouvelle image peu reluisante de l\u2019Am\u00e9rique. En effet, la certification de la victoire de Joe Biden \u00e0 la pr\u00e9sidentielle du 3 novembre dernier par le Parlement, qui devait \u00eatre une simple formalit\u00e9, a vir\u00e9 au drame apr\u00e8s l\u2019envahissement du Capitole par des partisans de Donald Trump qui est toujours dans la contestation des r\u00e9sultats. Bilan de la tambouille\u00a0: 4 morts et une cinquantaine d\u2019interpellations parmi les manifestants chauff\u00e9s \u00e0 blanc quelques instants plus t\u00f4t par le discours pour le moins offensif du chef de l\u2019Etat sortant qui refuse toujours d\u2019accepter que ses compatriotes lui aient majoritairement retir\u00e9 leur confiance dans les urnes, pour un second mandat. On se croirait en Centrafrique o\u00f9 la pr\u00e9sidentielle du 27 d\u00e9cembre dernier, fait l\u2019objet d\u2019une contestation arm\u00e9e, ou encore en Ouganda de Yoweri Museveni \u00e0 la recherche d\u2019un sixi\u00e8me mandat.<\/p>\n<p class=\"c4\"><strong>Dans sa volont\u00e9 de tailler des croupi\u00e8res \u00e0 la d\u00e9mocratie, le roi Trump s\u2019est retrouv\u00e9 de plus en plus nu<\/strong><\/p>\n<p class=\"c4\">Ici, pour un rien, des journalistes et autres challengers du chef de l\u2019Etat sortant, font l\u2019objet d\u2019une r\u00e9pression aveugle dans la course \u00e0 la succession du ma\u00eetre de Kampala, \u00a0pr\u00e9vue pour le 14 janvier prochain. Ce genre de sc\u00e9narii sont malheureusement l\u00e9gion en Afrique o\u00f9 les donneurs de le\u00e7ons ne ratent pas l\u2019occasion de condamner ces actes attentatoires \u00e0 la d\u00e9mocratie. \u00a0Mais dans le cas d\u2019esp\u00e8ce o\u00f9 les partisans de Donald Trump ont pris d\u2019assaut le Parlement, dans le but de perturber les travaux des \u00e9lus, on est bien aux Etats-Unis d\u2019Am\u00e9rique qui revendiquent la place de leader en mati\u00e8re de d\u00e9mocratie comme dans bien d\u2019autres domaines. Une belle occasion pour des pr\u00e9sidents africains bien \u00e9lus, de donner la r\u00e9plique \u00e0 l\u2019Am\u00e9rique en remontant les bretelles au locataire de la Maison Blanche. \u00a0Car, ce dernier ne semble pas avoir encore compris qu\u2019au pays de <em>l\u2019Oncle Sam<\/em>, il n\u2019y a pas d\u2019homme fort, mais des institutions fortes dirig\u00e9es par des hommes et des femmes qui ont une haute id\u00e9e de leurs responsabilit\u00e9s envers le peuple. C\u2019est donc sans surprise que dans sa volont\u00e9 de tailler des croupi\u00e8res \u00e0 la d\u00e9mocratie, le roi Trump s\u2019est retrouv\u00e9 de plus en plus nu, l\u00e2ch\u00e9 par ses plus proches collaborateurs et pas des moindres, \u00e0 commencer par son vice-pr\u00e9sident Mike Pence qui a refus\u00e9 de prendre en otage la session de validation de la victoire de son rival. C\u2019est dire si au plan int\u00e9rieur, l\u2019Am\u00e9rique peut se sentir fi\u00e8re de sa d\u00e9mocratie parce qu\u2019elle a des remparts solides pour la prot\u00e9ger, et la prot\u00e9ger contre le chef de l\u2019Etat si ce dernier venait \u00e0 constituer, d\u2019une fa\u00e7on ou d\u2019une autre, une menace.<\/p>\n<p class=\"c4\">Contrairement \u00e0 l\u2019Afrique o\u00f9 en pareilles circonstances, l\u2019entourage du prince r\u00e9gnant n\u2019ose pas lever le petit doigt, par peur ou par simple souci de pr\u00e9server ses int\u00e9r\u00eats purement \u00e9go\u00efstes. C\u2019est en cela que les d\u00e9mocrates africains doivent fustiger l\u2019attitude de Donald Trump qui est un encouragement aux \u00a0dictateurs du continent dans leurs d\u00e9rives autocratiques. De ce point de vue, on peut craindre que l\u2019avenir de la d\u00e9mocratie sur le continent noir ne soit n\u00e9gativement impact\u00e9 du seul fait des turpitudes du milliardaire homme d\u2019affaires \u00e0 la t\u00eate de la premi\u00e8re puissance mondiale. Car des Trump, le continent africain en compte d\u00e9j\u00e0 \u00e0 foison, mus, non pas par des envies de deuxi\u00e8me mandat mais de pouvoir \u00e0 vie.<\/p>\n<p class=\"c4\"><strong>Trump, \u00e0 la Maison Blanche, est un accident de l\u2019histoire<\/strong><\/p>\n<p class=\"c4\">Mais quelques part, on est tent\u00e9 de dire que c\u2019est bien fait pour cette Am\u00e9rique o\u00f9 n\u2019importe qui peut en \u00eatre pr\u00e9sident, pourvu qu\u2019il ait suffisamment de fric ou de soutiens financiers. M\u00eame en r\u00eave, Trump ne se verrait jamais pr\u00e9sident dans certains pays d\u2019Europe (France, Allemagne, Italie, etc). Certes, ici aussi l\u2019argent compte. Il faudrait en plus de la cervelle et de l\u2019\u00e9ducation.<\/p>\n<p class=\"c4\"><strong>Et puis, ce qui vient de se produire est probablement imputable aux insuffisances ou manquements de\u00a0 la Constitution am\u00e9ricaine.\u00a0<\/strong><\/p>\n<p class=\"c4\">Cela dit, avec les sc\u00e8nes de cette folle journ\u00e9e de chaos au Capitole, l\u2019Am\u00e9rique de Donald Trump a montr\u00e9 qu\u2019elle n\u2019est pas loin des \u00ab\u00a0<em>pays de merde<\/em>\u00a0\u00bb. M\u00eame si l\u2019on peut estimer que Trump, \u00e0 la Maison Blanche, est un accident de l\u2019histoire, son attitude est la preuve que la d\u00e9mocratie n\u2019est pas un aboutissement, mais une qu\u00eate permanente. C\u2019est pourquoi il est temps, pour les Africains, de cesser d\u2019id\u00e9aliser la d\u00e9mocratie occidentale et de se cr\u00e9er leurs propres rep\u00e8res pour \u00e9crire leur propre histoire, \u00e0 condition de trouver \u00a0la solution \u00e0 la question de la patrimonialisation du pouvoir qui reste le p\u00e9ch\u00e9 mignon de bien des dirigeants du continent. Car, si l\u2019Occident a jusque-l\u00e0 su se montrer sous son meilleur jour, le cas Trump est la preuve que l\u2019envers du d\u00e9cor y existe aussi. Et il semble particuli\u00e8rement laid.<\/p>\n<p class=\"c4\">En tout \u00e9tat de cause, cette intrusion violente au Capitole, des partisans de Trump qui n\u2019ont heureusement pas pu emp\u00eacher la certification de la victoire de Joe Biden, sonne comme le baroud d\u2019honneur d\u2019un pr\u00e9sident iconoclaste \u00a0qui aura r\u00e9ussi le tour de force de mettre l\u2019Am\u00e9rique et le monde sens dessus dessous en quatre ans. Et c\u2019est peu dire qu\u2019en dehors de ses partisans z\u00e9l\u00e9s, il y a peu de chances que le mari de Melania se fasse regretter pour ce qui ressemble \u00e0 un \u00e9ph\u00e9m\u00e8re et malheureux passage \u00e0 la t\u00eate de l\u2019Etat am\u00e9ricain. Ce qu\u2019il faut \u00e0 pr\u00e9sent craindre, c\u2019est son \u00e9ventuel retour, dans un futur plus ou moins proche, au devant de la sc\u00e8ne politique. Cependant, avec ce qu\u2019il a donn\u00e9 de voir, on esp\u00e8re que les Am\u00e9ricains auront \u00e9t\u00e9 suffisamment instruits pour ne pas se laisser <em>Trumper<\/em> une seconde fois. En tous les cas, Trump m\u00e9rite d\u2019\u00eatre ch\u00e2ti\u00e9 \u00e0 la hauteur de sa forfaiture. Si ce n\u2019\u00e9tait pas le cas, d\u2019autres Donald Trump pourraient ressurgir sans d\u00e9lai dans l\u2019histoire am\u00e9ricaine. Mais en attendant, on a envie de se demander si l\u2019appellation Etats Honnis d\u2019Am\u00e9rique, ne convient pas mieux au pays de l\u2019<em>Oncle Sam<\/em>.<\/p>\n<p class=\"c4\"><strong><em>\u00a0<\/em><\/strong><\/p>\n<p class=\"c4\"><strong><em>\u00a0\u00ab\u00a0Le Pays\u00a0\u00bb<\/em><\/strong><\/p>\n<p>Auteur: Le Pays<br \/>\n<a href=\"https:\/\/lepays.bf\/violences-meurtrieres-au-capitolequand-trump-transforme-le-pays-de-loncle-sam-en-etats-honnis-damerique\/\">Cliquez ici pour lire l&rsquo;article depuis sa source.<\/a><\/p>\n","protected":false},"excerpt":{"rendered":"<p>Le 6 janvier 2021 restera de triste m\u00e9moire dans l\u2019histoire des Etats-Unis. Ce jour-l\u00e0, le monde entier s\u2019est r\u00e9veill\u00e9 avec une nouvelle image peu reluisante de l\u2019Am\u00e9rique. En effet, la certification de la victoire de Joe Biden \u00e0 la pr\u00e9sidentielle du 3 novembre dernier par le Parlement, qui devait \u00eatre une simple formalit\u00e9, a vir\u00e9 [&hellip;]<\/p>\n","protected":false},"author":1813,"featured_media":0,"comment_status":"closed","ping_status":"closed","sticky":false,"template":"","format":"standard","meta":{"fifu_image_url":"","fifu_image_alt":"","footnotes":""},"categories":[73,81],"tags":[],"class_list":["post-108891","post","type-post","status-publish","format-standard","hentry","category-actualite","category-burkina-faso"],"_links":{"self":[{"href":"https:\/\/linitiative.ca\/International\/wp-json\/wp\/v2\/posts\/108891","targetHints":{"allow":["GET"]}}],"collection":[{"href":"https:\/\/linitiative.ca\/International\/wp-json\/wp\/v2\/posts"}],"about":[{"href":"https:\/\/linitiative.ca\/International\/wp-json\/wp\/v2\/types\/post"}],"author":[{"embeddable":true,"href":"https:\/\/linitiative.ca\/International\/wp-json\/wp\/v2\/users\/1813"}],"replies":[{"embeddable":true,"href":"https:\/\/linitiative.ca\/International\/wp-json\/wp\/v2\/comments?post=108891"}],"version-history":[{"count":0,"href":"https:\/\/linitiative.ca\/International\/wp-json\/wp\/v2\/posts\/108891\/revisions"}],"wp:attachment":[{"href":"https:\/\/linitiative.ca\/International\/wp-json\/wp\/v2\/media?parent=108891"}],"wp:term":[{"taxonomy":"category","embeddable":true,"href":"https:\/\/linitiative.ca\/International\/wp-json\/wp\/v2\/categories?post=108891"},{"taxonomy":"post_tag","embeddable":true,"href":"https:\/\/linitiative.ca\/International\/wp-json\/wp\/v2\/tags?post=108891"}],"curies":[{"name":"wp","href":"https:\/\/api.w.org\/{rel}","templated":true}]}}