{"id":108892,"date":"2021-01-07T17:04:01","date_gmt":"2021-01-07T22:04:01","guid":{"rendered":"https:\/\/linitiative.ca\/International\/fourniture-de-lelectricite-la-sonabel-lance-des-compteurs-intelligents\/"},"modified":"2021-01-07T17:04:01","modified_gmt":"2021-01-07T22:04:01","slug":"fourniture-de-lelectricite-la-sonabel-lance-des-compteurs-intelligents","status":"publish","type":"post","link":"https:\/\/linitiative.ca\/International\/fourniture-de-lelectricite-la-sonabel-lance-des-compteurs-intelligents\/","title":{"rendered":"Fourniture de l\u2019\u00e9lectricit\u00e9 : La SONABEL lance des \u00ab compteurs intelligents \u00bb"},"content":{"rendered":"<div class=\"td-post-featured-image\" readability=\"33\"><a href=\"https:\/\/www.sidwaya.info\/wp-content\/uploads\/2021\/01\/sonabel.jpg\" data-caption=\"Dans le cadre de la sensibilisation, un compteur intelligent a &#xE9;t&#xE9; pr&#xE9;sent&#xE9; &#x2026;\"><img loading=\"lazy\" decoding=\"async\" width=\"696\" height=\"465\" class=\"entry-thumb td-modal-image\" src=\"https:\/\/www.sidwaya.info\/wp-content\/uploads\/2021\/01\/sonabel-696x465.jpg\" srcset=\"https:\/\/www.sidwaya.info\/wp-content\/uploads\/2021\/01\/sonabel-696x465.jpg 696w, https:\/\/www.sidwaya.info\/wp-content\/uploads\/2021\/01\/sonabel-300x200.jpg 300w, https:\/\/www.sidwaya.info\/wp-content\/uploads\/2021\/01\/sonabel-768x513.jpg 768w, https:\/\/www.sidwaya.info\/wp-content\/uploads\/2021\/01\/sonabel-150x100.jpg 150w, https:\/\/www.sidwaya.info\/wp-content\/uploads\/2021\/01\/sonabel-629x420.jpg 629w, https:\/\/www.sidwaya.info\/wp-content\/uploads\/2021\/01\/sonabel.jpg 780w\" sizes=\"auto, (max-width: 696px) 100vw, 696px\" alt=\"\" title=\"sonabel\"\/><\/a>Dans le cadre de la sensibilisation, un compteur intelligent a \u00e9t\u00e9 pr\u00e9sent\u00e9 \u2026<\/div>\n<p><strong>Le lancement de la phase pilote du projet d\u00e9nomm\u00e9 \u00ab AFRICIT-E \u00bb, visant \u00e0 promouvoir les compteurs intelligents au Burkina Faso, a eu lieu, le jeudi 7 janvier 2021, \u00e0 Ouagadougou.<\/strong><\/p>\n<p>Dans le souci de moderniser ses installations afin de rendre plus performants ses services au profit de sa client\u00e8le, la Soci\u00e9t\u00e9 nationale d\u2019\u00e9lectricit\u00e9 du Burkina (SONABEL),<br \/>en collaboration avec ses partenaires fran\u00e7ais, a lanc\u00e9 un projet visant \u00e0 op\u00e9rationnaliser l\u2019usage des compteurs intelligents, le jeudi 7 janvier 2021, \u00e0 Ouagadougou. Ainsi, c\u2019est la cit\u00e9 Azimo Ouaga 2000 qui a servi de cadre au lancement des campagnes<br \/>de sensibilisation de cette innovation.<\/p>\n<p>Pour le directeur commercial et marketing de la SONABEL, Aristide Ou\u00e9draogo, un compteur intelligent est un appareil \u00e9lectronique communicant avec ses utilisateurs et qui permet de transmettre des donn\u00e9es de consommation (les index). Il peut recevoir des informations ou des ordres \u00e0 la demande du client. Ces machines offrent de nouveaux services sans rendez-vous et sans d\u00e9rangement pour les clients de la SONABEL. \u00abNos bons vieux compteurs \u00e9lectrom\u00e9caniques font progressivement place aux compteurs intelligents, aussi appel\u00e9s compteurs smart, ou encore compteurs communicants et cela participe aussi au processus de digitalisation enclench\u00e9 par la SONABEL \u00bb, a fait savoir M. Ou\u00e9draogo.<\/p>\n<p>Selon lui, le projet pilote est enti\u00e8rement financ\u00e9 par la partie fran\u00e7aise. Selon les porteurs du projet \u00ab AFRICIT-E \u00bb, les Fran\u00e7ais Jacky Bouvier et Philippe Nuaud tous membres de l\u2019association des \u00e9lectriciens sans fronti\u00e8res, contrairement aux compteurs \u00e9lectrom\u00e9caniques, qui doivent \u00eatre relev\u00e9s manuellement,<br \/>les compteurs intelligents enregistrent dans leur m\u00e9moire, selon un protocole d\u00e9fini, la puissance \u00e9lectrique pr\u00e9lev\u00e9e et les quantit\u00e9s consomm\u00e9es \u00e0 diff\u00e9rents moments de la journ\u00e9e et ce, \u00e0 chaque jour de la semaine.<\/p>\n<h3>Une application avantageuse<\/h3>\n<p><img decoding=\"async\" loading=\"lazy\" class=\"size-medium wp-image-31305\" src=\"https:\/\/www.sidwaya.info\/wp-content\/uploads\/2021\/01\/sonabel4-300x182.jpg\" alt=\"\" width=\"300\" height=\"182\" srcset=\"https:\/\/www.sidwaya.info\/wp-content\/uploads\/2021\/01\/sonabel4-300x182.jpg 300w, https:\/\/www.sidwaya.info\/wp-content\/uploads\/2021\/01\/sonabel4-768x465.jpg 768w, https:\/\/www.sidwaya.info\/wp-content\/uploads\/2021\/01\/sonabel4-150x91.jpg 150w, https:\/\/www.sidwaya.info\/wp-content\/uploads\/2021\/01\/sonabel4-696x421.jpg 696w, https:\/\/www.sidwaya.info\/wp-content\/uploads\/2021\/01\/sonabel4-694x420.jpg 694w, https:\/\/www.sidwaya.info\/wp-content\/uploads\/2021\/01\/sonabel4.jpg 780w\" sizes=\"auto, (max-width: 300px) 100vw, 300px\"\/>\u2026aux populations de la cit\u00e9 Azimo de Ouaga 2000.<\/p>\n<p>Ils transmettent ensuite de mani\u00e8re \u00e9lectronique ces donn\u00e9es qui peuvent \u00eatre contr\u00f4l\u00e9es et v\u00e9rifi\u00e9es \u00e0 distance par le gestionnaire de r\u00e9seau ou le client. Philippe Nuaud a pr\u00e9cis\u00e9 que ce dispositif est aussi capable d\u2019envoyer une alarme au gestionnaire de r\u00e9seau en cas d\u2019ouverture du capot du compteur. \u00ab Il s\u2019agit d\u2019installer une application smartphone qui va permettre une vue en continu sur votre consommation afin d\u2019adapter vos comportements pour consommer moins. Il est aussi possible via ces compteurs d\u2019obtenir un regard pr\u00e9cis de votre consommation quotidienne d\u2019\u00e9nergie \u00bb, a indiqu\u00e9 M Nuaud.<\/p>\n<p>Et Jacky Bouvier de clamer : \u00abOn pourrait \u00e9voluer vers une facturation mensuelle bas\u00e9e sur des consommations r\u00e9elles, tout en maintenant la possibilit\u00e9 d\u2019un lissage de la facturation sur un an \u00bb. Pour ces techniciens, les op\u00e9rations sur ces compteurs peuvent se faire \u00e0 distance donc plus besoin d\u2019un releveur de consommation mensuelle. Pour le pr\u00e9sident de l\u2019association vivre- ensemble de la cit\u00e9 Azimo Ouaga 2000, Issouf Traor\u00e9, la sensibilisation est la bienvenue et l\u2019av\u00e8nement des compteurs communicants est un ouf de soulagement au regard des avantages li\u00e9s \u00e0 son utilisation. L\u2019association affirme adh\u00e9rer \u00e0 cette innovation.<\/p>\n<p class=\"c1\"><strong>Wanl\u00e9 G\u00e9rard COULIBALY<\/strong><br \/><strong>Lati Fatou TARBANGDO<\/strong> (Stagiaire)<\/p>\n<div class=\"td-a-rec td-a-rec-id-content_bottom tdi_33_83a td_block_template_1\"><img loading=\"lazy\" decoding=\"async\" class=\"aligncenter size-full wp-image-27454\" src=\"https:\/\/www.sidwaya.info\/wp-content\/uploads\/2020\/10\/PUB-Bandeau-paiement-mobile-siteweb.jpg\" alt=\"\" width=\"728\" height=\"90\"\/><\/div>\n<p>Auteur: JK. Sidwaya<br \/>\n<a href=\"https:\/\/www.sidwaya.info\/blog\/2021\/01\/07\/fourniture-de-lelectricite-la-sonabel-lance-des-compteurs-intelligents\/\">Cliquez ici pour lire l&rsquo;article depuis sa source.<\/a><\/p>\n","protected":false},"excerpt":{"rendered":"<p>Dans le cadre de la sensibilisation, un compteur intelligent a \u00e9t\u00e9 pr\u00e9sent\u00e9 \u2026 Le lancement de la phase pilote du projet d\u00e9nomm\u00e9 \u00ab AFRICIT-E \u00bb, visant \u00e0 promouvoir les compteurs intelligents au Burkina Faso, a eu lieu, le jeudi 7 janvier 2021, \u00e0 Ouagadougou. Dans le souci de moderniser ses installations afin de rendre plus [&hellip;]<\/p>\n","protected":false},"author":1816,"featured_media":0,"comment_status":"closed","ping_status":"closed","sticky":false,"template":"","format":"standard","meta":{"fifu_image_url":"https:\/\/www.sidwaya.info\/wp-content\/uploads\/2021\/01\/sonabel-696x465.jpg","fifu_image_alt":"Fourniture de l\u2019\u00e9lectricit\u00e9 : La SONABEL lance des \u00ab compteurs intelligents \u00bb","footnotes":""},"categories":[73,81],"tags":[],"class_list":["post-108892","post","type-post","status-publish","format-standard","hentry","category-actualite","category-burkina-faso"],"_links":{"self":[{"href":"https:\/\/linitiative.ca\/International\/wp-json\/wp\/v2\/posts\/108892","targetHints":{"allow":["GET"]}}],"collection":[{"href":"https:\/\/linitiative.ca\/International\/wp-json\/wp\/v2\/posts"}],"about":[{"href":"https:\/\/linitiative.ca\/International\/wp-json\/wp\/v2\/types\/post"}],"author":[{"embeddable":true,"href":"https:\/\/linitiative.ca\/International\/wp-json\/wp\/v2\/users\/1816"}],"replies":[{"embeddable":true,"href":"https:\/\/linitiative.ca\/International\/wp-json\/wp\/v2\/comments?post=108892"}],"version-history":[{"count":0,"href":"https:\/\/linitiative.ca\/International\/wp-json\/wp\/v2\/posts\/108892\/revisions"}],"wp:attachment":[{"href":"https:\/\/linitiative.ca\/International\/wp-json\/wp\/v2\/media?parent=108892"}],"wp:term":[{"taxonomy":"category","embeddable":true,"href":"https:\/\/linitiative.ca\/International\/wp-json\/wp\/v2\/categories?post=108892"},{"taxonomy":"post_tag","embeddable":true,"href":"https:\/\/linitiative.ca\/International\/wp-json\/wp\/v2\/tags?post=108892"}],"curies":[{"name":"wp","href":"https:\/\/api.w.org\/{rel}","templated":true}]}}