{"id":108893,"date":"2021-01-07T17:10:56","date_gmt":"2021-01-07T22:10:56","guid":{"rendered":"https:\/\/linitiative.ca\/International\/investiture-de-nana-akufo-addo-roch-marc-christian-kabore-exprime-sa-solidarite-a-son-homologue-ghaneen\/"},"modified":"2021-01-07T17:10:56","modified_gmt":"2021-01-07T22:10:56","slug":"investiture-de-nana-akufo-addo-roch-marc-christian-kabore-exprime-sa-solidarite-a-son-homologue-ghaneen","status":"publish","type":"post","link":"https:\/\/linitiative.ca\/International\/investiture-de-nana-akufo-addo-roch-marc-christian-kabore-exprime-sa-solidarite-a-son-homologue-ghaneen\/","title":{"rendered":"Investiture de Nana Akufo-Addo : Roch Marc Christian Kabor\u00e9 exprime sa solidarit\u00e9 \u00e0 son homologue ghan\u00e9en"},"content":{"rendered":"<div class=\"td-post-sharing-top td-post-sharing td-ps-bg td-ps-padding td-ps-bar td-post-sharing-style6\">\n<div class=\"td-post-sharing-visible\"><a class=\"td-social-sharing-button td-social-sharing-button-js td-social-network td-social-facebook\" href=\"https:\/\/www.facebook.com\/sharer.php?u=https%3A%2F%2Fwww.sidwaya.info%2Fblog%2F2021%2F01%2F07%2Finvestiture-de-nana-akufo-addo-roch-marc-christian-kabore-exprime-sa-solidarite-a-son-homologue-ghaneen%2F\"\/><\/p>\n<p>Facebook<\/p>\n<p><a class=\"td-social-sharing-button td-social-sharing-button-js td-social-network td-social-twitter\" href=\"https:\/\/twitter.com\/intent\/tweet?text=Investiture+de+Nana+Akufo-Addo+%3A+Roch+Marc+Christian+Kabor%C3%A9+exprime+sa+solidarit%C3%A9+%C3%A0+son+homologue+ghan%C3%A9en&amp;url=https%3A%2F%2Fwww.sidwaya.info%2Fblog%2F2021%2F01%2F07%2Finvestiture-de-nana-akufo-addo-roch-marc-christian-kabore-exprime-sa-solidarite-a-son-homologue-ghaneen%2F&amp;via=Quotidien+Sidwaya\"\/><\/p>\n<p>Twitter<\/p>\n<p><a class=\"td-social-sharing-button td-social-sharing-button-js td-social-network td-social-pinterest\" href=\"https:\/\/pinterest.com\/pin\/create\/button\/?url=https:\/\/www.sidwaya.info\/blog\/2021\/01\/07\/investiture-de-nana-akufo-addo-roch-marc-christian-kabore-exprime-sa-solidarite-a-son-homologue-ghaneen\/&amp;media=https:\/\/www.sidwaya.info\/wp-content\/uploads\/2021\/01\/adoo.jpg&amp;description=Investiture+de+Nana+Akufo-Addo+%3A+Roch+Marc+Christian+Kabor%C3%A9+exprime+sa+solidarit%C3%A9+%C3%A0+son+homologue+ghan%C3%A9en\"\/><\/p>\n<p>Pinterest<\/p>\n<p><a class=\"td-social-sharing-button td-social-sharing-button-js td-social-network td-social-whatsapp\" href=\"https:\/\/api.whatsapp.com\/send?text=Investiture+de+Nana+Akufo-Addo+%3A+Roch+Marc+Christian+Kabor%C3%A9+exprime+sa+solidarit%C3%A9+%C3%A0+son+homologue+ghan%C3%A9en%20%0A%0A%20https:\/\/www.sidwaya.info\/blog\/2021\/01\/07\/investiture-de-nana-akufo-addo-roch-marc-christian-kabore-exprime-sa-solidarite-a-son-homologue-ghaneen\/\"\/><\/p>\n<p>WhatsApp<\/p>\n<p><a class=\"td-social-sharing-button td-social-sharing-button-js td-social-network td-social-linkedin\" href=\"https:\/\/www.linkedin.com\/shareArticle?mini=true&amp;url=https:\/\/www.sidwaya.info\/blog\/2021\/01\/07\/investiture-de-nana-akufo-addo-roch-marc-christian-kabore-exprime-sa-solidarite-a-son-homologue-ghaneen\/&amp;title=Investiture+de+Nana+Akufo-Addo+%3A+Roch+Marc+Christian+Kabor%C3%A9+exprime+sa+solidarit%C3%A9+%C3%A0+son+homologue+ghan%C3%A9en\"\/><\/p>\n<p>Linkedin<\/p>\n<p><a class=\"td-social-sharing-button td-social-sharing-button-js td-social-network td-social-mail\" href=\"mailto:?subject=Investiture%20de%20Nana%20Akufo-Addo%20:%20Roch%20Marc%20Christian%20Kabor%C3%A9%20exprime%20sa%20solidarit%C3%A9%20%C3%A0%20son%20homologue%20ghan%C3%A9en&amp;body=https:\/\/www.sidwaya.info\/blog\/2021\/01\/07\/investiture-de-nana-akufo-addo-roch-marc-christian-kabore-exprime-sa-solidarite-a-son-homologue-ghaneen\/\"\/><\/p>\n<p>Email<\/p>\n<p><a class=\"td-social-sharing-button td-social-sharing-button-js td-social-network td-social-print\" href=\"#\"\/><\/p>\n<p>Print<\/p>\n<p><a class=\"td-social-sharing-button td-social-sharing-button-js td-social-network td-social-tumblr\" href=\"https:\/\/www.tumblr.com\/share\/link?url=https:\/\/www.sidwaya.info\/blog\/2021\/01\/07\/investiture-de-nana-akufo-addo-roch-marc-christian-kabore-exprime-sa-solidarite-a-son-homologue-ghaneen\/&amp;name=Investiture%20de%20Nana%20Akufo-Addo%20:%20Roch%20Marc%20Christian%20Kabor%C3%A9%20exprime%20sa%20solidarit%C3%A9%20%C3%A0%20son%20homologue%20ghan%C3%A9en\"\/><\/p>\n<p>Tumblr<\/p>\n<p><a class=\"td-social-sharing-button td-social-sharing-button-js td-social-network td-social-telegram\" href=\"https:\/\/telegram.me\/share\/url?url=https:\/\/www.sidwaya.info\/blog\/2021\/01\/07\/investiture-de-nana-akufo-addo-roch-marc-christian-kabore-exprime-sa-solidarite-a-son-homologue-ghaneen\/&amp;text=Investiture+de+Nana+Akufo-Addo+%3A+Roch+Marc+Christian+Kabor%C3%A9+exprime+sa+solidarit%C3%A9+%C3%A0+son+homologue+ghan%C3%A9en\"\/><\/p>\n<p>Telegram<\/p>\n<p><a class=\"td-social-sharing-button td-social-sharing-button-js td-social-network td-social-viber\" href=\"viber:\/\/forward?text=Investiture+de+Nana+Akufo-Addo+%3A+Roch+Marc+Christian+Kabor%C3%A9+exprime+sa+solidarit%C3%A9+%C3%A0+son+homologue+ghan%C3%A9en%20https:\/\/www.sidwaya.info\/blog\/2021\/01\/07\/investiture-de-nana-akufo-addo-roch-marc-christian-kabore-exprime-sa-solidarite-a-son-homologue-ghaneen\/\"\/><\/p>\n<p>Viber<\/p>\n<p><a class=\"td-social-sharing-button td-social-sharing-button-js td-social-network td-social-naver\" href=\"https:\/\/share.naver.com\/web\/shareView.nhn?url=https:\/\/www.sidwaya.info\/blog\/2021\/01\/07\/investiture-de-nana-akufo-addo-roch-marc-christian-kabore-exprime-sa-solidarite-a-son-homologue-ghaneen\/&amp;title=Investiture+de+Nana+Akufo-Addo+%3A+Roch+Marc+Christian+Kabor%C3%A9+exprime+sa+solidarit%C3%A9+%C3%A0+son+homologue+ghan%C3%A9en\"\/><\/p>\n<p>Naver<\/p>\n<\/div>\n<\/div>\n<div class=\"td-post-content tagdiv-type\" readability=\"44.5\">\n<div class=\"td-post-featured-image\" readability=\"33\"><a href=\"https:\/\/www.sidwaya.info\/wp-content\/uploads\/2021\/01\/adoo.jpg\" data-caption=\"La pr&#xE9;sence du chef de l&#x2019;Etat burkinab&#xE8; &#xE0; cette investiture t&#xE9;moigne de la bonne coop&#xE9;ration entre les deux pays.\"><img loading=\"lazy\" decoding=\"async\" width=\"696\" height=\"422\" class=\"entry-thumb td-modal-image\" src=\"https:\/\/www.sidwaya.info\/wp-content\/uploads\/2021\/01\/adoo-696x422.jpg\" srcset=\"https:\/\/www.sidwaya.info\/wp-content\/uploads\/2021\/01\/adoo-696x422.jpg 696w, https:\/\/www.sidwaya.info\/wp-content\/uploads\/2021\/01\/adoo-300x182.jpg 300w, https:\/\/www.sidwaya.info\/wp-content\/uploads\/2021\/01\/adoo-768x466.jpg 768w, https:\/\/www.sidwaya.info\/wp-content\/uploads\/2021\/01\/adoo-150x91.jpg 150w, https:\/\/www.sidwaya.info\/wp-content\/uploads\/2021\/01\/adoo-693x420.jpg 693w, https:\/\/www.sidwaya.info\/wp-content\/uploads\/2021\/01\/adoo.jpg 785w\" sizes=\"auto, (max-width: 696px) 100vw, 696px\" alt=\"\" title=\"adoo\"\/><\/a>La pr\u00e9sence du chef de l\u2019Etat burkinab\u00e8 \u00e0 cette investiture t\u00e9moigne de la bonne coop\u00e9ration entre les deux pays.<\/div>\n<p>Le pr\u00e9sident du Faso, Roch Marc Christian Kabor\u00e9 a pris part, hier jeudi 7 janvier 2021, \u00e0 la c\u00e9r\u00e9monie d\u2019investiture de son homologue ghan\u00e9en, Nana Akufo-Addo.<br \/>Le pr\u00e9sident du Ghana, qui a \u00e9t\u00e9 r\u00e9\u00e9lu au premier tour de l\u2019\u00e9lection du 7 d\u00e9cembre 2020, entame ainsi son second mandat \u00e0 la t\u00eate de son pays.<br \/>La pr\u00e9sence du chef de l\u2019Etat burkinab\u00e8 \u00e0 cette investiture t\u00e9moigne de la bonne coop\u00e9ration entre la R\u00e9publique du Ghana et le Burkina Faso.<\/p>\n<p class=\"c1\"><strong>Direction de la communication de la pr\u00e9sidence du Faso<\/strong><\/p>\n<div class=\"td-a-rec td-a-rec-id-content_bottom tdi_33_bef td_block_template_1\"><img loading=\"lazy\" decoding=\"async\" class=\"aligncenter size-full wp-image-27454\" src=\"https:\/\/www.sidwaya.info\/wp-content\/uploads\/2020\/10\/PUB-Bandeau-paiement-mobile-siteweb.jpg\" alt=\"\" width=\"728\" height=\"90\"\/><\/div>\n<\/div>\n<footer>\n<div class=\"td-post-sharing-bottom\">\n<p><iframe frameborder=\"0\" src=\"https:\/\/www.facebook.com\/plugins\/like.php?href=https:\/\/www.sidwaya.info\/blog\/2021\/01\/07\/investiture-de-nana-akufo-addo-roch-marc-christian-kabore-exprime-sa-solidarite-a-son-homologue-ghaneen\/&amp;layout=button_count&amp;show_faces=false&amp;width=105&amp;action=like&amp;colorscheme=light&amp;height=21\" class=\"c2\">[embedded content]<\/iframe><\/p>\n<div id=\"td_social_sharing_article_bottom\" class=\"td-post-sharing td-ps-bg td-ps-padding td-post-sharing-style7\">\n<div class=\"td-post-sharing-visible\"><a class=\"td-social-sharing-button td-social-sharing-button-js td-social-network td-social-facebook\" href=\"https:\/\/www.facebook.com\/sharer.php?u=https%3A%2F%2Fwww.sidwaya.info%2Fblog%2F2021%2F01%2F07%2Finvestiture-de-nana-akufo-addo-roch-marc-christian-kabore-exprime-sa-solidarite-a-son-homologue-ghaneen%2F\"\/><\/p>\n<p>Facebook<\/p>\n<p><a class=\"td-social-sharing-button td-social-sharing-button-js td-social-network td-social-twitter\" href=\"https:\/\/twitter.com\/intent\/tweet?text=Investiture+de+Nana+Akufo-Addo+%3A+Roch+Marc+Christian+Kabor%C3%A9+exprime+sa+solidarit%C3%A9+%C3%A0+son+homologue+ghan%C3%A9en&amp;url=https%3A%2F%2Fwww.sidwaya.info%2Fblog%2F2021%2F01%2F07%2Finvestiture-de-nana-akufo-addo-roch-marc-christian-kabore-exprime-sa-solidarite-a-son-homologue-ghaneen%2F&amp;via=Quotidien+Sidwaya\"\/><\/p>\n<p>Twitter<\/p>\n<p><a class=\"td-social-sharing-button td-social-sharing-button-js td-social-network td-social-pinterest\" href=\"https:\/\/pinterest.com\/pin\/create\/button\/?url=https:\/\/www.sidwaya.info\/blog\/2021\/01\/07\/investiture-de-nana-akufo-addo-roch-marc-christian-kabore-exprime-sa-solidarite-a-son-homologue-ghaneen\/&amp;media=https:\/\/www.sidwaya.info\/wp-content\/uploads\/2021\/01\/adoo.jpg&amp;description=Investiture+de+Nana+Akufo-Addo+%3A+Roch+Marc+Christian+Kabor%C3%A9+exprime+sa+solidarit%C3%A9+%C3%A0+son+homologue+ghan%C3%A9en\"\/><\/p>\n<p>Pinterest<\/p>\n<p><a class=\"td-social-sharing-button td-social-sharing-button-js td-social-network td-social-whatsapp\" href=\"https:\/\/api.whatsapp.com\/send?text=Investiture+de+Nana+Akufo-Addo+%3A+Roch+Marc+Christian+Kabor%C3%A9+exprime+sa+solidarit%C3%A9+%C3%A0+son+homologue+ghan%C3%A9en%20%0A%0A%20https:\/\/www.sidwaya.info\/blog\/2021\/01\/07\/investiture-de-nana-akufo-addo-roch-marc-christian-kabore-exprime-sa-solidarite-a-son-homologue-ghaneen\/\"\/><\/p>\n<p>WhatsApp<\/p>\n<p><a class=\"td-social-sharing-button td-social-sharing-button-js td-social-network td-social-linkedin\" href=\"https:\/\/www.linkedin.com\/shareArticle?mini=true&amp;url=https:\/\/www.sidwaya.info\/blog\/2021\/01\/07\/investiture-de-nana-akufo-addo-roch-marc-christian-kabore-exprime-sa-solidarite-a-son-homologue-ghaneen\/&amp;title=Investiture+de+Nana+Akufo-Addo+%3A+Roch+Marc+Christian+Kabor%C3%A9+exprime+sa+solidarit%C3%A9+%C3%A0+son+homologue+ghan%C3%A9en\"\/><\/p>\n<p>Linkedin<\/p>\n<p><a class=\"td-social-sharing-button td-social-sharing-button-js td-social-network td-social-mail\" href=\"mailto:?subject=Investiture%20de%20Nana%20Akufo-Addo%20:%20Roch%20Marc%20Christian%20Kabor%C3%A9%20exprime%20sa%20solidarit%C3%A9%20%C3%A0%20son%20homologue%20ghan%C3%A9en&amp;body=https:\/\/www.sidwaya.info\/blog\/2021\/01\/07\/investiture-de-nana-akufo-addo-roch-marc-christian-kabore-exprime-sa-solidarite-a-son-homologue-ghaneen\/\"\/><\/p>\n<p>Email<\/p>\n<p><a class=\"td-social-sharing-button td-social-sharing-button-js td-social-network td-social-print\" href=\"#\"\/><\/p>\n<p>Print<\/p>\n<p><a class=\"td-social-sharing-button td-social-sharing-button-js td-social-network td-social-tumblr\" href=\"https:\/\/www.tumblr.com\/share\/link?url=https:\/\/www.sidwaya.info\/blog\/2021\/01\/07\/investiture-de-nana-akufo-addo-roch-marc-christian-kabore-exprime-sa-solidarite-a-son-homologue-ghaneen\/&amp;name=Investiture%20de%20Nana%20Akufo-Addo%20:%20Roch%20Marc%20Christian%20Kabor%C3%A9%20exprime%20sa%20solidarit%C3%A9%20%C3%A0%20son%20homologue%20ghan%C3%A9en\"\/><\/p>\n<p>Tumblr<\/p>\n<p><a class=\"td-social-sharing-button td-social-sharing-button-js td-social-network td-social-telegram\" href=\"https:\/\/telegram.me\/share\/url?url=https:\/\/www.sidwaya.info\/blog\/2021\/01\/07\/investiture-de-nana-akufo-addo-roch-marc-christian-kabore-exprime-sa-solidarite-a-son-homologue-ghaneen\/&amp;text=Investiture+de+Nana+Akufo-Addo+%3A+Roch+Marc+Christian+Kabor%C3%A9+exprime+sa+solidarit%C3%A9+%C3%A0+son+homologue+ghan%C3%A9en\"\/><\/p>\n<p>Telegram<\/p>\n<p><a class=\"td-social-sharing-button td-social-sharing-button-js td-social-network td-social-viber\" href=\"viber:\/\/forward?text=Investiture+de+Nana+Akufo-Addo+%3A+Roch+Marc+Christian+Kabor%C3%A9+exprime+sa+solidarit%C3%A9+%C3%A0+son+homologue+ghan%C3%A9en%20https:\/\/www.sidwaya.info\/blog\/2021\/01\/07\/investiture-de-nana-akufo-addo-roch-marc-christian-kabore-exprime-sa-solidarite-a-son-homologue-ghaneen\/\"\/><\/p>\n<p>Viber<\/p>\n<p><a class=\"td-social-sharing-button td-social-sharing-button-js td-social-network td-social-naver\" href=\"https:\/\/share.naver.com\/web\/shareView.nhn?url=https:\/\/www.sidwaya.info\/blog\/2021\/01\/07\/investiture-de-nana-akufo-addo-roch-marc-christian-kabore-exprime-sa-solidarite-a-son-homologue-ghaneen\/&amp;title=Investiture+de+Nana+Akufo-Addo+%3A+Roch+Marc+Christian+Kabor%C3%A9+exprime+sa+solidarit%C3%A9+%C3%A0+son+homologue+ghan%C3%A9en\"\/><\/p>\n<p>Naver<\/p>\n<\/div>\n<\/div>\n<\/div>\n<div class=\"td-block-row td-post-next-prev\">\n<div class=\"td-block-span6 td-post-prev-post td-post-next-prev-content\"><span>Article pr\u00e9c\u00e9dent<\/span><a href=\"https:\/\/www.sidwaya.info\/blog\/2021\/01\/07\/fourniture-de-lelectricite-la-sonabel-lance-des-compteurs-intelligents\/\">Fourniture de l\u2019\u00e9lectricit\u00e9 : La SONABEL lance des \u00ab compteurs intelligents \u00bb<\/a><\/div>\n<div class=\"td-block-span6 td-post-next-post td-post-next-prev-content\"><span>Article suivant<\/span><a href=\"https:\/\/www.sidwaya.info\/blog\/2021\/01\/07\/viiie-legislature-un-comite-ad-hoc-pour-reecrire-le-reglement-de-lassemblee-nationale\/\">VIIIe l\u00e9gislature : Un comit\u00e9 ad hoc pour r\u00e9\u00e9crire le r\u00e8glement de l\u2019Assembl\u00e9e nationale<\/a><\/div>\n<\/div>\n<\/footer>\n<p>Auteur: JK. Sidwaya<br \/>\n<a href=\"https:\/\/www.sidwaya.info\/blog\/2021\/01\/07\/investiture-de-nana-akufo-addo-roch-marc-christian-kabore-exprime-sa-solidarite-a-son-homologue-ghaneen\/\">Cliquez ici pour lire l&rsquo;article depuis sa source.<\/a><\/p>\n","protected":false},"excerpt":{"rendered":"<p>Facebook Twitter Pinterest WhatsApp Linkedin Email Print Tumblr Telegram Viber Naver La pr\u00e9sence du chef de l\u2019Etat burkinab\u00e8 \u00e0 cette investiture t\u00e9moigne de la bonne coop\u00e9ration entre les deux pays. Le pr\u00e9sident du Faso, Roch Marc Christian Kabor\u00e9 a pris part, hier jeudi 7 janvier 2021, \u00e0 la c\u00e9r\u00e9monie d\u2019investiture de son homologue ghan\u00e9en, Nana [&hellip;]<\/p>\n","protected":false},"author":1816,"featured_media":0,"comment_status":"closed","ping_status":"closed","sticky":false,"template":"","format":"standard","meta":{"fifu_image_url":"https:\/\/www.sidwaya.info\/wp-content\/uploads\/2021\/01\/adoo-696x422.jpg","fifu_image_alt":"Investiture de Nana Akufo-Addo : Roch Marc Christian Kabor\u00e9 exprime sa solidarit\u00e9 \u00e0 son homologue ghan\u00e9en","footnotes":""},"categories":[73,81],"tags":[],"class_list":["post-108893","post","type-post","status-publish","format-standard","hentry","category-actualite","category-burkina-faso"],"_links":{"self":[{"href":"https:\/\/linitiative.ca\/International\/wp-json\/wp\/v2\/posts\/108893","targetHints":{"allow":["GET"]}}],"collection":[{"href":"https:\/\/linitiative.ca\/International\/wp-json\/wp\/v2\/posts"}],"about":[{"href":"https:\/\/linitiative.ca\/International\/wp-json\/wp\/v2\/types\/post"}],"author":[{"embeddable":true,"href":"https:\/\/linitiative.ca\/International\/wp-json\/wp\/v2\/users\/1816"}],"replies":[{"embeddable":true,"href":"https:\/\/linitiative.ca\/International\/wp-json\/wp\/v2\/comments?post=108893"}],"version-history":[{"count":0,"href":"https:\/\/linitiative.ca\/International\/wp-json\/wp\/v2\/posts\/108893\/revisions"}],"wp:attachment":[{"href":"https:\/\/linitiative.ca\/International\/wp-json\/wp\/v2\/media?parent=108893"}],"wp:term":[{"taxonomy":"category","embeddable":true,"href":"https:\/\/linitiative.ca\/International\/wp-json\/wp\/v2\/categories?post=108893"},{"taxonomy":"post_tag","embeddable":true,"href":"https:\/\/linitiative.ca\/International\/wp-json\/wp\/v2\/tags?post=108893"}],"curies":[{"name":"wp","href":"https:\/\/api.w.org\/{rel}","templated":true}]}}