{"id":108894,"date":"2021-01-07T17:15:34","date_gmt":"2021-01-07T22:15:34","guid":{"rendered":"https:\/\/linitiative.ca\/International\/viiie-legislature-un-comite-ad-hoc-pour-reecrire-le-reglement-de-lassemblee-nationale\/"},"modified":"2021-01-07T17:15:34","modified_gmt":"2021-01-07T22:15:34","slug":"viiie-legislature-un-comite-ad-hoc-pour-reecrire-le-reglement-de-lassemblee-nationale","status":"publish","type":"post","link":"https:\/\/linitiative.ca\/International\/viiie-legislature-un-comite-ad-hoc-pour-reecrire-le-reglement-de-lassemblee-nationale\/","title":{"rendered":"VIIIe l\u00e9gislature : Un comit\u00e9 ad hoc pour r\u00e9\u00e9crire le r\u00e8glement de l\u2019Assembl\u00e9e nationale"},"content":{"rendered":"<div class=\"td-post-featured-image\" readability=\"35\"><a href=\"https:\/\/www.sidwaya.info\/wp-content\/uploads\/2021\/01\/legislature.jpg\" data-caption=\"Selon le PAN, Bala Sakand&#xE9;, la question du genre a &#xE9;t&#xE9; prise en compte dans la formation du comit&#xE9; ad hoc.\"><img loading=\"lazy\" decoding=\"async\" width=\"696\" height=\"464\" class=\"entry-thumb td-modal-image\" src=\"https:\/\/www.sidwaya.info\/wp-content\/uploads\/2021\/01\/legislature-696x464.jpg\" srcset=\"https:\/\/www.sidwaya.info\/wp-content\/uploads\/2021\/01\/legislature-696x464.jpg 696w, https:\/\/www.sidwaya.info\/wp-content\/uploads\/2021\/01\/legislature-300x200.jpg 300w, https:\/\/www.sidwaya.info\/wp-content\/uploads\/2021\/01\/legislature-768x512.jpg 768w, https:\/\/www.sidwaya.info\/wp-content\/uploads\/2021\/01\/legislature-150x100.jpg 150w, https:\/\/www.sidwaya.info\/wp-content\/uploads\/2021\/01\/legislature-630x420.jpg 630w, https:\/\/www.sidwaya.info\/wp-content\/uploads\/2021\/01\/legislature.jpg 787w\" sizes=\"auto, (max-width: 696px) 100vw, 696px\" alt=\"\" title=\"legislature\"\/><\/a>Selon le PAN, Bala Sakand\u00e9, la question du genre a \u00e9t\u00e9 prise en compte dans la formation du comit\u00e9 ad hoc.<\/div>\n<p><strong>L\u2019Assembl\u00e9e nationale a install\u00e9, le jeudi 7 janvier 2021 \u00e0 Ouagadougou, le comit\u00e9 ad hoc charg\u00e9 de r\u00e9\u00e9crire le r\u00e8glement de l\u2019institution parlementaire de la VIIIe l\u00e9gislature.<\/strong><\/p>\n<p>Apr\u00e8s la r\u00e9\u00e9lection de Alassane Bala Sakand\u00e9 comme Pr\u00e9sident de l\u2019Assembl\u00e9e nationale (PAN), le 28 d\u00e9cembre 2020, l\u2019institution continue de r\u00e9unir les conditions pour le bon fonctionnement de la 8e l\u00e9gislature. En effet, le parlement a install\u00e9, hier jeudi 7 janvier 2021, le comit\u00e9 adhoc charg\u00e9 de la relecture du r\u00e8glement qui va r\u00e9gir la vie de l\u2019institution durant les cinq prochaines ann\u00e9es. La commission est compos\u00e9e de 23 d\u00e9put\u00e9s et de 7 membres de l\u2019administration parlementaire. Selon le PAN, Bala Sakand\u00e9, les d\u00e9put\u00e9s ont l\u2019obligation d\u2019\u00e9laborer un r\u00e8glement \u00e0 chaque l\u00e9gislature.<\/p>\n<p>La 7e l\u00e9gislature en disposait et avait \u00e9t\u00e9 \u00e9labor\u00e9 dans un esprit de consensus, a-t-il indiqu\u00e9. \u00ab Cette r\u00e8gle ne sera pas d\u00e9rog\u00e9e. Dans l\u2019esprit de la continuit\u00e9, le consensus sera encore notre boussole \u00bb, a-t-il pr\u00e9cis\u00e9. La nouvelle assembl\u00e9e est constitu\u00e9e d\u2019au moins 15 partis politiques. A ce propos, Alassane Bala Sakand\u00e9 a confi\u00e9 que chaque parti politique a au moins un repr\u00e9sentant au sein dudit comit\u00e9. Notre souhait est que chaque formation politique puisse apporter sa contribution pour enrichir le document, a-t-il soutenu. \u00ab M\u00eame si un parti a un seul d\u00e9put\u00e9, ce dernier doit pouvoir s\u2019exprimer car il repr\u00e9sente peut-\u00eatre la voix de 5 000 Burkinab\u00e8 ou plus \u00bb, a expliqu\u00e9 le pr\u00e9sident de l\u2019Assembl\u00e9e nationale.<\/p>\n<p>De l\u2019avis de M. Sakand\u00e9, la d\u00e9signation des membres de la commission a aussi tenu compte du genre \u00e0 travers la pr\u00e9sence des femmes et des jeunes. Les membres du comit\u00e9 install\u00e9s ont dix jours (du 11 au 20 janvier) pour livrer les fruits de leur r\u00e9flexion. Le projet de r\u00e8glement qui sortira de ce conclave sera transmis au Conseil constitutionnel, le lundi 25 janvier. Selon la loi, les Sages ont au maximum une semaine pour se prononcer sur la conformit\u00e9 du texte \u00e0 la Constitution du pays.<br \/>\u00ab C\u2019est au bout de ce processus que nous pouvons poursuivre la mise en place des organes de l\u2019Assembl\u00e9e nationale pr\u00e9vue du 1er au 6 f\u00e9vrier \u00bb, a fait savoir le pr\u00e9sident du parlement.<\/p>\n<p class=\"c1\"><strong>Abdoulaye BALBONE<\/strong><\/p>\n<div class=\"td-a-rec td-a-rec-id-content_bottom tdi_33_f8b td_block_template_1\"><img loading=\"lazy\" decoding=\"async\" class=\"aligncenter size-full wp-image-27454\" src=\"https:\/\/www.sidwaya.info\/wp-content\/uploads\/2020\/10\/PUB-Bandeau-paiement-mobile-siteweb.jpg\" alt=\"\" width=\"728\" height=\"90\"\/><\/div>\n<p>Auteur: JK. Sidwaya<br \/>\n<a href=\"https:\/\/www.sidwaya.info\/blog\/2021\/01\/07\/viiie-legislature-un-comite-ad-hoc-pour-reecrire-le-reglement-de-lassemblee-nationale\/\">Cliquez ici pour lire l&rsquo;article depuis sa source.<\/a><\/p>\n","protected":false},"excerpt":{"rendered":"<p>Selon le PAN, Bala Sakand\u00e9, la question du genre a \u00e9t\u00e9 prise en compte dans la formation du comit\u00e9 ad hoc. L\u2019Assembl\u00e9e nationale a install\u00e9, le jeudi 7 janvier 2021 \u00e0 Ouagadougou, le comit\u00e9 ad hoc charg\u00e9 de r\u00e9\u00e9crire le r\u00e8glement de l\u2019institution parlementaire de la VIIIe l\u00e9gislature. Apr\u00e8s la r\u00e9\u00e9lection de Alassane Bala Sakand\u00e9 [&hellip;]<\/p>\n","protected":false},"author":1816,"featured_media":0,"comment_status":"closed","ping_status":"closed","sticky":false,"template":"","format":"standard","meta":{"fifu_image_url":"https:\/\/www.sidwaya.info\/wp-content\/uploads\/2021\/01\/legislature-696x464.jpg","fifu_image_alt":"VIIIe l\u00e9gislature : Un comit\u00e9 ad hoc pour r\u00e9\u00e9crire le r\u00e8glement de l\u2019Assembl\u00e9e nationale","footnotes":""},"categories":[73,81],"tags":[],"class_list":["post-108894","post","type-post","status-publish","format-standard","hentry","category-actualite","category-burkina-faso"],"_links":{"self":[{"href":"https:\/\/linitiative.ca\/International\/wp-json\/wp\/v2\/posts\/108894","targetHints":{"allow":["GET"]}}],"collection":[{"href":"https:\/\/linitiative.ca\/International\/wp-json\/wp\/v2\/posts"}],"about":[{"href":"https:\/\/linitiative.ca\/International\/wp-json\/wp\/v2\/types\/post"}],"author":[{"embeddable":true,"href":"https:\/\/linitiative.ca\/International\/wp-json\/wp\/v2\/users\/1816"}],"replies":[{"embeddable":true,"href":"https:\/\/linitiative.ca\/International\/wp-json\/wp\/v2\/comments?post=108894"}],"version-history":[{"count":0,"href":"https:\/\/linitiative.ca\/International\/wp-json\/wp\/v2\/posts\/108894\/revisions"}],"wp:attachment":[{"href":"https:\/\/linitiative.ca\/International\/wp-json\/wp\/v2\/media?parent=108894"}],"wp:term":[{"taxonomy":"category","embeddable":true,"href":"https:\/\/linitiative.ca\/International\/wp-json\/wp\/v2\/categories?post=108894"},{"taxonomy":"post_tag","embeddable":true,"href":"https:\/\/linitiative.ca\/International\/wp-json\/wp\/v2\/tags?post=108894"}],"curies":[{"name":"wp","href":"https:\/\/api.w.org\/{rel}","templated":true}]}}