{"id":108897,"date":"2021-01-07T17:18:02","date_gmt":"2021-01-07T22:18:02","guid":{"rendered":"https:\/\/linitiative.ca\/International\/maroc-washington-inaugure-dimanche-son-consulat-general-a-dakhla\/"},"modified":"2021-01-07T17:18:02","modified_gmt":"2021-01-07T22:18:02","slug":"maroc-washington-inaugure-dimanche-son-consulat-general-a-dakhla","status":"publish","type":"post","link":"https:\/\/linitiative.ca\/International\/maroc-washington-inaugure-dimanche-son-consulat-general-a-dakhla\/","title":{"rendered":"Maroc : Washington inaugure dimanche son consulat g\u00e9n\u00e9ral \u00e0 Dakhla"},"content":{"rendered":"<div readability=\"32\">\n<p>Publi\u00e9 le 07.01.2021 \u00e0 23h18 par APA News<\/p>\n<\/div>\n<div readability=\"74\">\n<p>Les Etats Unis d\u2019Am\u00e9rique vont inaugurer ce dimanche 10 janvier, leur consulat g\u00e9n\u00e9ral dans la ville de Dakhla, a appris APA de sources diplomatiques.L\u2019ouverture de cette mission diplomatique dans les provinces du sud du Royaume, intervient un mois jour pour jour apr\u00e8s son annonce, le 10 d\u00e9cembre dernier, lors d\u2019un entretien t\u00e9l\u00e9phonique entre le Roi Mohammed VI et le pr\u00e9sident am\u00e9ricain, Donald Trump.<\/p>\n<p>Lors de cet entretien, le pr\u00e9sident Trump a inform\u00e9 le Souverain marocain de la promulgation d\u2019un d\u00e9cret pr\u00e9sidentiel, avec ce que cet acte comporte comme force juridique et politique ind\u00e9niable et \u00e0 effet imm\u00e9diat, portant sur la d\u00e9cision des \u00c9tats-Unis d\u2019Am\u00e9rique de reconnaitre, pour la premi\u00e8re fois de leur histoire, la pleine souverainet\u00e9 du Royaume du Maroc sur l\u2019ensemble de la r\u00e9gion du Sahara Marocain.<\/p>\n<p>Dans ce cadre, et \u00e0 titre de premi\u00e8re concr\u00e9tisation de leur initiative souveraine de haute importance, les \u00c9tats-Unis d\u2019Am\u00e9rique ont d\u00e9cid\u00e9 l\u2019ouverture d\u2019un consulat \u00e0 Dakhla, \u00e0 vocation essentiellement \u00e9conomique, en vue d\u2019encourager les investissements am\u00e9ricains et la contribution au d\u00e9veloppement \u00e9conomique et social, au profit notamment des habitants des provinces du Sud.<\/p>\n<p>Pour rappel, le chef de la diplomatie am\u00e9ricaine Mike Pompeo avait annonc\u00e9, le 24 d\u00e9cembre, le d\u00e9but du processus de l\u2019\u00e9tablissement d\u2019un consulat am\u00e9ricain \u00e0 la ville de Dakhla au Sahara.<\/p>\n<p>\u00ab J\u2019ai le plaisir d\u2019annoncer le d\u00e9but du processus d\u2019\u00e9tablissement d\u2019un consulat am\u00e9ricain au Sahara occidental, et l\u2019inauguration d\u2019un poste de pr\u00e9sence virtuelle d\u00e8s \u00e0 pr\u00e9sent ! Nous sommes impatients de promouvoir le d\u00e9veloppement \u00e9conomique et social et de faire participer les habitants de cette r\u00e9gion \u00bb, avait indiqu\u00e9 le chef de la diplomatie am\u00e9ricaine dans un tweet.<\/p>\n<\/div>\n<p>Auteur: APA News<br \/>\n<a href=\"https:\/\/www.journalducameroun.com\/maroc-washington-inaugure-dimanche-son-consulat-general-a-dakhla\/\">Cliquez ici pour lire l&rsquo;article depuis sa source.<\/a><\/p>\n","protected":false},"excerpt":{"rendered":"<p>Publi\u00e9 le 07.01.2021 \u00e0 23h18 par APA News Les Etats Unis d\u2019Am\u00e9rique vont inaugurer ce dimanche 10 janvier, leur consulat g\u00e9n\u00e9ral dans la ville de Dakhla, a appris APA de sources diplomatiques.L\u2019ouverture de cette mission diplomatique dans les provinces du sud du Royaume, intervient un mois jour pour jour apr\u00e8s son annonce, le 10 d\u00e9cembre [&hellip;]<\/p>\n","protected":false},"author":1965,"featured_media":0,"comment_status":"closed","ping_status":"closed","sticky":false,"template":"","format":"standard","meta":{"fifu_image_url":"","fifu_image_alt":"","footnotes":""},"categories":[73,82],"tags":[],"class_list":["post-108897","post","type-post","status-publish","format-standard","hentry","category-actualite","category-cameroun"],"_links":{"self":[{"href":"https:\/\/linitiative.ca\/International\/wp-json\/wp\/v2\/posts\/108897","targetHints":{"allow":["GET"]}}],"collection":[{"href":"https:\/\/linitiative.ca\/International\/wp-json\/wp\/v2\/posts"}],"about":[{"href":"https:\/\/linitiative.ca\/International\/wp-json\/wp\/v2\/types\/post"}],"author":[{"embeddable":true,"href":"https:\/\/linitiative.ca\/International\/wp-json\/wp\/v2\/users\/1965"}],"replies":[{"embeddable":true,"href":"https:\/\/linitiative.ca\/International\/wp-json\/wp\/v2\/comments?post=108897"}],"version-history":[{"count":0,"href":"https:\/\/linitiative.ca\/International\/wp-json\/wp\/v2\/posts\/108897\/revisions"}],"wp:attachment":[{"href":"https:\/\/linitiative.ca\/International\/wp-json\/wp\/v2\/media?parent=108897"}],"wp:term":[{"taxonomy":"category","embeddable":true,"href":"https:\/\/linitiative.ca\/International\/wp-json\/wp\/v2\/categories?post=108897"},{"taxonomy":"post_tag","embeddable":true,"href":"https:\/\/linitiative.ca\/International\/wp-json\/wp\/v2\/tags?post=108897"}],"curies":[{"name":"wp","href":"https:\/\/api.w.org\/{rel}","templated":true}]}}