{"id":108898,"date":"2021-01-07T17:18:03","date_gmt":"2021-01-07T22:18:03","guid":{"rendered":"https:\/\/linitiative.ca\/International\/des-discussions-pour-integrer-le-chomage-partiel-dans-le-code-du-travail-ivoirien\/"},"modified":"2021-01-07T17:18:03","modified_gmt":"2021-01-07T22:18:03","slug":"des-discussions-pour-integrer-le-chomage-partiel-dans-le-code-du-travail-ivoirien","status":"publish","type":"post","link":"https:\/\/linitiative.ca\/International\/des-discussions-pour-integrer-le-chomage-partiel-dans-le-code-du-travail-ivoirien\/","title":{"rendered":"Des discussions pour int\u00e9grer le \u00ab\u00a0ch\u00f4mage partiel\u00a0\u00bb dans le Code du travail ivoirien"},"content":{"rendered":"<div readability=\"32\">\n<p>Publi\u00e9 le 07.01.2021 \u00e0 23h18 par APA News<\/p>\n<\/div>\n<div readability=\"114\">\n<p>Des discussions entre le secteur priv\u00e9 et le gouvernement ivoirien sont en cours en vue d\u2019int\u00e9grer le \u00ab\u00a0ch\u00f4mage partiel\u00a0\u00bb dans le Code du travail, a fait savoir jeudi le ministre ivoirien de l\u2019Economie et des finances, Adama Coulibaly, lors d\u2019une rencontre avec des chefs d\u2019entreprise.<\/p>\n<p>M. Adama Coulibaly, le pr\u00e9sident du Comit\u00e9 technique de concertation Etat\/secteur priv\u00e9, a dans un discours, relev\u00e9 que \u00ab\u00a0le projet d\u2019ordonnance de r\u00e9vision du Code du travail qui devrait int\u00e9grer le ch\u00f4mage partiel est en cours de discussion avec les partenaires sociaux\u00a0\u00bb.<\/p>\n<p>Cette notion de ch\u00f4mage partiel intervient dans un contexte marqu\u00e9 par la pand\u00e9mie de Covid-19, qui a impact\u00e9 la tr\u00e9sorerie de certaines entreprises qui se sont trouv\u00e9es dans l\u2019incapacit\u00e9 d\u2019assurer des charges sociales et d\u2019imposition.<\/p>\n<p>Plusieurs entreprises, au plus fort de la crise sanitaire de Covid-19, ont mis en ch\u00f4mage des employ\u00e9s, souvent sans accompagnement. Ce dispositif vient \u00e9tablir des mesures afin que les travailleurs ne soient pas l\u00e9s\u00e9s dans des situations de crise.<\/p>\n<p>Outre ce facteur, le ministre ivoirien de l\u2019Economie et des finances, et le ministre du Budget et du portefeuille de l\u2019Etat, Moussa Sanogo, ont, avec les chefs d\u2019entreprise, fait un examen de la matrice des pr\u00e9occupations du secteur priv\u00e9, notamment des PME.<\/p>\n<p>Certaines des pr\u00e9occupations dans la matrice des PME ont d\u00e9j\u00e0 \u00e9t\u00e9 r\u00e9solues ou prises en compte dans les dispositions l\u00e9gales et r\u00e8glementaires en vigueur, ou soit inscrites dans l\u2019agenda de r\u00e9formes et des mesures des minist\u00e8res \u00e0 soumettre au gouvernement, a-t-il assur\u00e9.<\/p>\n<p>Il s\u2019agit, entre autres, des dispositifs d\u2019assouplissement du travail tels que la flexibilit\u00e9 et la retraite incitative, des mesures d\u2019incitation \u00e0 l\u2019embauche telles que les cr\u00e9dits d\u2019imp\u00f4ts, la d\u00e9taxation des \u0153uvres d\u2019art exon\u00e9r\u00e9es de TVA, a-t-il \u00e9num\u00e9r\u00e9.<\/p>\n<p>M. Coulibaly a \u00e9galement mentionn\u00e9 l\u2019octroi au secteur priv\u00e9 pharmaceutique des exon\u00e9rations fiscales et douani\u00e8res accord\u00e9es \u00e0 la Nouvelle pharmacie de la sant\u00e9 publique, dans le cadre de la Couverture maladie universelle (CMU) \u00e0 travers l\u2019annexe fiscale 2021.<\/p>\n<p>Les avantages au secteur priv\u00e9 ressortent par ailleurs l\u2019instauration de r\u00e9gimes sp\u00e9cifiques aux PME en mati\u00e8re de fiscalit\u00e9 de porte, de fiscalit\u00e9 int\u00e9rieure et d\u2019investissement ; la facilitation du paiement en ligne des imp\u00f4ts, et l\u2019acc\u00e8s des PME au financement.<\/p>\n<p>Le gouvernement envisage d\u2019acc\u00e9l\u00e9rer, au profit des PME, la mise en \u0153uvre du Programme Phoenix dont le bilan \u00e0 mi-parcours d\u2019ex\u00e9cution fait \u00e9tat de 41 mesures sur 50 en cours d\u2019ex\u00e9cution avec pour fait majeur la cr\u00e9ation et le fonctionnement de l\u2019Agence C\u00f4te d\u2019Ivoire PME.<\/p>\n<p>L\u2019agenda des mesures de r\u00e9formes des d\u00e9partements minist\u00e9riels ivoiriens portent, entre autres, le projet de l\u2019observatoire des PME pr\u00eat \u00e0 \u00eatre soumis au gouvernement et les projets de textes sur la r\u00e9glementation du T\u00e9l\u00e9travail, en cours d\u2019\u00e9laboration.<\/p>\n<p>\u00ab\u00a0Nous indiquerons la suite de l\u2019agenda pour la restitution de nos travaux \u00e0 M. le Premier ministre, pr\u00e9sident du Conseil de concertation en vue de sa prochaine rencontre avec les PME\u00a0\u00bb, a dit le ministre de l\u2019Economie et des finances, Adama Coulibaly.<\/p>\n<\/div>\n<p>Auteur: APA News<br \/>\n<a href=\"https:\/\/www.journalducameroun.com\/des-discussions-pour-integrer-le-chomage-partiel-dans-le-code-du-travail-ivoirien\/\">Cliquez ici pour lire l&rsquo;article depuis sa source.<\/a><\/p>\n","protected":false},"excerpt":{"rendered":"<p>Publi\u00e9 le 07.01.2021 \u00e0 23h18 par APA News Des discussions entre le secteur priv\u00e9 et le gouvernement ivoirien sont en cours en vue d\u2019int\u00e9grer le \u00ab\u00a0ch\u00f4mage partiel\u00a0\u00bb dans le Code du travail, a fait savoir jeudi le ministre ivoirien de l\u2019Economie et des finances, Adama Coulibaly, lors d\u2019une rencontre avec des chefs d\u2019entreprise. M. Adama [&hellip;]<\/p>\n","protected":false},"author":1965,"featured_media":0,"comment_status":"closed","ping_status":"closed","sticky":false,"template":"","format":"standard","meta":{"fifu_image_url":"","fifu_image_alt":"","footnotes":""},"categories":[73,82],"tags":[],"class_list":["post-108898","post","type-post","status-publish","format-standard","hentry","category-actualite","category-cameroun"],"_links":{"self":[{"href":"https:\/\/linitiative.ca\/International\/wp-json\/wp\/v2\/posts\/108898","targetHints":{"allow":["GET"]}}],"collection":[{"href":"https:\/\/linitiative.ca\/International\/wp-json\/wp\/v2\/posts"}],"about":[{"href":"https:\/\/linitiative.ca\/International\/wp-json\/wp\/v2\/types\/post"}],"author":[{"embeddable":true,"href":"https:\/\/linitiative.ca\/International\/wp-json\/wp\/v2\/users\/1965"}],"replies":[{"embeddable":true,"href":"https:\/\/linitiative.ca\/International\/wp-json\/wp\/v2\/comments?post=108898"}],"version-history":[{"count":0,"href":"https:\/\/linitiative.ca\/International\/wp-json\/wp\/v2\/posts\/108898\/revisions"}],"wp:attachment":[{"href":"https:\/\/linitiative.ca\/International\/wp-json\/wp\/v2\/media?parent=108898"}],"wp:term":[{"taxonomy":"category","embeddable":true,"href":"https:\/\/linitiative.ca\/International\/wp-json\/wp\/v2\/categories?post=108898"},{"taxonomy":"post_tag","embeddable":true,"href":"https:\/\/linitiative.ca\/International\/wp-json\/wp\/v2\/tags?post=108898"}],"curies":[{"name":"wp","href":"https:\/\/api.w.org\/{rel}","templated":true}]}}