{"id":108899,"date":"2021-01-07T17:18:04","date_gmt":"2021-01-07T22:18:04","guid":{"rendered":"https:\/\/linitiative.ca\/International\/plus-de-200-cas-de-covid-19-enregistres-en-24-h-en-cote-divoire\/"},"modified":"2021-01-07T17:18:04","modified_gmt":"2021-01-07T22:18:04","slug":"plus-de-200-cas-de-covid-19-enregistres-en-24-h-en-cote-divoire","status":"publish","type":"post","link":"https:\/\/linitiative.ca\/International\/plus-de-200-cas-de-covid-19-enregistres-en-24-h-en-cote-divoire\/","title":{"rendered":"Plus de 200 cas de Covid-19 enregistr\u00e9s en 24 h en C\u00f4te d\u2019Ivoire"},"content":{"rendered":"<div readability=\"32\">\n<p>Publi\u00e9 le 07.01.2021 \u00e0 23h18 par APA News<\/p>\n<\/div>\n<div readability=\"53\">\n<p>La C\u00f4te d\u2019Ivoire a enregistr\u00e9 jeudi 210 nouveaux cas de Covid-19 sur 4077 \u00e9chantillons pr\u00e9lev\u00e9s, soit 5,2% de cas positifs, 89 gu\u00e9ris et 0 d\u00e9c\u00e8s, a annonc\u00e9 le minist\u00e8re ivoirien de la sant\u00e9 et de l\u2019hygi\u00e8ne publique dans un communiqu\u00e9.<\/p>\n<p>Depuis quelques temps, l\u2019on note une r\u00e9surgence de cas de Covid-19 dans le pays. En effet, depuis le d\u00e9but de l\u2019ann\u00e9e 2021, la C\u00f4te d\u2019Ivoire a enregistr\u00e9 pr\u00e8s de 700 nouveaux cas de Covid-19 avec une hausse quotidienne de ces cas.<\/p>\n<p>Selon le minist\u00e8re de la sant\u00e9 et de l\u2019hygi\u00e8ne publique qui appelle les populations au \u00a0respect des mesures-barri\u00e8res contre cette maladie, 95% des nouveaux cas sont localis\u00e9s \u00e0 Abidjan qui demeure l\u2019\u00e9picentre de la maladie dans le pays. A ce jour, la C\u00f4te d\u2019Ivoire compte 23173 cas confirm\u00e9s de maladie \u00e0 Covid-19 dont 22301 personnes gu\u00e9ries, 138 d\u00e9c\u00e8s et 734 cas actifs.<\/p>\n<\/div>\n<p>Auteur: APA News<br \/>\n<a href=\"https:\/\/www.journalducameroun.com\/plus-de-200-cas-de-covid-19-enregistres-en-24-h-en-cote-divoire\/\">Cliquez ici pour lire l&rsquo;article depuis sa source.<\/a><\/p>\n","protected":false},"excerpt":{"rendered":"<p>Publi\u00e9 le 07.01.2021 \u00e0 23h18 par APA News La C\u00f4te d\u2019Ivoire a enregistr\u00e9 jeudi 210 nouveaux cas de Covid-19 sur 4077 \u00e9chantillons pr\u00e9lev\u00e9s, soit 5,2% de cas positifs, 89 gu\u00e9ris et 0 d\u00e9c\u00e8s, a annonc\u00e9 le minist\u00e8re ivoirien de la sant\u00e9 et de l\u2019hygi\u00e8ne publique dans un communiqu\u00e9. Depuis quelques temps, l\u2019on note une r\u00e9surgence [&hellip;]<\/p>\n","protected":false},"author":1965,"featured_media":0,"comment_status":"closed","ping_status":"closed","sticky":false,"template":"","format":"standard","meta":{"fifu_image_url":"","fifu_image_alt":"","footnotes":""},"categories":[73,82],"tags":[],"class_list":["post-108899","post","type-post","status-publish","format-standard","hentry","category-actualite","category-cameroun"],"_links":{"self":[{"href":"https:\/\/linitiative.ca\/International\/wp-json\/wp\/v2\/posts\/108899","targetHints":{"allow":["GET"]}}],"collection":[{"href":"https:\/\/linitiative.ca\/International\/wp-json\/wp\/v2\/posts"}],"about":[{"href":"https:\/\/linitiative.ca\/International\/wp-json\/wp\/v2\/types\/post"}],"author":[{"embeddable":true,"href":"https:\/\/linitiative.ca\/International\/wp-json\/wp\/v2\/users\/1965"}],"replies":[{"embeddable":true,"href":"https:\/\/linitiative.ca\/International\/wp-json\/wp\/v2\/comments?post=108899"}],"version-history":[{"count":0,"href":"https:\/\/linitiative.ca\/International\/wp-json\/wp\/v2\/posts\/108899\/revisions"}],"wp:attachment":[{"href":"https:\/\/linitiative.ca\/International\/wp-json\/wp\/v2\/media?parent=108899"}],"wp:term":[{"taxonomy":"category","embeddable":true,"href":"https:\/\/linitiative.ca\/International\/wp-json\/wp\/v2\/categories?post=108899"},{"taxonomy":"post_tag","embeddable":true,"href":"https:\/\/linitiative.ca\/International\/wp-json\/wp\/v2\/tags?post=108899"}],"curies":[{"name":"wp","href":"https:\/\/api.w.org\/{rel}","templated":true}]}}