{"id":108900,"date":"2021-01-07T18:04:16","date_gmt":"2021-01-07T23:04:16","guid":{"rendered":"https:\/\/linitiative.ca\/International\/normalisation-fif-la-fifa-sinstallera-dici-la-semaine-prochaine-ministre\/"},"modified":"2021-01-07T18:04:16","modified_gmt":"2021-01-07T23:04:16","slug":"normalisation-fif-la-fifa-sinstallera-dici-la-semaine-prochaine-ministre","status":"publish","type":"post","link":"https:\/\/linitiative.ca\/International\/normalisation-fif-la-fifa-sinstallera-dici-la-semaine-prochaine-ministre\/","title":{"rendered":"Normalisation FIF: la FIFA \u00ab\u00a0s\u2019installera d\u2019ici la semaine prochaine\u00a0\u00bb (ministre)"},"content":{"rendered":"<div readability=\"32\">\n<p>Publi\u00e9 le 08.01.2021 \u00e0 00h18 par APA News<\/p>\n<\/div>\n<div readability=\"84\">\n<p>La FIFA \u00ab\u00a0s\u2019installera d\u2019ici la semaine prochaine\u00a0\u00bb \u00e0 Abidjan dans le cadre de la normalisation de la F\u00e9d\u00e9ration ivoirienne de football (FIF), a indiqu\u00e9 jeudi le ministre du Sport, Paulin Danho.<\/p>\n<p>\u00ab\u00a0La FIFA a commenc\u00e9 \u00e0 s\u2019installer et s\u2019installera dans quelques heures, d\u2019ici la semaine prochaine, pour prendre la gestion au quotidien\u00a0\u00bb de la FIF, a dit M. Paulin Danho, face aux acteurs du secteur du football ivoirien.<\/p>\n<p>Cette rencontre intervient apr\u00e8s une audience entre le ministre ivoirien du Sport et le Comit\u00e9 directeur de la F\u00e9d\u00e9ration ivoirienne de football, il y a quelques jours.\u00a0<\/p>\n<p>Sans ambages, M. Paulin Danho a martel\u00e9 que cette situation est \u00ab\u00a0regrettable et p\u00e9nalisante\u00a0\u00bb, ironisant que \u00ab\u00a0quand il n\u2019y a pas de fissure dans un mur, le cafard ne peut pas rentrer dans l\u00e0 maison\u00a0\u00bb. \u00a0<\/p>\n<p>La FIFA a d\u00e9cid\u00e9 de mettre sous normalisation la FIF \u00e0 la suite d\u2019un blocage dans le processus \u00e9lectoral devant instaurer de nouveaux dirigeants de l\u2019organisation. Et ce, apr\u00e8s une requ\u00eate en r\u00e9f\u00e9r\u00e9 de la FIF aupr\u00e8s du Tribunal arbitral du sport \u00a0(TAS).\u00a0<\/p>\n<p>Ensuite, la FIF a saisi le Tribunal arbitral du sport pour demander l\u2019annulation de la mesure de la FIFA pour poursuivre le processus \u00e9lectoral controvers\u00e9.<\/p>\n<p>L\u2019une des cons\u00e9quences de la normalisation est que le Comit\u00e9 ex\u00e9cutif de la FIF \u00ab\u00a0n\u2019existe plus\u00a0\u00bb, a fait savoir M. Danho, pr\u00e9cisant que \u00ab\u00a0seulement les \u00e9lus sont suspendus\u00a0\u00bb mais les agents restent en place.<\/p>\n<p>Le Comit\u00e9 de normalisation a un d\u00e9lai de un an, allant jusqu\u2019au 31 d\u00e9cembre 2021. Le ministre du Sport a souhait\u00e9 que \u00ab\u00a0malgr\u00e9 tout, cette normalisation soit \u00e9ph\u00e9m\u00e8re et profitable\u00a0\u00bb pour le pays. Surtout, dira-t-il, que cette normalisation soit \u00ab\u00a0efficace pour qu\u2019on ait un retour \u00e0 la normalit\u00e9\u00a0\u00bb de la F\u00e9d\u00e9ration ivoirienne de football.<\/p>\n<p>Il a fait observer qu\u2019une administration provisoire se met en place. Toutefois, le gouvernement nourrit l\u2019ambition de sortir le secteur du sport de l\u2019informel et en faire une v\u00e9ritable industrie. \u00a0<\/p>\n<\/div>\n<p>Auteur: APA News<br \/>\n<a href=\"https:\/\/www.journalducameroun.com\/normalisation-fif-la-fifa-sinstallera-dici-la-semaine-prochaine-ministre\/\">Cliquez ici pour lire l&rsquo;article depuis sa source.<\/a><\/p>\n","protected":false},"excerpt":{"rendered":"<p>Publi\u00e9 le 08.01.2021 \u00e0 00h18 par APA News La FIFA \u00ab\u00a0s\u2019installera d\u2019ici la semaine prochaine\u00a0\u00bb \u00e0 Abidjan dans le cadre de la normalisation de la F\u00e9d\u00e9ration ivoirienne de football (FIF), a indiqu\u00e9 jeudi le ministre du Sport, Paulin Danho. \u00ab\u00a0La FIFA a commenc\u00e9 \u00e0 s\u2019installer et s\u2019installera dans quelques heures, d\u2019ici la semaine prochaine, pour [&hellip;]<\/p>\n","protected":false},"author":1965,"featured_media":0,"comment_status":"closed","ping_status":"closed","sticky":false,"template":"","format":"standard","meta":{"fifu_image_url":"","fifu_image_alt":"","footnotes":""},"categories":[73,82],"tags":[],"class_list":["post-108900","post","type-post","status-publish","format-standard","hentry","category-actualite","category-cameroun"],"_links":{"self":[{"href":"https:\/\/linitiative.ca\/International\/wp-json\/wp\/v2\/posts\/108900","targetHints":{"allow":["GET"]}}],"collection":[{"href":"https:\/\/linitiative.ca\/International\/wp-json\/wp\/v2\/posts"}],"about":[{"href":"https:\/\/linitiative.ca\/International\/wp-json\/wp\/v2\/types\/post"}],"author":[{"embeddable":true,"href":"https:\/\/linitiative.ca\/International\/wp-json\/wp\/v2\/users\/1965"}],"replies":[{"embeddable":true,"href":"https:\/\/linitiative.ca\/International\/wp-json\/wp\/v2\/comments?post=108900"}],"version-history":[{"count":0,"href":"https:\/\/linitiative.ca\/International\/wp-json\/wp\/v2\/posts\/108900\/revisions"}],"wp:attachment":[{"href":"https:\/\/linitiative.ca\/International\/wp-json\/wp\/v2\/media?parent=108900"}],"wp:term":[{"taxonomy":"category","embeddable":true,"href":"https:\/\/linitiative.ca\/International\/wp-json\/wp\/v2\/categories?post=108900"},{"taxonomy":"post_tag","embeddable":true,"href":"https:\/\/linitiative.ca\/International\/wp-json\/wp\/v2\/tags?post=108900"}],"curies":[{"name":"wp","href":"https:\/\/api.w.org\/{rel}","templated":true}]}}