{"id":108901,"date":"2021-01-07T18:04:20","date_gmt":"2021-01-07T23:04:20","guid":{"rendered":"https:\/\/linitiative.ca\/International\/covid-19-fake-news-loif-octroie-un-financement-au-repprelci\/"},"modified":"2021-01-07T18:04:20","modified_gmt":"2021-01-07T23:04:20","slug":"covid-19-fake-news-loif-octroie-un-financement-au-repprelci","status":"publish","type":"post","link":"https:\/\/linitiative.ca\/International\/covid-19-fake-news-loif-octroie-un-financement-au-repprelci\/","title":{"rendered":"Covid-19\/Fake news: l\u2019OIF octroie un financement au Repprelci"},"content":{"rendered":"<div readability=\"32\">\n<p>Publi\u00e9 le 08.01.2021 \u00e0 00h18 par APA News<\/p>\n<\/div>\n<div readability=\"95\">\n<p>L\u2019Organisation internationale de la Francophonie (OIF), a dans le cadre de la phase 2 de son dispositif de soutien exceptionnel aux structures francophones de v\u00e9rification des faits mis en place dans le cadre de la pand\u00e9mie de Covid-19, octroy\u00e9 une aide financi\u00e8re au R\u00e9seau des professionnels de la presse en ligne de C\u00f4te d\u2019Ivoire (Repprelci), la fa\u00eeti\u00e8re de la presse num\u00e9rique, rapporte jeudi une note d\u2019information transmise \u00e0 APA.<\/p>\n<p>Selon un protocole d&rsquo;\u00a0\u00bbentente\u00a0\u00bb relatif \u00e0 l\u2019octroi de cette aide financi\u00e8re de 1,9 million Fcfa (3.000 euros), dans le cadre de la phase 2 du dispositif de soutien exceptionnel aux structures francophones de v\u00e9rification des faits, ce fonds est \u00e9galement destin\u00e9 \u00e0 promouvoir, entre autres,\u00a0\u00bb l\u2019\u00e9galit\u00e9 entre les femmes et les hommes\u00a0\u00bb ainsi que les valeurs soutenues par l\u2019OIF. \u00a0<\/p>\n<p>Le Repprelci a \u00e9t\u00e9 s\u00e9lectionn\u00e9 \u00e0 l\u2019issue d\u2019un appel \u00e0 candidatures lanc\u00e9 par l\u2019OIF en novembre 2020 dans ce cadre. La fa\u00eeti\u00e8re qui regroupe plus de 80 sites d\u2019information et plus de 500 acteurs, a jusqu\u2019au plus tard le 30 octobre 2021 pour produire les r\u00e9sultats escompt\u00e9s.<\/p>\n<p>Le pr\u00e9sident du Repprelci, Lassina Serm\u00e9 a salu\u00e9 cet appui de l\u2019OIF, promettant que son organisation mettra tout en \u0153uvre pour respecter ses engagements et atteindre les objectifs. Cet appui de l\u2019OIF intervient au moment o\u00f9 la C\u00f4te d\u2019Ivoire fait face \u00e0 une r\u00e9surgence de cas de Covid-19. \u00a0<\/p>\n<p>La fa\u00eeti\u00e8re a initi\u00e9 depuis le 16 mars 2020 une campagne de sensibilisation et de lutte contre les fake news sur la Covid-19 avec la mise en place de sa plateforme num\u00e9rique ivoirecheck.com, en direction des m\u00e9dias num\u00e9riques, des utilisateurs de r\u00e9seaux sociaux et des blogueurs. Et ce, pour corriger les fausses nouvelles, qui souvent mettent le feu au poudre.\u00a0<\/p>\n<p>Les dispositions de la Charte de la Francophonie pr\u00e9voient que l\u2019OIF qui a pour objectif d\u2019aider \u00e0 l\u2019instauration et au d\u00e9veloppement de la d\u00e9mocratie, \u00e0 la pr\u00e9vention, \u00e0 la gestion et au r\u00e8glement des conflits, apporte un soutien \u00e0 l\u2019Etat de droit et aux droits de l\u2019Homme. \u00a0<\/p>\n<p>A travers la campagne de lutte contre la Covid-19, la fa\u00eeti\u00e8re des acteurs des m\u00e9dias num\u00e9riques en C\u00f4te d\u2019Ivoire, a jou\u00e9 un r\u00f4le de premier plan dans la v\u00e9rification des informations durant l\u2019\u00e9lection pr\u00e9sidentielle d\u2019octobre 2020. \u00a0Ce projet devrait permettre au Repprelci de promouvoir l\u2019\u00e9galit\u00e9 homme-femme.<\/p>\n<p>Pour les prochaines l\u00e9gislatives ivoiriennes, la loi requiert que les partis politiques donnent l\u2019opportunit\u00e9 aux femmes de briguer ces postes \u00e9lectifs \u00e0 hauteur de 30%. Le Repprelci trouve ici une mati\u00e8re pour soutenir l\u2019\u00e9galit\u00e9 homme-femme. \u00a0<\/p>\n<p>Cr\u00e9\u00e9 en 2006, le Repprelci regroupe les acteurs de la presse num\u00e9rique en C\u00f4te d\u2019Ivoire. Cette fa\u00eeti\u00e8re des m\u00e9dias num\u00e9riques ivoiriens s\u2019est donn\u00e9e pour mission d\u2019organiser, structurer et promouvoir la presse num\u00e9rique en C\u00f4te d\u2019Ivoire.<\/p>\n<\/div>\n<p>Auteur: APA News<br \/>\n<a href=\"https:\/\/www.journalducameroun.com\/covid-19-fake-news-loif-octroie-un-financement-au-repprelci\/\">Cliquez ici pour lire l&rsquo;article depuis sa source.<\/a><\/p>\n","protected":false},"excerpt":{"rendered":"<p>Publi\u00e9 le 08.01.2021 \u00e0 00h18 par APA News L\u2019Organisation internationale de la Francophonie (OIF), a dans le cadre de la phase 2 de son dispositif de soutien exceptionnel aux structures francophones de v\u00e9rification des faits mis en place dans le cadre de la pand\u00e9mie de Covid-19, octroy\u00e9 une aide financi\u00e8re au R\u00e9seau des professionnels de [&hellip;]<\/p>\n","protected":false},"author":1965,"featured_media":0,"comment_status":"closed","ping_status":"closed","sticky":false,"template":"","format":"standard","meta":{"fifu_image_url":"","fifu_image_alt":"","footnotes":""},"categories":[73,82],"tags":[],"class_list":["post-108901","post","type-post","status-publish","format-standard","hentry","category-actualite","category-cameroun"],"_links":{"self":[{"href":"https:\/\/linitiative.ca\/International\/wp-json\/wp\/v2\/posts\/108901","targetHints":{"allow":["GET"]}}],"collection":[{"href":"https:\/\/linitiative.ca\/International\/wp-json\/wp\/v2\/posts"}],"about":[{"href":"https:\/\/linitiative.ca\/International\/wp-json\/wp\/v2\/types\/post"}],"author":[{"embeddable":true,"href":"https:\/\/linitiative.ca\/International\/wp-json\/wp\/v2\/users\/1965"}],"replies":[{"embeddable":true,"href":"https:\/\/linitiative.ca\/International\/wp-json\/wp\/v2\/comments?post=108901"}],"version-history":[{"count":0,"href":"https:\/\/linitiative.ca\/International\/wp-json\/wp\/v2\/posts\/108901\/revisions"}],"wp:attachment":[{"href":"https:\/\/linitiative.ca\/International\/wp-json\/wp\/v2\/media?parent=108901"}],"wp:term":[{"taxonomy":"category","embeddable":true,"href":"https:\/\/linitiative.ca\/International\/wp-json\/wp\/v2\/categories?post=108901"},{"taxonomy":"post_tag","embeddable":true,"href":"https:\/\/linitiative.ca\/International\/wp-json\/wp\/v2\/tags?post=108901"}],"curies":[{"name":"wp","href":"https:\/\/api.w.org\/{rel}","templated":true}]}}