{"id":108903,"date":"2021-01-07T07:25:01","date_gmt":"2021-01-07T12:25:01","guid":{"rendered":"https:\/\/linitiative.ca\/International\/ape-le-cameroun-retablit-demantelement-tarifaire\/"},"modified":"2021-01-07T07:25:01","modified_gmt":"2021-01-07T12:25:01","slug":"ape-le-cameroun-retablit-demantelement-tarifaire","status":"publish","type":"post","link":"https:\/\/linitiative.ca\/International\/ape-le-cameroun-retablit-demantelement-tarifaire\/","title":{"rendered":"APE : le Cameroun r\u00e9tablit d\u00e9mant\u00e8lement tarifaire"},"content":{"rendered":"<p>Comme annonc\u00e9 le 10 novembre dernier par le\u00a0ministre camerounais de l\u2019Economie, le calendrier de d\u00e9mant\u00e8lement tarifaire contenu dans l\u2019Accord de partenariat \u00e9conomique bilat\u00e9ral Cameroun-Union Europ\u00e9enne a repris du poil de la b\u00eate depuis le 1<sup>er<\/sup>\u00a0janvier dernier. L\u2019annonce a \u00e9t\u00e9 faite par la Direction g\u00e9n\u00e9rale des Douanes(DGD). Cette reprise marque la cinqui\u00e8me phase de ce d\u00e9mant\u00e8lement tarifaire entam\u00e9e le 04 ao\u00fbt 2016 et qui devrait s\u2019\u00e9tendre jusqu\u2019au 03 ao\u00fbt 2021.<\/p>\n<p><strong>Lire aussi<\/strong> : <a href=\"https:\/\/ecomatin.net\/suspension-de-lextension-de-lape-le-cameroun-a-t-il-respecte-la-procedure\/\">Suspension de l\u2019extension de l\u2019APE : le Cameroun a-t-il respect\u00e9 la proc\u00e9dure ?<\/a><\/p>\n<p>Ainsi, depuis le\u00a01<sup>er<\/sup>\u00a0janvier dernier, les produits du 3<sup>e<\/sup>\u00a0groupe comme les v\u00e9hicules de tourisme et de transport de personnes, les motocycles, les carburants, ciments etc\u2026 en provenance de l\u2019UE b\u00e9n\u00e9ficient d\u2019une exon\u00e9ration de 10%. Cette d\u00e9cote s\u2019appliquera chaque ann\u00e9e et de mani\u00e8re progressive jusqu\u2019\u00e0 exon\u00e9ration totale en 2029. S\u2019agissant des marchandises du 1<sup>er<\/sup>\u00a0groupe, l\u2019exon\u00e9ration avait d\u00e9but\u00e9 en 2016 par un d\u00e9mant\u00e8lement partiel des droits de douane de 25% par an. Depuis 2019, ils en sont totalement exon\u00e9r\u00e9s. Dans le d\u00e9tail, il s\u2019agit des produits tels que les machines industrielles, les turbines, les grues, machines \u00e0 coudre, ordinateurs, produits chimiques\u2026 Pour le second groupe dont le d\u00e9mant\u00e8lement a d\u00e9marr\u00e9 le 04 ao\u00fbt 2017, avec une d\u00e9cote annuelle de 15%, les produits b\u00e9n\u00e9ficient d\u2019une exon\u00e9ration de 60% \u00e0 l\u2019import. Rentrent dans cette cat\u00e9gorie, les produits tels que les v\u00e9hicules pour le transport des marchandises, les remorques, les tracteur et autres machines et appareils industriels.<\/p>\n<p><strong>Lire aussi :<\/strong> <a href=\"https:\/\/ecomatin.net\/ape-le-cameroun-va-retablir-le-demantelement-tarifaire-des-le-1er-janvier-2021\/\">APE : le Cameroun va r\u00e9tablir le d\u00e9mant\u00e8lement tarifaire d\u00e8s le 1er janvier 2021<\/a><\/p>\n<p><strong>Coronavirus<\/strong><\/p>\n<p>Pour justifier sa\u00a0 d\u00e9cision de suspendre temporairement la cinqui\u00e8me phase de d\u00e9mant\u00e8lement tarifaire de l\u2019APE, le Cameroun avait \u00e9voqu\u00e9 les cons\u00e9quences in\u00e9dites de la crise sanitaire internationale du coronavirus sur son \u00e9conomie et ses finances publiques. Laquelle a<em>\u00a0\u00ab\u00a0oblig\u00e9 les autorit\u00e9s camerounaises \u00e0 revoir les pr\u00e9visions de recettes 2020, lesquelles enregistrent une baisse de 200 milliards de FCFA de droits des douanes<\/em>\u00bb explique le ministre camerounais de l\u2019Economie dans une correspondance adress\u00e9e le 10 novembre 2020 au chef de la d\u00e9l\u00e9gation de l\u2019UE \u00e0 Yaound\u00e9. Une d\u00e9cision que d\u00e9plorait le partenaire europ\u00e9en du fait de son caract\u00e8re unilat\u00e9ral. Et m\u00eame l\u2019article de l\u2019accord qui pr\u00e9voit qu\u2019 \u00abune partie peut prendre des mesures de sauvegarde d\u2019une dur\u00e9e limit\u00e9e qui d\u00e9rogent aux dispositions des articles\u00a020 et 21, dans les conditions et conform\u00e9ment aux proc\u00e9dures pr\u00e9vues par le pr\u00e9sent article\u00a0\u00bb a \u00e9t\u00e9 r\u00e9cus\u00e9e par la partie europ\u00e9enne.\u00a0\u00a0\u00ab\u00a0L\u2019APE entre le Cameroun et l\u2019Union Europ\u00e9enne\u00a0ne pr\u00e9voit pas une suspension unilat\u00e9rale des obligations d\u2019une partie ou la\u00a0suspension du calendrier de\u00a0d\u00e9mant\u00e8lement, \u00e0 moins que\u00a0ce ne soit dans des conditions exceptionnelles, sp\u00e9cifiquement indiqu\u00e9es dans\u00a0l\u2019accord\u00bb explique un responsable de l\u2019institution qui poursuit\u00a0: \u00ab\u00a0Le probl\u00e8me dans cette affaire, c\u2019est la d\u00e9marche. Le\u00a0gouvernement camerounais\u00a0ne peut pas, unilat\u00e9ralement\u00a0et sans nous en informer au\u00a0pr\u00e9alable, proc\u00e9der de la\u00a0sorte. Sa d\u00e9marche contrevient aux engagements\u00a0qu\u2019il a lui-m\u00eame pris dans\u00a0le cadre de cet Accord. Il\u00a0y a comme un soup\u00e7on de\u00a0mauvaise foi de sa part\u00bb.<\/p>\n<p><strong>Lire aussi<\/strong> : <a href=\"https:\/\/ecomatin.net\/la-banane-camerounaise-a-lepreuve-des-ape\/\">La banane camerounaise \u00e0 l\u2019\u00e9preuve des APE<\/a><\/p>\n<p>Pour sa part le Cameroun dit avoir agi de bonne foi. \u00ab\u00a0<em>Le gouvernement du Cameroun, en d\u00e9pit de la r\u00e9cusation par vos soins de l\u2019article 31 de l\u2019APE, a pris ladite d\u00e9cision de bonne foi, a la lumi\u00e8re des dispositions de\u00a0l\u2019article 57 de la convention de Vienne de 1969 sur les trait\u00e9s internationaux relativement aux cas de force majeure<\/em>\u00a0\u00bb\u00a0explique le ministre de l\u2019\u00e9conomie, Alamine ousmane Mey.<\/p>\n<p><strong>Lire aussi<\/strong> : \u00a0<a href=\"https:\/\/ecomatin.net\/financement-de-lape-cameroun-ue-le-plaidoyer-du-gouvernement-bientot-en-examen-a-lue\/\">Financement de l\u2019APE Cameroun-UE : le plaidoyer du gouvernement bient\u00f4t en examen \u00e0 l\u2019UE<\/a><\/p>\n<p>Auteur: Cedrick JIONGO<br \/>\n<a href=\"https:\/\/ecomatin.net\/ape-le-cameroun-retablit-demantelement-tarifaire\/\">Cliquez ici pour lire l&rsquo;article depuis sa source.<\/a><\/p>\n","protected":false},"excerpt":{"rendered":"<p>Comme annonc\u00e9 le 10 novembre dernier par le\u00a0ministre camerounais de l\u2019Economie, le calendrier de d\u00e9mant\u00e8lement tarifaire contenu dans l\u2019Accord de partenariat \u00e9conomique bilat\u00e9ral Cameroun-Union Europ\u00e9enne a repris du poil de la b\u00eate depuis le 1er\u00a0janvier dernier. L\u2019annonce a \u00e9t\u00e9 faite par la Direction g\u00e9n\u00e9rale des Douanes(DGD). Cette reprise marque la cinqui\u00e8me phase de ce d\u00e9mant\u00e8lement [&hellip;]<\/p>\n","protected":false},"author":1969,"featured_media":0,"comment_status":"closed","ping_status":"closed","sticky":false,"template":"","format":"standard","meta":{"fifu_image_url":"","fifu_image_alt":"","footnotes":""},"categories":[82,78],"tags":[],"class_list":["post-108903","post","type-post","status-publish","format-standard","hentry","category-cameroun","category-economie"],"_links":{"self":[{"href":"https:\/\/linitiative.ca\/International\/wp-json\/wp\/v2\/posts\/108903","targetHints":{"allow":["GET"]}}],"collection":[{"href":"https:\/\/linitiative.ca\/International\/wp-json\/wp\/v2\/posts"}],"about":[{"href":"https:\/\/linitiative.ca\/International\/wp-json\/wp\/v2\/types\/post"}],"author":[{"embeddable":true,"href":"https:\/\/linitiative.ca\/International\/wp-json\/wp\/v2\/users\/1969"}],"replies":[{"embeddable":true,"href":"https:\/\/linitiative.ca\/International\/wp-json\/wp\/v2\/comments?post=108903"}],"version-history":[{"count":0,"href":"https:\/\/linitiative.ca\/International\/wp-json\/wp\/v2\/posts\/108903\/revisions"}],"wp:attachment":[{"href":"https:\/\/linitiative.ca\/International\/wp-json\/wp\/v2\/media?parent=108903"}],"wp:term":[{"taxonomy":"category","embeddable":true,"href":"https:\/\/linitiative.ca\/International\/wp-json\/wp\/v2\/categories?post=108903"},{"taxonomy":"post_tag","embeddable":true,"href":"https:\/\/linitiative.ca\/International\/wp-json\/wp\/v2\/tags?post=108903"}],"curies":[{"name":"wp","href":"https:\/\/api.w.org\/{rel}","templated":true}]}}