{"id":108905,"date":"2021-01-07T10:52:41","date_gmt":"2021-01-07T15:52:41","guid":{"rendered":"https:\/\/linitiative.ca\/International\/de-nouveaux-dirigeants-a-la-tete-de-camair-co\/"},"modified":"2021-01-07T10:52:41","modified_gmt":"2021-01-07T15:52:41","slug":"de-nouveaux-dirigeants-a-la-tete-de-camair-co","status":"publish","type":"post","link":"https:\/\/linitiative.ca\/International\/de-nouveaux-dirigeants-a-la-tete-de-camair-co\/","title":{"rendered":"De nouveaux dirigeants \u00e0 la t\u00eate de Camair-co"},"content":{"rendered":"<p>C\u2019est le grand m\u00e9nage \u00e0 la Cameroon Airlines Corporation (Camair-co). Ce jeudi, 07 janvier 2021 \u00e0 Yaound\u00e9, s\u2019est tenu un conseil d\u2019administration extraordinaire de la compagnie a\u00e9rienne nationale du Cameroun. Un seul point \u00e9tait \u00e0 l\u2019ordre du jour, \u00a0le remplacement de l\u2019\u00e9quipe dirigeante. A l\u2019issus de la rencontre, c\u2019est une nouvelle \u00e9quipe qui sera d\u00e9sormais au cockpit. Jean Christophe Ela Nguema prend les commandes de l\u2019entreprise publique en qualit\u00e9 de Directeur g\u00e9n\u00e9ral. Il remplace \u00e0 ce poste Louis Georges Njipendi Kouotou, remerci\u00e9. L\u2019ex PCA de la compagnie a\u00e9rienne occupait ce poste depuis le 27 mai 2019.\u00a0 Jean Christophe Ela Nguema devient ainsi le 7<sup>e<\/sup>\u00a0directeur g\u00e9n\u00e9ral nomm\u00e9 \u00e0 la t\u00eate de cette entreprise qui totalise seulement 9 ann\u00e9es d\u2019existence. Il sera accompagn\u00e9 de Fochiv\u00e9 Alexandre, nomm\u00e9 Directeur G\u00e9n\u00e9ral Adjoint en remplacement de Max Constant Mve. Par ailleurs, la pr\u00e9sidence du conseil d\u2019administration de l\u2019entreprise, jusqu\u2019ici occup\u00e9e par le Ministre des transports, Jean Ernest Massena Ngale Bibehe a \u00e9t\u00e9 confi\u00e9e \u00e0 Moger Ayem.<\/p>\n<p><strong>Lire aussi :<\/strong> <a href=\"http:\/\/Transport%20a%C3%A9rien%20:%20Camair-co%20licencie%20130%20employ%C3%A9s\">Transport a\u00e9rien : Camair-co licencie 130 employ\u00e9s<\/a><\/p>\n<p>Cette d\u00e9cision du conseil d\u2019administration intervient 19 jours apr\u00e8s \u00a0le limogeage par l\u2019ex DG, de 130 employ\u00e9s de la compagnie. Une d\u00e9cision que Louis Georges Njipendi avait justifi\u00e9 par situation critique que traverse l\u2019entreprise depuis le d\u00e9but de l\u2019ann\u00e9e, aggrav\u00e9e par la pand\u00e9mie du coronavirus qui a oblig\u00e9 la compagnie \u00e0 un arr\u00eat d\u2019activit\u00e9 pendant des mois. \u00ab\u00a0Les crit\u00e8res de choix retenus pour ledit licenciement sont par ordre de priorit\u00e9\u00a0: les aptitudes professionnelles, l\u2019anciennet\u00e9 dans l\u2019entreprise et les charges familiales des travailleurs\u00a0\u00bb expliquait le natif du d\u00e9partement du Noun.<\/p>\n<p><strong>Lire aussi<\/strong> : <a href=\"https:\/\/ecomatin.net\/camair-co-receptionne-le-boeing-737-ukrainien\/\">Camair-co r\u00e9ceptionne le boeing 737 ukrainien<\/a><\/p>\n<p>La nouvelle \u00e9quipe aura \u00e0 c\u0153ur la restructuration de la compagnie nationale qui traverse depuis quelques ann\u00e9es une situation pr\u00e9occupante. Mise en service en 2011 avec une flotte de trois (03) avions, CAMAIR-CO n\u2019a jusqu\u2019\u00e0 pr\u00e9sent pas r\u00e9ussi \u00e0 \u00e9quilibrer son exploitation.\u00a0<strong>Trainant une dette de 30 milliards de Fcfa, Camair-Co a repris ses vols le 16 octobre 2020. Le red\u00e9collage de la compagnie a\u00e9rienne nationale \u00e9tait rendu possible avec le renforcement de sa flotte, notamment l\u2019arriv\u00e9e d\u2019un Boeing 737 lou\u00e9 en Ukraine avec tout son \u00e9quipage arriv\u00e9 depuis quelques semaines \u00e0 Douala.<\/strong><\/p>\n<p><strong>Lire aussi :<\/strong> <a href=\"https:\/\/ecomatin.net\/camair-co-800-millions-de-fcfa-pour-deux-mois-darrieres-de-salaires\/\">Camair co : 800 millions de FCFA pour deux mois d\u2019arri\u00e9r\u00e9s de salaires<\/a><\/p>\n<p>Auteur: Cedrick JIONGO<br \/>\n<a href=\"https:\/\/ecomatin.net\/de-nouveaux-dirigeants-a-la-tete-de-camair-co\/\">Cliquez ici pour lire l&rsquo;article depuis sa source.<\/a><\/p>\n","protected":false},"excerpt":{"rendered":"<p>C\u2019est le grand m\u00e9nage \u00e0 la Cameroon Airlines Corporation (Camair-co). Ce jeudi, 07 janvier 2021 \u00e0 Yaound\u00e9, s\u2019est tenu un conseil d\u2019administration extraordinaire de la compagnie a\u00e9rienne nationale du Cameroun. Un seul point \u00e9tait \u00e0 l\u2019ordre du jour, \u00a0le remplacement de l\u2019\u00e9quipe dirigeante. A l\u2019issus de la rencontre, c\u2019est une nouvelle \u00e9quipe qui sera d\u00e9sormais [&hellip;]<\/p>\n","protected":false},"author":1969,"featured_media":0,"comment_status":"closed","ping_status":"closed","sticky":false,"template":"","format":"standard","meta":{"fifu_image_url":"","fifu_image_alt":"","footnotes":""},"categories":[82,78],"tags":[],"class_list":["post-108905","post","type-post","status-publish","format-standard","hentry","category-cameroun","category-economie"],"_links":{"self":[{"href":"https:\/\/linitiative.ca\/International\/wp-json\/wp\/v2\/posts\/108905","targetHints":{"allow":["GET"]}}],"collection":[{"href":"https:\/\/linitiative.ca\/International\/wp-json\/wp\/v2\/posts"}],"about":[{"href":"https:\/\/linitiative.ca\/International\/wp-json\/wp\/v2\/types\/post"}],"author":[{"embeddable":true,"href":"https:\/\/linitiative.ca\/International\/wp-json\/wp\/v2\/users\/1969"}],"replies":[{"embeddable":true,"href":"https:\/\/linitiative.ca\/International\/wp-json\/wp\/v2\/comments?post=108905"}],"version-history":[{"count":0,"href":"https:\/\/linitiative.ca\/International\/wp-json\/wp\/v2\/posts\/108905\/revisions"}],"wp:attachment":[{"href":"https:\/\/linitiative.ca\/International\/wp-json\/wp\/v2\/media?parent=108905"}],"wp:term":[{"taxonomy":"category","embeddable":true,"href":"https:\/\/linitiative.ca\/International\/wp-json\/wp\/v2\/categories?post=108905"},{"taxonomy":"post_tag","embeddable":true,"href":"https:\/\/linitiative.ca\/International\/wp-json\/wp\/v2\/tags?post=108905"}],"curies":[{"name":"wp","href":"https:\/\/api.w.org\/{rel}","templated":true}]}}