{"id":108906,"date":"2021-01-07T13:19:40","date_gmt":"2021-01-07T18:19:40","guid":{"rendered":"https:\/\/linitiative.ca\/International\/distinction-alphonse-nafack-recoit-le-prix-du-meilleur-banquier-de-lafrique-centrale\/"},"modified":"2021-01-07T13:19:40","modified_gmt":"2021-01-07T18:19:40","slug":"distinction-alphonse-nafack-recoit-le-prix-du-meilleur-banquier-de-lafrique-centrale","status":"publish","type":"post","link":"https:\/\/linitiative.ca\/International\/distinction-alphonse-nafack-recoit-le-prix-du-meilleur-banquier-de-lafrique-centrale\/","title":{"rendered":"Distinction : Alphonse Nafack re\u00e7oit le prix du meilleur banquier de l\u2019Afrique centrale"},"content":{"rendered":"<div class=\"featured-area featured-area-inner\">\n<p><img loading=\"lazy\" decoding=\"async\" width=\"430\" height=\"470\" src=\"https:\/\/ecomatin.net\/wp-content\/uploads\/2021\/01\/WhatsApp-Image-2021-01-07-at-13.19.38-430x470.jpeg\" class=\"attachment-jannah-image-post size-jannah-image-post wp-post-image\" alt=\"\" is_main_img=\"1\"\/><\/p>\n<\/div>\n<div class=\"entry-content entry clearfix\" readability=\"52.422506393862\">\n<p>Un lieu embl\u00e9matique pour une distinction honorifique.\u00a0Le\u00a0mus\u00e9e des civilisations noires \u00e0 Dakar a servi de cadre \u00e0 \u00a0la troisi\u00e8me \u00e9dition des Financial Afrik Awards, tenu le 17 d\u00e9cembre 2020 \u00e0 Dakar. C\u00e9r\u00e9monie durant laquelle Alphonse Nafack a re\u00e7u le prix de meilleur financier d\u2019Afrique centrale, pour ce concours qui vise \u00e0 r\u00e9compenser les meilleurs acteurs financiers africains qui se sont d\u00e9marqu\u00e9s sur le continent.\u00a0<\/p>\n<p><strong>Lire aussi<\/strong> : <a href=\"https:\/\/ecomatin.net\/soutien-a-lentrepreneuriat-le-gicam-inaugure-son-centre-dincubation\/\">Soutien \u00e0 l\u2019entrepreneuriat le Gicam inaugure son centre d\u2019incubation<\/a><\/p>\n<p>Le choix d\u2019Alphonse Nafack n\u2019est pas anodin. Ce\u00a0banquier-financier\u00a0est l\u2019Administrateur g\u00e9n\u00e9ral de la banque camerounaise Afriland first bank depuis 2015. Entreprise qu\u2019il a int\u00e9gr\u00e9e depuis 1993 en tant que contr\u00f4leur des engagements. A c\u00f4te de \u00e7a il est le pr\u00e9sident de l\u2019Association professionnelle des \u00e9tablissements de cr\u00e9dits du Cameroun (Apecam) depuis 2015.\u00a0\u00ab Notre secret c\u2019est l\u2019innovation, le questionnement de notre environnement, la mise en \u0153uvre des nouveaux produits d\u2019inclusion financi\u00e8re. C\u2019est \u00e0 ce prix que nous sommes devenus la premi\u00e8re banque du pays \u00bb, a d\u00e9clar\u00e9 Alphonse NAFACK \u00e0 cette c\u00e9r\u00e9monie. Il sera suivi par le Directeur de publication du magazine Financial Afrik Adama Wade, qui indique qu\u2019\u00abAfriland First Bank effectue un travail remarquable dans la financiarisation et la transformation \u00e9conomique du continent. Son engagement et son soutien strat\u00e9giques aux acteurs \u00e9conomiques participent \u00e0 l\u2019int\u00e9gration financi\u00e8re de l\u2019Afrique, au d\u00e9veloppement et \u00e0 l\u2019accessibilit\u00e9 des populations aux produits et services bancaires\u00bb.<\/p>\n<p><strong>Lire aussi<\/strong> : <a href=\"https:\/\/ecomatin.net\/operations-exterieures-ce-que-pensent-les-banques-du-nouveau-regime-de-change\/\">Op\u00e9rations ext\u00e9rieures\u00a0: ce que pensent les banques du nouveau r\u00e9gime de change<\/a><\/p>\n<p>Le banquier a alors s\u00e9duit un jury compos\u00e9 d\u2019experts de la finance et de la communication que sont Ali Benahmed pr\u00e9sident du jury, d\u2019Oloufemi Cedrick Montetcho, de Leila Ben Hassen et de Louis Am\u00e9d\u00e9e.<\/p>\n<\/div>\n<p>Auteur: Amina MALLOUM<br \/>\n<a href=\"https:\/\/ecomatin.net\/distinction-alphonse-nafack-recoit-le-prix-du-meilleur-banquier-de-lafrique-centrale\/\">Cliquez ici pour lire l&rsquo;article depuis sa source.<\/a><\/p>\n","protected":false},"excerpt":{"rendered":"<p>Un lieu embl\u00e9matique pour une distinction honorifique.\u00a0Le\u00a0mus\u00e9e des civilisations noires \u00e0 Dakar a servi de cadre \u00e0 \u00a0la troisi\u00e8me \u00e9dition des Financial Afrik Awards, tenu le 17 d\u00e9cembre 2020 \u00e0 Dakar. C\u00e9r\u00e9monie durant laquelle Alphonse Nafack a re\u00e7u le prix de meilleur financier d\u2019Afrique centrale, pour ce concours qui vise \u00e0 r\u00e9compenser les meilleurs acteurs [&hellip;]<\/p>\n","protected":false},"author":1969,"featured_media":0,"comment_status":"closed","ping_status":"closed","sticky":false,"template":"","format":"standard","meta":{"fifu_image_url":"https:\/\/ecomatin.net\/wp-content\/uploads\/2021\/01\/WhatsApp-Image-2021-01-07-at-13.19.38-430x470.jpeg","fifu_image_alt":"Distinction : Alphonse Nafack re\u00e7oit le prix du meilleur banquier de l\u2019Afrique centrale","footnotes":""},"categories":[82,78],"tags":[],"class_list":["post-108906","post","type-post","status-publish","format-standard","hentry","category-cameroun","category-economie"],"_links":{"self":[{"href":"https:\/\/linitiative.ca\/International\/wp-json\/wp\/v2\/posts\/108906","targetHints":{"allow":["GET"]}}],"collection":[{"href":"https:\/\/linitiative.ca\/International\/wp-json\/wp\/v2\/posts"}],"about":[{"href":"https:\/\/linitiative.ca\/International\/wp-json\/wp\/v2\/types\/post"}],"author":[{"embeddable":true,"href":"https:\/\/linitiative.ca\/International\/wp-json\/wp\/v2\/users\/1969"}],"replies":[{"embeddable":true,"href":"https:\/\/linitiative.ca\/International\/wp-json\/wp\/v2\/comments?post=108906"}],"version-history":[{"count":0,"href":"https:\/\/linitiative.ca\/International\/wp-json\/wp\/v2\/posts\/108906\/revisions"}],"wp:attachment":[{"href":"https:\/\/linitiative.ca\/International\/wp-json\/wp\/v2\/media?parent=108906"}],"wp:term":[{"taxonomy":"category","embeddable":true,"href":"https:\/\/linitiative.ca\/International\/wp-json\/wp\/v2\/categories?post=108906"},{"taxonomy":"post_tag","embeddable":true,"href":"https:\/\/linitiative.ca\/International\/wp-json\/wp\/v2\/tags?post=108906"}],"curies":[{"name":"wp","href":"https:\/\/api.w.org\/{rel}","templated":true}]}}