{"id":108907,"date":"2021-01-08T10:24:53","date_gmt":"2021-01-08T15:24:53","guid":{"rendered":"https:\/\/linitiative.ca\/International\/fortes-rafales-de-vent-et-averses-orageuses-des-ce-vendredi\/"},"modified":"2021-01-08T10:24:53","modified_gmt":"2021-01-08T15:24:53","slug":"fortes-rafales-de-vent-et-averses-orageuses-des-ce-vendredi","status":"publish","type":"post","link":"https:\/\/linitiative.ca\/International\/fortes-rafales-de-vent-et-averses-orageuses-des-ce-vendredi\/","title":{"rendered":"Fortes rafales de vent et averses orageuses d\u00e8s ce vendredi"},"content":{"rendered":"<p><img decoding=\"async\" class=\"post_layout_5_img\" src=\"http:\/\/aujourdhui.ma\/wp-content\/uploads\/2020\/04\/averses-orageuses.jpg\" alt=\"Fortes rafales de vent et averses orageuses d&#xE8;s ce vendredi\"\/><\/p>\n<p><span class=\"c6\"><span class=\"c5\"><strong>La direction g\u00e9n\u00e9rale de la m\u00e9t\u00e9orologie (DGM) annonce dans un bulletin sp\u00e9cial que de fortes averses orageuses sont attendues de vendredi \u00e0 dimanche dans plusieurs provinces du Maroc et de fortes rafales de vent sont pr\u00e9vues vendredi.<\/strong><\/span> <span id=\"more-365089\"\/><\/span><\/p>\n<p><span class=\"c7\"><strong>Les d\u00e9tails.<\/strong><\/span><\/p>\n<p>Des fortes averses orageuses de niveau orange (40 \u00e0 70mm) sont pr\u00e9vues de vendredi \u00e0 13h \u00e0 samedi \u00e0 9h dans les provinces d\u2019Agadir-Ida-Outanane, Al Hoceima, Chefchaouen, Chtouka-Ait Baha, Essaouira, Fahs-Anjra, Inezgane-Ait Melloul, Larache, M\u2019diq-Fnideq, Ouezzane, Tanger-Assilah, Taroudant et T\u00e9touan. Des cumuls estim\u00e9s entre 20 et 40mm concerneront, durant la m\u00eame p\u00e9riode, les provinces d\u2019Azilal, B\u00e9ni Mellal, Kh\u00e9nifra, Benslimane, Berrechid, Casablanca, Chichaoua, El Jadida, F\u00e8s, K\u00e9nitra, M\u00e9diouna, Mohammedia, Nouaceur, Rabat, Safi, Sal\u00e9, Sidi Bennour, Skhirate-Temara, Taounate et Taza, a ajout\u00e9 la m\u00eame source. De m\u00eame, des cumuls estim\u00e9s entre 30 et 70 mm concerneront de samedi \u00e0 16h \u00e0 dimanche \u00e0 23h, les provinces de Benslimane, Berrechid, Casablanca, Chefchaouen, Chtouka-Ait Baha, El Jadida, Essaouira, K\u00e9nitra, Larache, M\u00e9diouna, Mohammedia, Nouaceur, Ouezzane, Rabat, Safi, Sal\u00e9, Skhirate-T\u00e9mara, Tanger-Assilah et Tiznit.<\/p>\n<p>Ces averses orageuses seront accompagn\u00e9es localement par des chutes de gr\u00eale. La m\u00eame source fait observer que de fortes rafales de vent de niveau orange (70 \u00e0 100km\/h) sont aussi attendues vendredi de 13h \u00e0 23h dans les provinces d\u2019Agadir-Ida-Outanane, Al Haouz, Assa-Zag, Azilal, Benslimane, Berrechid, Casablanca, Chefchaouen, Chichaoua, Chtouka-Ait Baha, El Jadida, Errachidia, Essaouira, Fahs-Anjra, Figuig, Guelmim, Ifrane, Inezgane-Ait Melloul, Jerada, Larache, M\u2019diq-Fnideq, Marrakech, M\u00e9diouna, Midelt, Mohammedia, Nouaceur, Ouarzazate, Rabat, Rehamna, Safi, Sal\u00e9, Settat, Sidi Bennour, Sidi Ifni, Skhirate-Temara, Tan-Tan, Taroudante, T\u00e9touan, Tinghir, Tiznit et Youssoufia. Par ailleurs, des chutes de neige \u00e0 partir de 1.200m de niveau de vigilance orange (20 \u00e0 30 cm en 24 heures) sont pr\u00e9vues dans les provinces d\u2019Al Haouz, Al Hoceima, Azilal, B\u00e9ni Mellal, Chefchaouen, El Hajeb, Ifrane, Kh\u00e9nifra, Midelt, Ouarzazate et Taroudant de samedi \u00e0 lundi.<\/p>\n<p>Auteur: ALM<br \/>\n<a href=\"https:\/\/aujourdhui.ma\/societe\/fortes-rafales-de-vent-et-averses-orageuses-des-ce-vendredi\">Cliquez ici pour lire l&rsquo;article depuis sa source.<\/a><\/p>\n","protected":false},"excerpt":{"rendered":"<p>La direction g\u00e9n\u00e9rale de la m\u00e9t\u00e9orologie (DGM) annonce dans un bulletin sp\u00e9cial que de fortes averses orageuses sont attendues de vendredi \u00e0 dimanche dans plusieurs provinces du Maroc et de fortes rafales de vent sont pr\u00e9vues vendredi. Les d\u00e9tails. Des fortes averses orageuses de niveau orange (40 \u00e0 70mm) sont pr\u00e9vues de vendredi \u00e0 13h [&hellip;]<\/p>\n","protected":false},"author":1759,"featured_media":0,"comment_status":"closed","ping_status":"closed","sticky":false,"template":"","format":"standard","meta":{"fifu_image_url":"http:\/\/aujourdhui.ma\/wp-content\/uploads\/2020\/04\/averses-orageuses.jpg","fifu_image_alt":"Fortes rafales de vent et averses orageuses d\u00e8s ce vendredi","footnotes":""},"categories":[73,54],"tags":[],"class_list":["post-108907","post","type-post","status-publish","format-standard","hentry","category-actualite","category-maroc"],"_links":{"self":[{"href":"https:\/\/linitiative.ca\/International\/wp-json\/wp\/v2\/posts\/108907","targetHints":{"allow":["GET"]}}],"collection":[{"href":"https:\/\/linitiative.ca\/International\/wp-json\/wp\/v2\/posts"}],"about":[{"href":"https:\/\/linitiative.ca\/International\/wp-json\/wp\/v2\/types\/post"}],"author":[{"embeddable":true,"href":"https:\/\/linitiative.ca\/International\/wp-json\/wp\/v2\/users\/1759"}],"replies":[{"embeddable":true,"href":"https:\/\/linitiative.ca\/International\/wp-json\/wp\/v2\/comments?post=108907"}],"version-history":[{"count":0,"href":"https:\/\/linitiative.ca\/International\/wp-json\/wp\/v2\/posts\/108907\/revisions"}],"wp:attachment":[{"href":"https:\/\/linitiative.ca\/International\/wp-json\/wp\/v2\/media?parent=108907"}],"wp:term":[{"taxonomy":"category","embeddable":true,"href":"https:\/\/linitiative.ca\/International\/wp-json\/wp\/v2\/categories?post=108907"},{"taxonomy":"post_tag","embeddable":true,"href":"https:\/\/linitiative.ca\/International\/wp-json\/wp\/v2\/tags?post=108907"}],"curies":[{"name":"wp","href":"https:\/\/api.w.org\/{rel}","templated":true}]}}