{"id":108910,"date":"2021-01-08T11:36:07","date_gmt":"2021-01-08T16:36:07","guid":{"rendered":"https:\/\/linitiative.ca\/International\/iresen-lance-la-construction-du-centre-de-recherche-en-reseaux-intelligents-a-benguerir\/"},"modified":"2021-01-08T11:36:07","modified_gmt":"2021-01-08T16:36:07","slug":"iresen-lance-la-construction-du-centre-de-recherche-en-reseaux-intelligents-a-benguerir","status":"publish","type":"post","link":"https:\/\/linitiative.ca\/International\/iresen-lance-la-construction-du-centre-de-recherche-en-reseaux-intelligents-a-benguerir\/","title":{"rendered":"Iresen lance la construction du Centre de recherche en r\u00e9seaux intelligents \u00e0 BenGuerir"},"content":{"rendered":"<header>\n<\/header>\n<div class=\"entry-content clearfix\" readability=\"48\"><img decoding=\"async\" class=\"post_layout_5_img\" src=\"http:\/\/aujourdhui.ma\/wp-content\/uploads\/2021\/01\/Iresen-lance-la-construction-du-Centre-de-recherche-en-reseaux-intelligents-a-BenGuerir.jpg\" alt=\"Iresen lance la construction du Centre de recherche en r&#xE9;seaux intelligents &#xE0; BenGuerir\"\/><\/p>\n<p><span class=\"c5\"><strong>L\u2019Institut de Recherche en \u00c9nergie Solaire et \u00c9nergies nouvelles \u00abIRESEN\u00bb annonce le lancement de la construction du centre de recherche d\u00e9di\u00e9 aux th\u00e9matiques des r\u00e9seaux intelligents \u00e0 BenGuerir, le vendredi 15 janvier.<\/strong><\/span> <span id=\"more-365095\"\/><\/p>\n<p>Cet \u00e9v\u00e9nement marquera le coup d\u2019envoi de la troisi\u00e8me et derni\u00e8re phase de la plateforme de recherche internationale Green &amp; Smart Building Park. Ce centre est soutenu et financ\u00e9 par le Gouvernement Sud-Cor\u00e9en. Il est r\u00e9alis\u00e9 au c\u0153ur de la plateforme de recherche et d\u2019innovation \u00ab Green &amp; Smart Building Park \u00bb \u00e0 BenGuerir.<\/p>\n<p>Le projet vise \u00e0 accompagner le positionnement du Maroc au niveau continental en propulsant les capacit\u00e9s nationales dans la recherche, le d\u00e9veloppement et l\u2019innovation dans le domaine des r\u00e9seaux \u00e9lectriques intelligents. L\u2019objectif \u00e9tant de d\u00e9velopper des solutions appropri\u00e9es et adapt\u00e9es au contexte Marocain et Africain et de contribuer \u00e0 mettre en place un levier essentiel pour soutenir, en termes de recherche appliqu\u00e9e, la strat\u00e9gie \u00e9nerg\u00e9tique nationale du Maroc.<\/p>\n<\/div>\n<p>Auteur: ALM<br \/>\n<a href=\"https:\/\/aujourdhui.ma\/economie\/iresen-lance-la-construction-du-centre-de-recherche-en-reseaux-intelligents-a-benguerir\">Cliquez ici pour lire l&rsquo;article depuis sa source.<\/a><\/p>\n","protected":false},"excerpt":{"rendered":"<p>L\u2019Institut de Recherche en \u00c9nergie Solaire et \u00c9nergies nouvelles \u00abIRESEN\u00bb annonce le lancement de la construction du centre de recherche d\u00e9di\u00e9 aux th\u00e9matiques des r\u00e9seaux intelligents \u00e0 BenGuerir, le vendredi 15 janvier. Cet \u00e9v\u00e9nement marquera le coup d\u2019envoi de la troisi\u00e8me et derni\u00e8re phase de la plateforme de recherche internationale Green &amp; Smart Building Park. [&hellip;]<\/p>\n","protected":false},"author":1759,"featured_media":0,"comment_status":"closed","ping_status":"closed","sticky":false,"template":"","format":"standard","meta":{"fifu_image_url":"http:\/\/aujourdhui.ma\/wp-content\/uploads\/2021\/01\/Iresen-lance-la-construction-du-Centre-de-recherche-en-reseaux-intelligents-a-BenGuerir.jpg","fifu_image_alt":"Iresen lance la construction du Centre de recherche en r\u00e9seaux intelligents \u00e0 BenGuerir","footnotes":""},"categories":[73,54],"tags":[],"class_list":["post-108910","post","type-post","status-publish","format-standard","hentry","category-actualite","category-maroc"],"_links":{"self":[{"href":"https:\/\/linitiative.ca\/International\/wp-json\/wp\/v2\/posts\/108910","targetHints":{"allow":["GET"]}}],"collection":[{"href":"https:\/\/linitiative.ca\/International\/wp-json\/wp\/v2\/posts"}],"about":[{"href":"https:\/\/linitiative.ca\/International\/wp-json\/wp\/v2\/types\/post"}],"author":[{"embeddable":true,"href":"https:\/\/linitiative.ca\/International\/wp-json\/wp\/v2\/users\/1759"}],"replies":[{"embeddable":true,"href":"https:\/\/linitiative.ca\/International\/wp-json\/wp\/v2\/comments?post=108910"}],"version-history":[{"count":0,"href":"https:\/\/linitiative.ca\/International\/wp-json\/wp\/v2\/posts\/108910\/revisions"}],"wp:attachment":[{"href":"https:\/\/linitiative.ca\/International\/wp-json\/wp\/v2\/media?parent=108910"}],"wp:term":[{"taxonomy":"category","embeddable":true,"href":"https:\/\/linitiative.ca\/International\/wp-json\/wp\/v2\/categories?post=108910"},{"taxonomy":"post_tag","embeddable":true,"href":"https:\/\/linitiative.ca\/International\/wp-json\/wp\/v2\/tags?post=108910"}],"curies":[{"name":"wp","href":"https:\/\/api.w.org\/{rel}","templated":true}]}}