{"id":108912,"date":"2021-01-08T09:47:04","date_gmt":"2021-01-08T14:47:04","guid":{"rendered":"https:\/\/linitiative.ca\/International\/france-la-grippe-aviaire-se-propage-canards-abattus-par-centaines-de-milliers\/"},"modified":"2021-01-08T09:47:04","modified_gmt":"2021-01-08T14:47:04","slug":"france-la-grippe-aviaire-se-propage-canards-abattus-par-centaines-de-milliers","status":"publish","type":"post","link":"https:\/\/linitiative.ca\/International\/france-la-grippe-aviaire-se-propage-canards-abattus-par-centaines-de-milliers\/","title":{"rendered":"France: la grippe aviaire se propage, canards abattus par centaines de milliers"},"content":{"rendered":"<p><strong>Des \u00ab\u00a0centaines de milliers\u00a0\u00bb de canards vont encore \u00eatre abattus dans le sud-ouest de la France, a annonc\u00e9 vendredi le ministre de l\u2019Agriculture, \u00e9voquant une \u00ab\u00a0course contre la montre\u00a0\u00bb contre un virus \u00ab\u00a0hautement pathog\u00e8ne\u00a0\u00bb de grippe aviaire.<\/strong><\/p>\n<p>Depuis d\u00e9cembre, \u00ab\u00a0ce sont quasiment 400.000 canards qui ont \u00e9t\u00e9 abattus dans le d\u00e9partement des Landes (Sud-Ouest)\u2026 \u00e7a va \u00eatre encore des centaines de milliers, c\u2019est une certitude\u00a0\u00bb, a d\u00e9clar\u00e9 Julien Denormandie quelques heures avant une visite aupr\u00e8s des \u00e9leveurs touch\u00e9s, dans ce d\u00e9partement qui est le premier producteur de palmip\u00e8des gras.<\/p>\n<p>Le ministre a reconnu \u00ab\u00a0ne pas pouvoir dire\u00a0\u00bb combien il restera de canards, sur les quelque 5 millions actuellement en cours d\u2019\u00e9levage dans le d\u00e9partement.<\/p>\n<p>\u00ab\u00a0Mon objectif c\u2019est qu\u2019il en reste le plus possible (\u2026) L\u2019objectif, c\u2019est de faire un d\u00e9peuplement massif pour contenir l\u2019\u00e9pid\u00e9mie\u00a0\u00bb.<\/p>\n<p>Plusieurs centaines de milliers canards abattus, c\u2019est d\u00e9j\u00e0 \u00ab\u00a0colossal, mais malheureusement ce n\u2019est pas encore assez\u00a0\u00bb, a estim\u00e9 M. Denormandie.<\/p>\n<p>\u00ab\u00a0Force est de constater qu\u2019on n\u2019est pas all\u00e9 assez vite\u00a0\u00bb, a-t-il reconnu, justifiant les mesures comme l\u2019extension de l\u2019abattage pr\u00e9ventif pour cr\u00e9er un vide sanitaire de 5 km autour des foyers d\u2019infection, ainsi que des \u00ab\u00a0zones tampons\u00a0\u00bb ou est interdite toute entr\u00e9e ou sortie de volailles.<\/p>\n<p>Mais \u00ab\u00a0abattre un \u00e9levage de canards, \u00e7a ne se fait pas en un claquement de doigts\u00a0\u00bb, a soulign\u00e9 M. Denormandie, \u00e9voquant les lourds protocoles sanitaires.<\/p>\n<p>Sur le plan des indemnisations des \u00e9leveurs, il a assur\u00e9 que les premiers acomptes seraient vers\u00e9s d\u00e8s la semaine prochaine.<\/p>\n<p>La souche H5N8 de l\u2019influenza aviaire, qui s\u00e9vit aussi ailleurs en Europe, a \u00e9t\u00e9 rep\u00e9r\u00e9e pour la premi\u00e8re fois dans un \u00e9levage en France d\u00e9but d\u00e9cembre, d\u00e9clenchant notamment un embargo de la Chine \u00e0 l\u2019\u00e9gard des volailles fran\u00e7aises.<\/p>\n<p>AFP<\/p>\n<p>Auteur: M&rsquo;hammed rahal<br \/>\n<a href=\"http:\/\/albayane.press.ma\/france-la-grippe-aviaire-se-propage-canards-abattus-par-centaines-de-milliers.html\">Cliquez ici pour lire l&rsquo;article depuis sa source.<\/a><\/p>\n","protected":false},"excerpt":{"rendered":"<p>Des \u00ab\u00a0centaines de milliers\u00a0\u00bb de canards vont encore \u00eatre abattus dans le sud-ouest de la France, a annonc\u00e9 vendredi le ministre de l\u2019Agriculture, \u00e9voquant une \u00ab\u00a0course contre la montre\u00a0\u00bb contre un virus \u00ab\u00a0hautement pathog\u00e8ne\u00a0\u00bb de grippe aviaire. Depuis d\u00e9cembre, \u00ab\u00a0ce sont quasiment 400.000 canards qui ont \u00e9t\u00e9 abattus dans le d\u00e9partement des Landes (Sud-Ouest)\u2026 \u00e7a [&hellip;]<\/p>\n","protected":false},"author":1760,"featured_media":0,"comment_status":"closed","ping_status":"closed","sticky":false,"template":"","format":"standard","meta":{"fifu_image_url":"","fifu_image_alt":"","footnotes":""},"categories":[73,54],"tags":[],"class_list":["post-108912","post","type-post","status-publish","format-standard","hentry","category-actualite","category-maroc"],"_links":{"self":[{"href":"https:\/\/linitiative.ca\/International\/wp-json\/wp\/v2\/posts\/108912","targetHints":{"allow":["GET"]}}],"collection":[{"href":"https:\/\/linitiative.ca\/International\/wp-json\/wp\/v2\/posts"}],"about":[{"href":"https:\/\/linitiative.ca\/International\/wp-json\/wp\/v2\/types\/post"}],"author":[{"embeddable":true,"href":"https:\/\/linitiative.ca\/International\/wp-json\/wp\/v2\/users\/1760"}],"replies":[{"embeddable":true,"href":"https:\/\/linitiative.ca\/International\/wp-json\/wp\/v2\/comments?post=108912"}],"version-history":[{"count":0,"href":"https:\/\/linitiative.ca\/International\/wp-json\/wp\/v2\/posts\/108912\/revisions"}],"wp:attachment":[{"href":"https:\/\/linitiative.ca\/International\/wp-json\/wp\/v2\/media?parent=108912"}],"wp:term":[{"taxonomy":"category","embeddable":true,"href":"https:\/\/linitiative.ca\/International\/wp-json\/wp\/v2\/categories?post=108912"},{"taxonomy":"post_tag","embeddable":true,"href":"https:\/\/linitiative.ca\/International\/wp-json\/wp\/v2\/tags?post=108912"}],"curies":[{"name":"wp","href":"https:\/\/api.w.org\/{rel}","templated":true}]}}