{"id":108915,"date":"2021-01-08T09:57:06","date_gmt":"2021-01-08T14:57:06","guid":{"rendered":"https:\/\/linitiative.ca\/International\/%ef%bb%bfla-ficc-se-felicite-du-contrat-programme\/"},"modified":"2021-01-08T09:57:06","modified_gmt":"2021-01-08T14:57:06","slug":"%ef%bb%bfla-ficc-se-felicite-du-contrat-programme","status":"publish","type":"post","link":"https:\/\/linitiative.ca\/International\/%ef%bb%bfla-ficc-se-felicite-du-contrat-programme\/","title":{"rendered":"\ufeffLa FICC se f\u00e9licite du contrat-programme"},"content":{"rendered":"<p class=\"c2\"><strong>Soutien au secteur des industries culturelles et cr\u00e9atives<\/strong><\/p>\n<p><strong>La F\u00e9d\u00e9ration des industries culturelles et cr\u00e9atives (FICC), relevant de la Conf\u00e9d\u00e9ration g\u00e9n\u00e9rale des entreprises du Maroc (CGEM), s\u2019est f\u00e9licit\u00e9e mercredi de la signature du \u00ab\u00a0Contrat-Programme en soutien au secteur des Industries Culturelles et Cr\u00e9atives\u00a0\u00bb.<\/strong><\/p>\n<p>Sign\u00e9e en marge de la 11\u00e8me r\u00e9union du Comit\u00e9 de Veille \u00c9conomique (CVE), cette convention prend effet au terme d\u2019une ann\u00e9e 2020 quasi blanche pour le secteur des Industries Culturelles et Cr\u00e9atives et la production \u00e9v\u00e9nementielle, au cours de laquelle l\u2019interdiction de rassemblements a paralys\u00e9 les activit\u00e9s \u00e0 caract\u00e8re culturel, artistique et \u00e9v\u00e9nementiel, indique la FICC dans un communiqu\u00e9.<\/p>\n<p>Paraph\u00e9 par le minist\u00e8re de la Culture, de la Jeunesse et des Sports, le minist\u00e8re de l\u2019Economie, des Finances et de la R\u00e9forme de l\u2019Administration, le minist\u00e8re du Travail et de l\u2019Insertion Professionnelle, le Groupement Professionnel des Banques du Maroc (GPBM) et la CGEM, ce contrat-programme contribuera \u00e0 pr\u00e9server les entreprises et les emplois op\u00e9rant dans ce secteur et en situation de r\u00e9silience depuis 9 mois, en attendant que les conditions de la reprise soient r\u00e9unies.<\/p>\n<p>Ledit contrat-programme, qui couvre la p\u00e9riode 2020-2022 s\u2019articule autour de quatre axes strat\u00e9giques, \u00e0 savoir la pr\u00e9servation de l\u2019emploi, \u00e0 travers le versement d\u2019une indemnit\u00e9 mensuelle forfaitaire de 2.000 dirhams, \u00e0 partir du 1er juillet 2020 et jusqu\u2019au 31 mars 2021 au profit des salari\u00e9s des entreprises touch\u00e9es par la crise, ainsi que le report du paiement des cotisations sociales et la prolongation de l\u2019exon\u00e9ration de l\u2019IR sur les compl\u00e9ments de salaires sur la m\u00eame p\u00e9riode, pr\u00e9cise le communiqu\u00e9.<\/p>\n<p>Il s\u2019agit \u00e9galement du soutien \u00e9conomique et financier \u00e0 travers le prolongement des d\u00e9lais de remboursements des cr\u00e9dits \u00ab\u00a0Damane Oxyg\u00e8ne\u00a0\u00bb, le lancement de deux nouveaux produits de garantie et la mise en place d\u2019un moratoire pour le remboursement des \u00e9ch\u00e9ances des cr\u00e9dits bancaires et des leasings jusqu\u2019au 31 mars 2021, sans p\u00e9nalit\u00e9s.<\/p>\n<p>Le renforcement de la commande publique pour couvrir les d\u00e9faillances du march\u00e9 li\u00e9es aux contraintes sanitaires repr\u00e9sente le 3\u00e8me axe de ce contrat-programme, \u00e0 travers entre autres la mise en place d\u2019une plateforme digitale pour la valorisation du patrimoine immat\u00e9riel, les spectacles vivants, les festivals du Royaume et les savoir-faire et d\u2019un programme de subventions des prestations de distribution des albums musicaux aupr\u00e8s des agr\u00e9gateurs de plateformes de streaming.<\/p>\n<p>Le 4\u00e8me axe porte sur la gouvernance et la repr\u00e9sentativit\u00e9, \u00e0 travers le lancement d\u2019un chantier de mise \u00e0 niveau \u00e9conom\u00e9trique et statistique pour mieux appr\u00e9hender la dimension \u00e9conomique du secteur, et \u0153uvrer \u00e0 une vision strat\u00e9gique pour son d\u00e9veloppement, souligne le communiqu\u00e9, notant Le secteur priv\u00e9 contribuera aux travaux de cette \u00e9tude et \u00e0 ses instances de pilotage.<\/p>\n<p>Auteur: M&rsquo;hammed rahal<br \/>\n<a href=\"http:\/\/albayane.press.ma\/%EF%BB%BFla-ficc-se-felicite-du-contrat-programme.html\">Cliquez ici pour lire l&rsquo;article depuis sa source.<\/a><\/p>\n","protected":false},"excerpt":{"rendered":"<p>Soutien au secteur des industries culturelles et cr\u00e9atives La F\u00e9d\u00e9ration des industries culturelles et cr\u00e9atives (FICC), relevant de la Conf\u00e9d\u00e9ration g\u00e9n\u00e9rale des entreprises du Maroc (CGEM), s\u2019est f\u00e9licit\u00e9e mercredi de la signature du \u00ab\u00a0Contrat-Programme en soutien au secteur des Industries Culturelles et Cr\u00e9atives\u00a0\u00bb. Sign\u00e9e en marge de la 11\u00e8me r\u00e9union du Comit\u00e9 de Veille \u00c9conomique [&hellip;]<\/p>\n","protected":false},"author":1760,"featured_media":0,"comment_status":"closed","ping_status":"closed","sticky":false,"template":"","format":"standard","meta":{"fifu_image_url":"","fifu_image_alt":"","footnotes":""},"categories":[73,54],"tags":[],"class_list":["post-108915","post","type-post","status-publish","format-standard","hentry","category-actualite","category-maroc"],"_links":{"self":[{"href":"https:\/\/linitiative.ca\/International\/wp-json\/wp\/v2\/posts\/108915","targetHints":{"allow":["GET"]}}],"collection":[{"href":"https:\/\/linitiative.ca\/International\/wp-json\/wp\/v2\/posts"}],"about":[{"href":"https:\/\/linitiative.ca\/International\/wp-json\/wp\/v2\/types\/post"}],"author":[{"embeddable":true,"href":"https:\/\/linitiative.ca\/International\/wp-json\/wp\/v2\/users\/1760"}],"replies":[{"embeddable":true,"href":"https:\/\/linitiative.ca\/International\/wp-json\/wp\/v2\/comments?post=108915"}],"version-history":[{"count":0,"href":"https:\/\/linitiative.ca\/International\/wp-json\/wp\/v2\/posts\/108915\/revisions"}],"wp:attachment":[{"href":"https:\/\/linitiative.ca\/International\/wp-json\/wp\/v2\/media?parent=108915"}],"wp:term":[{"taxonomy":"category","embeddable":true,"href":"https:\/\/linitiative.ca\/International\/wp-json\/wp\/v2\/categories?post=108915"},{"taxonomy":"post_tag","embeddable":true,"href":"https:\/\/linitiative.ca\/International\/wp-json\/wp\/v2\/tags?post=108915"}],"curies":[{"name":"wp","href":"https:\/\/api.w.org\/{rel}","templated":true}]}}