{"id":108916,"date":"2021-01-08T11:27:12","date_gmt":"2021-01-08T16:27:12","guid":{"rendered":"https:\/\/linitiative.ca\/International\/le-wac-dans-un-groupe-aise\/"},"modified":"2021-01-08T11:27:12","modified_gmt":"2021-01-08T16:27:12","slug":"le-wac-dans-un-groupe-aise","status":"publish","type":"post","link":"https:\/\/linitiative.ca\/International\/le-wac-dans-un-groupe-aise\/","title":{"rendered":"Le WAC dans un groupe ais\u00e9"},"content":{"rendered":"<p class=\"c2\"><strong>Tirage au sort de la CAF\u00a0: ligue des champions et coupe<\/strong><\/p>\n<p><strong>Le Wydad de Casablanca a \u00e9t\u00e9 log\u00e9 dans le groupe C, \u00e0 l\u2019issue du tirage au sort de la phase de groupes de la Ligue des champions de la Conf\u00e9d\u00e9ration africaine de football (CAF), effectu\u00e9 vendredi au Caire.<\/strong><\/p>\n<p>Dans ce groupe C, le WAC \u00e9voluera aux c\u00f4t\u00e9s des clubs de Horoya Conakry de Guin\u00e9e, de Petro Atletico de l\u2019Angola et des Kaizer Chiefs de l\u2019Afrique du Sud.<\/p>\n<p>A cet effet, la 1\u00e8re journ\u00e9e des matchs de la phase de groupes se disputera les 12 et 13 f\u00e9vrier, la deuxi\u00e8me le 23 f\u00e9vrier, la troisi\u00e8me les 5 et 6 mars, tandis que la quatri\u00e8me journ\u00e9e se jouera le 16 mars.<\/p>\n<p>La cinqui\u00e8me journ\u00e9e se tiendra les 2 et 3 avril alors que la sixi\u00e8me et derni\u00e8re journ\u00e9e les 9 et 10 avril.<\/p>\n<p>Il est \u00e0 noter que les hommes de Faouzi Benzarti se sont qualifi\u00e9s pour la phase de groupes apr\u00e8s avoir pris le dessus sur le Stade Malien 3 \u00e0 1 au terme des deux matches, du deuxi\u00e8me tour, qui les ont oppos\u00e9s.<\/p>\n<p>Par ailleurs, voici les groupes de la Ligue des champions de la CAF:<\/p>\n<p><strong>Groupe A:<\/strong><\/p>\n<p>-Al Ahly (Egypte) \u2014 AS Vita (RD Congo) \u2013 Simba SC (Tanzanie) \u2013 El Merriekh (Soudan)<\/p>\n<p><strong>Groupe B:<\/strong><\/p>\n<p>TP Mazembe (RD Congo) \u2013 Mamelodi Sundowns (Afrique du Sud) \u2013 El Hilal (Soudan)<\/p>\n<p>\u2013 CR Belouizdad (Alg\u00e9rie)<\/p>\n<p><strong>Groupe C<\/strong><\/p>\n<p><strong>Wydad (Maroc) \u2013 Horoya (Guin\u00e9e) \u2013 Petro Atletico (Angola) \u2013 Kaizer Chiefs (Afrique du Sud)<\/strong><\/p>\n<p><strong>Groupe D<\/strong><\/p>\n<p>Esperance (Tunisie) \u2013 Zamalek (Egypte) \u2013 MC Alger (Alg\u00e9rie) \u2013 Teungueth (S\u00e9n\u00e9gal).<\/p>\n<p>D\u2019autre part, le tirage au sort du 2e tour pr\u00e9liminaire \u00ab\u00a0bis\u00a0\u00bb de la Coupe de la CAF, effectu\u00e9 vendredi au Caire, a donn\u00e9 les duels suivants :<\/p>\n<p>Enyimba (Nigeria) \u2013 Bloemfontein Celtic (Afrique du Sud)<\/p>\n<p>FC Platinum (Zimbabwe) \u2013 ASC Jaraaf (S\u00e9n\u00e9gal)<\/p>\n<p><strong>Raja Casablanca (Maroc) \u2013 US Monastir (Tunisie)<\/strong><\/p>\n<p>Gor Mahia (Kenya) \u2013 Napsa Stars (Zambie)<\/p>\n<p>Asante Kotoko (Ghana) \u2013 ES S\u00e9tif (Alg\u00e9rie)<\/p>\n<p>AS Sonidep (Niger) \u2013 Coton Sport (Cameroun)<\/p>\n<p>Stade malien (Mali) \u2013 JS Kabylie (Alg\u00e9rie)<\/p>\n<p>Jwaneng Galaxy FC (Botswana) \u2013 Orlando Pirates (Afrique du Sud)<\/p>\n<p>Primeiro de Agosto (Angola) \u2013 Namungo (Tanzanie)<\/p>\n<p>CS Sfax (Tunisie) \u2013 AS Kigali (Rwanda)<\/p>\n<p><strong>Nkana FC (Zambie) \u2013 Tihad Athletic Sport (Maroc)<\/strong><\/p>\n<p>Bouenguidi Sports (Gabon) \u2013 Salitas FC (Burkina Faso)<\/p>\n<p>Young Buffaloes FC (Eswatini) \u2013 ES Sahel (Tunisie)<\/p>\n<p>Ahly Benghazi (Libye) \u2013 DC Motema Pembe (RD Congo)<\/p>\n<p>RC Abidjan (C\u00f4te d\u2019Ivoire) \u2013 Pyramids FC (Egypte)<\/p>\n<p>Il faudra souligner, enfin, que suite au retrait du club tchadien Gazelle FC, 15 \u00e9quipes \u00e9limin\u00e9es de la Ligue des champions et revers\u00e9es en Coupe de la Conf\u00e9d\u00e9ration, au lieu de 16, ont rejoint le 2e tour pr\u00e9liminaire additionnel. Du coup, le tenant du troph\u00e9e, la RS Berkane (Maroc), est exempt\u00e9 du 2e tour pr\u00e9liminaire additionnel et acc\u00e8de directement \u00e0 la phase de poules \u00e0 la faveur de son coefficient.<\/p>\n<p>Auteur: M&rsquo;hammed rahal<br \/>\n<a href=\"http:\/\/albayane.press.ma\/le-wac-dans-un-groupe-aise.html\">Cliquez ici pour lire l&rsquo;article depuis sa source.<\/a><\/p>\n","protected":false},"excerpt":{"rendered":"<p>Tirage au sort de la CAF\u00a0: ligue des champions et coupe Le Wydad de Casablanca a \u00e9t\u00e9 log\u00e9 dans le groupe C, \u00e0 l\u2019issue du tirage au sort de la phase de groupes de la Ligue des champions de la Conf\u00e9d\u00e9ration africaine de football (CAF), effectu\u00e9 vendredi au Caire. Dans ce groupe C, le WAC [&hellip;]<\/p>\n","protected":false},"author":1760,"featured_media":0,"comment_status":"closed","ping_status":"closed","sticky":false,"template":"","format":"standard","meta":{"fifu_image_url":"","fifu_image_alt":"","footnotes":""},"categories":[73,54],"tags":[],"class_list":["post-108916","post","type-post","status-publish","format-standard","hentry","category-actualite","category-maroc"],"_links":{"self":[{"href":"https:\/\/linitiative.ca\/International\/wp-json\/wp\/v2\/posts\/108916","targetHints":{"allow":["GET"]}}],"collection":[{"href":"https:\/\/linitiative.ca\/International\/wp-json\/wp\/v2\/posts"}],"about":[{"href":"https:\/\/linitiative.ca\/International\/wp-json\/wp\/v2\/types\/post"}],"author":[{"embeddable":true,"href":"https:\/\/linitiative.ca\/International\/wp-json\/wp\/v2\/users\/1760"}],"replies":[{"embeddable":true,"href":"https:\/\/linitiative.ca\/International\/wp-json\/wp\/v2\/comments?post=108916"}],"version-history":[{"count":0,"href":"https:\/\/linitiative.ca\/International\/wp-json\/wp\/v2\/posts\/108916\/revisions"}],"wp:attachment":[{"href":"https:\/\/linitiative.ca\/International\/wp-json\/wp\/v2\/media?parent=108916"}],"wp:term":[{"taxonomy":"category","embeddable":true,"href":"https:\/\/linitiative.ca\/International\/wp-json\/wp\/v2\/categories?post=108916"},{"taxonomy":"post_tag","embeddable":true,"href":"https:\/\/linitiative.ca\/International\/wp-json\/wp\/v2\/tags?post=108916"}],"curies":[{"name":"wp","href":"https:\/\/api.w.org\/{rel}","templated":true}]}}