{"id":108917,"date":"2021-01-08T07:00:00","date_gmt":"2021-01-08T12:00:00","guid":{"rendered":"https:\/\/linitiative.ca\/International\/des-vents-violents-sur-lest-et-louest-du-pays-a-partir-de-vendredi-a-midi\/"},"modified":"2021-01-08T07:00:00","modified_gmt":"2021-01-08T12:00:00","slug":"des-vents-violents-sur-lest-et-louest-du-pays-a-partir-de-vendredi-a-midi","status":"publish","type":"post","link":"https:\/\/linitiative.ca\/International\/des-vents-violents-sur-lest-et-louest-du-pays-a-partir-de-vendredi-a-midi\/","title":{"rendered":"Des vents violents sur l&rsquo;Est et l&rsquo;Ouest du pays \u00e0 partir de vendredi \u00e0 midi"},"content":{"rendered":"<div id=\"originalText\" readability=\"72\">\n<p class=\"c6\">Des vents violents souffleront, parfois en rafales pouvant d\u00e9passer les 90 km\/h, sur plusieurs wilayas de l&rsquo;Est et de l&rsquo;Ouest du pays \u00e0 partir de vendredi \u00e0 midi, indique l&rsquo;Office national de la m\u00e9t\u00e9orologie dans un bulletin m\u00e9t\u00e9orologique sp\u00e9cial (BMS).<\/p>\n<p class=\"c6\">A partir de vendredi \u00e0 midi, les wilayas de Na\u00e2ma, El Bayadh, Laghouat, M&rsquo;sila, Djelfa, Sud de Tlemcen, Sidi Bel abb\u00e9s,Saida et Tiaret sont plac\u00e9es en vigilance \u00ab\u00a0Orange vents violents\u00a0\u00bb, pr\u00e9cise le BMS.<\/p>\n<p class=\"c6\">Durant la p\u00e9riode de validit\u00e9 de ce bulletin, pr\u00e9vue du vendredi \u00e0 midi\u00a0 jusqu&rsquo;\u00e0 samedi \u00e0 03h00, les vents souffleront du Sud \u00e0 l&rsquo;Ouest \u00e0 une vitesse estim\u00e9e \u00e0 70\/80 km\/h avec rafales atteignant ou d\u00e9passant parfois 90 km avec soul\u00e8vements de sable, ajoute la m\u00eame source.<\/p>\n<p class=\"c6\">Dix autres wilayas de l&rsquo;Est et du Sud-Est ont \u00e9t\u00e9 \u00e9galement plac\u00e9es en vigilance\u00a0 \u00ab\u00a0Orange vents violents\u00a0\u00bb: M&rsquo;sila, Batna, S\u00e9tif, Constantine, Bordj Bou Arreridj, Mila, Oum El Bouaghi, Khenchela, T\u00e9bessa et le Nord de Biskra.<br \/>Durant la p\u00e9riode de validit\u00e9 de ce bulletin, pr\u00e9vue du vendredi \u00e0 21h00 jusqu&rsquo;\u00e0 samedi \u00e0 06h00, les vents souffleront du Sud \u00e0 l&rsquo;Ouest \u00e0 une vitesse estim\u00e9e \u00e0\u00a0 60\/70 km\/h avec rafales atteignant ou d\u00e9passant parfois 80 km\/h.<\/p>\n<p class=\"c7\"><strong>APS<\/strong><\/p>\n<\/div>\n<div id=\"text_core\" readability=\"72\">\n<p class=\"c6\">Des vents violents souffleront, parfois en rafales pouvant d\u00e9passer les 90 km\/h, sur plusieurs wilayas de l&rsquo;Est et de l&rsquo;Ouest du pays \u00e0 partir de vendredi \u00e0 midi, indique l&rsquo;Office national de la m\u00e9t\u00e9orologie dans un bulletin m\u00e9t\u00e9orologique sp\u00e9cial (BMS).<\/p>\n<p class=\"c6\">A partir de vendredi \u00e0 midi, les wilayas de Na\u00e2ma, El Bayadh, Laghouat, M&rsquo;sila, Djelfa, Sud de Tlemcen, Sidi Bel abb\u00e9s,Saida et Tiaret sont plac\u00e9es en vigilance \u00ab\u00a0Orange vents violents\u00a0\u00bb, pr\u00e9cise le BMS.<\/p>\n<p class=\"c6\">Durant la p\u00e9riode de validit\u00e9 de ce bulletin, pr\u00e9vue du vendredi \u00e0 midi\u00a0 jusqu&rsquo;\u00e0 samedi \u00e0 03h00, les vents souffleront du Sud \u00e0 l&rsquo;Ouest \u00e0 une vitesse estim\u00e9e \u00e0 70\/80 km\/h avec rafales atteignant ou d\u00e9passant parfois 90 km avec soul\u00e8vements de sable, ajoute la m\u00eame source.<\/p>\n<p class=\"c6\">Dix autres wilayas de l&rsquo;Est et du Sud-Est ont \u00e9t\u00e9 \u00e9galement plac\u00e9es en vigilance\u00a0 \u00ab\u00a0Orange vents violents\u00a0\u00bb: M&rsquo;sila, Batna, S\u00e9tif, Constantine, Bordj Bou Arreridj, Mila, Oum El Bouaghi, Khenchela, T\u00e9bessa et le Nord de Biskra.<br \/>Durant la p\u00e9riode de validit\u00e9 de ce bulletin, pr\u00e9vue du vendredi \u00e0 21h00 jusqu&rsquo;\u00e0 samedi \u00e0 06h00, les vents souffleront du Sud \u00e0 l&rsquo;Ouest \u00e0 une vitesse estim\u00e9e \u00e0\u00a0 60\/70 km\/h avec rafales atteignant ou d\u00e9passant parfois 80 km\/h.<\/p>\n<p class=\"c7\"><strong>APS<\/strong><\/p>\n<\/div>\n<p>Auteur:<br \/>\n<a href=\"https:\/\/www.liberte-algerie.com\/actualite\/des-vents-violents-sur-lest-et-louest-du-pays-a-partir-de-vendredi-a-midi-352064\">Cliquez ici pour lire l&rsquo;article depuis sa source.<\/a><\/p>\n","protected":false},"excerpt":{"rendered":"<p>Des vents violents souffleront, parfois en rafales pouvant d\u00e9passer les 90 km\/h, sur plusieurs wilayas de l&rsquo;Est et de l&rsquo;Ouest du pays \u00e0 partir de vendredi \u00e0 midi, indique l&rsquo;Office national de la m\u00e9t\u00e9orologie dans un bulletin m\u00e9t\u00e9orologique sp\u00e9cial (BMS). A partir de vendredi \u00e0 midi, les wilayas de Na\u00e2ma, El Bayadh, Laghouat, M&rsquo;sila, Djelfa, [&hellip;]<\/p>\n","protected":false},"author":1742,"featured_media":0,"comment_status":"closed","ping_status":"closed","sticky":false,"template":"","format":"standard","meta":{"fifu_image_url":"","fifu_image_alt":"","footnotes":""},"categories":[73,53],"tags":[],"class_list":["post-108917","post","type-post","status-publish","format-standard","hentry","category-actualite","category-algerie"],"_links":{"self":[{"href":"https:\/\/linitiative.ca\/International\/wp-json\/wp\/v2\/posts\/108917","targetHints":{"allow":["GET"]}}],"collection":[{"href":"https:\/\/linitiative.ca\/International\/wp-json\/wp\/v2\/posts"}],"about":[{"href":"https:\/\/linitiative.ca\/International\/wp-json\/wp\/v2\/types\/post"}],"author":[{"embeddable":true,"href":"https:\/\/linitiative.ca\/International\/wp-json\/wp\/v2\/users\/1742"}],"replies":[{"embeddable":true,"href":"https:\/\/linitiative.ca\/International\/wp-json\/wp\/v2\/comments?post=108917"}],"version-history":[{"count":0,"href":"https:\/\/linitiative.ca\/International\/wp-json\/wp\/v2\/posts\/108917\/revisions"}],"wp:attachment":[{"href":"https:\/\/linitiative.ca\/International\/wp-json\/wp\/v2\/media?parent=108917"}],"wp:term":[{"taxonomy":"category","embeddable":true,"href":"https:\/\/linitiative.ca\/International\/wp-json\/wp\/v2\/categories?post=108917"},{"taxonomy":"post_tag","embeddable":true,"href":"https:\/\/linitiative.ca\/International\/wp-json\/wp\/v2\/tags?post=108917"}],"curies":[{"name":"wp","href":"https:\/\/api.w.org\/{rel}","templated":true}]}}