{"id":108921,"date":"2021-01-08T11:01:37","date_gmt":"2021-01-08T16:01:37","guid":{"rendered":"https:\/\/linitiative.ca\/International\/accord-entre-le-ministere-de-la-justice-et-lordre-des-avocats-de-nador\/"},"modified":"2021-01-08T11:01:37","modified_gmt":"2021-01-08T16:01:37","slug":"accord-entre-le-ministere-de-la-justice-et-lordre-des-avocats-de-nador","status":"publish","type":"post","link":"https:\/\/linitiative.ca\/International\/accord-entre-le-ministere-de-la-justice-et-lordre-des-avocats-de-nador\/","title":{"rendered":"Accord entre le minist\u00e8re de la Justice et l\u2019Ordre des avocats de Nador"},"content":{"rendered":"<p class=\"c4\">Le minist\u00e8re de la Justice et l\u2019Ordre des avocats de Nador ont sign\u00e9, jeudi, un m\u00e9morandum d\u2019entente pour la formation \u00e0 l\u2019utilisation des technologies num\u00e9riques et la gestion de la plateforme d\u2019\u00e9change \u00e9lectronique des avocats.<\/p>\n<p class=\"c4\">Ce m\u00e9morandum d\u2019entente a \u00e9t\u00e9 sign\u00e9 \u00e0 la Maison de l\u2019avocat de Nador par le ministre de la Justice, Mohamed Ben Abdelkader, et le b\u00e2tonnier de Nador, Abdelkader El Benyahiati, en pr\u00e9sence des membres de cet ordre et de responsables judiciaires.<\/p>\n<p class=\"c4\">Il s\u2019agit de renforcer la coop\u00e9ration entre les deux parties, particuli\u00e8rement en mati\u00e8re de formation des avocats \u00e0 l\u2019utilisation de cette plateforme, en vue de faciliter l\u2019\u00e9change \u00e9lectronique des documents entre les avocats et les tribunaux en confirmant leur authenticit\u00e9 via une signature \u00e9lectronique.<\/p>\n<p class=\"c4\">La plateforme permet aussi d\u2019archiver par voie \u00e9lectronique les dossiers des avocats, en leur permettant de les consulter \u00e0 tout moment, dans le but d\u2019atteindre l\u2019objectif d\u2019une justice simplifi\u00e9e et efficace, \u00e0 travers le recours \u00e0 la technologie moderne.<\/p>\n<p class=\"c4\">Dans une d\u00e9claration \u00e0 la MAP, M. Ben Abdelkader a mis en exergue l\u2019importance des m\u00e9morandums d\u2019entente sign\u00e9s par le minist\u00e8re de la Justice avec les Ordres des avocats \u00e0 travers le Maroc, en perspective d\u2019une transition digitale des diff\u00e9rents m\u00e9tiers et services du secteur de la Justice.<\/p>\n<p class=\"c4\">Il s\u2019agit d\u2019aider les avocats \u00e0 int\u00e9grer les technologies num\u00e9riques de communication et g\u00e9rer la plateforme d\u2019\u00e9change de l\u2019avocat, qui fait partie de plusieurs applications et plateformes digitales d\u00e9velopp\u00e9es par le d\u00e9partement de la Justice dans le cadre du sch\u00e9ma directeur de la transformation num\u00e9rique du secteur, a-t-il ajout\u00e9.<\/p>\n<p class=\"c4\">De son c\u00f4t\u00e9, M. El Benyahiati a soulign\u00e9, dans une allocution \u00e0 cette occasion, l\u2019urgence de la transition vers une gestion digitale du secteur de la Justice, notamment \u00e0 la lumi\u00e8re des circonstances li\u00e9es \u00e0 la pand\u00e9mie de la Covid-19, estimant que cet objectif requiert la conjugaison des efforts de l\u2019ensemble des intervenants pour assurer l\u2019efficacit\u00e9 de ce secteur au profit des citoyens.<\/p>\n<p class=\"c4\">La c\u00e9r\u00e9monie de signature a \u00e9t\u00e9 suivie d\u2019une rencontre de communication entre des responsables du minist\u00e8re de la Justice et les membres de l\u2019Ordre des avocats de Nador, ax\u00e9e sur la plateforme \u00e9lectronique des avocats et la strat\u00e9gie de transformation num\u00e9rique du secteur de la Justice.<\/p>\n<p class=\"c4\">Le ministre de la Justice a, par ailleurs, proc\u00e9d\u00e9, au si\u00e8ge de la Cour d\u2019appel de Nador, \u00e0 la remise de Wissams royaux \u00e0 des cadres des services de greffe de la circonscription judiciaire de Nador, ainsi qu\u2019\u00e0 la pr\u00e9sentation de nouveaux chefs des services de greffe au niveau de cette circonscription.<\/p>\n<p class=\"c4\">Cette c\u00e9r\u00e9monie, tenue en pr\u00e9sence notamment du gouverneur de la province de Nador, Ali Khalil, du premier pr\u00e9sident de la Cour d\u2019Appel de Nador, du procureur g\u00e9n\u00e9ral du Roi pr\u00e8s cette cour et de responsables judiciaires et administratifs, a \u00e9t\u00e9 \u00e9galement marqu\u00e9e par la pr\u00e9sentation de la premi\u00e8re promotion des femmes adoules au niveau de cette circonscription judiciaire.<\/p>\n<p>Auteur: Soufiane ELAHMAR<br \/>\n<a href=\"http:\/\/www.mapoujda.ma\/fr\/accord-entre-le-ministere-de-la-justice-et-lordre-des-avocats-de-nador\/\">Cliquez ici pour lire l&rsquo;article depuis sa source.<\/a><\/p>\n","protected":false},"excerpt":{"rendered":"<p>Le minist\u00e8re de la Justice et l\u2019Ordre des avocats de Nador ont sign\u00e9, jeudi, un m\u00e9morandum d\u2019entente pour la formation \u00e0 l\u2019utilisation des technologies num\u00e9riques et la gestion de la plateforme d\u2019\u00e9change \u00e9lectronique des avocats. Ce m\u00e9morandum d\u2019entente a \u00e9t\u00e9 sign\u00e9 \u00e0 la Maison de l\u2019avocat de Nador par le ministre de la Justice, Mohamed [&hellip;]<\/p>\n","protected":false},"author":1788,"featured_media":0,"comment_status":"closed","ping_status":"closed","sticky":false,"template":"","format":"standard","meta":{"fifu_image_url":"","fifu_image_alt":"","footnotes":""},"categories":[54,76],"tags":[],"class_list":["post-108921","post","type-post","status-publish","format-standard","hentry","category-maroc","category-regions"],"_links":{"self":[{"href":"https:\/\/linitiative.ca\/International\/wp-json\/wp\/v2\/posts\/108921","targetHints":{"allow":["GET"]}}],"collection":[{"href":"https:\/\/linitiative.ca\/International\/wp-json\/wp\/v2\/posts"}],"about":[{"href":"https:\/\/linitiative.ca\/International\/wp-json\/wp\/v2\/types\/post"}],"author":[{"embeddable":true,"href":"https:\/\/linitiative.ca\/International\/wp-json\/wp\/v2\/users\/1788"}],"replies":[{"embeddable":true,"href":"https:\/\/linitiative.ca\/International\/wp-json\/wp\/v2\/comments?post=108921"}],"version-history":[{"count":0,"href":"https:\/\/linitiative.ca\/International\/wp-json\/wp\/v2\/posts\/108921\/revisions"}],"wp:attachment":[{"href":"https:\/\/linitiative.ca\/International\/wp-json\/wp\/v2\/media?parent=108921"}],"wp:term":[{"taxonomy":"category","embeddable":true,"href":"https:\/\/linitiative.ca\/International\/wp-json\/wp\/v2\/categories?post=108921"},{"taxonomy":"post_tag","embeddable":true,"href":"https:\/\/linitiative.ca\/International\/wp-json\/wp\/v2\/tags?post=108921"}],"curies":[{"name":"wp","href":"https:\/\/api.w.org\/{rel}","templated":true}]}}