{"id":108925,"date":"2021-01-07T14:17:41","date_gmt":"2021-01-07T19:17:41","guid":{"rendered":"https:\/\/linitiative.ca\/International\/recherche-du-financement-pour-les-sciences-humaines-et-sociales\/"},"modified":"2021-01-07T14:17:41","modified_gmt":"2021-01-07T19:17:41","slug":"recherche-du-financement-pour-les-sciences-humaines-et-sociales","status":"publish","type":"post","link":"https:\/\/linitiative.ca\/International\/recherche-du-financement-pour-les-sciences-humaines-et-sociales\/","title":{"rendered":"Recherche: Du financement pour les sciences humaines et sociales"},"content":{"rendered":"<p class=\"rtejustify\">L\u2019Enseignement sup\u00e9rieur, en partenariat avec le CNRST, lance un programme de financement pour la recherche en sciences humaines et sociales. Le projet cible les th\u00e9matiques li\u00e9es \u00e0 l\u2019int\u00e9grit\u00e9 territoriale et aux r\u00e9gions du sud, ainsi que celles traitant des cons\u00e9quences de la pand\u00e9mie Covid-19. Les universit\u00e9s devront d\u00e9poser leurs candidatures au CNRST d\u2019ici le 5 f\u00e9vrier 2021.<\/p>\n<p class=\"rtejustify\"><em>A.Na<\/em><\/p>\n<p>Auteur: hlafriqi<br \/>\n<a href=\"https:\/\/www.leconomiste.com\/article\/1071771-recherche-du-financement-pour-les-sciences-humaines-et-sociales\">Cliquez ici pour lire l&rsquo;article depuis sa source.<\/a><\/p>\n","protected":false},"excerpt":{"rendered":"<p>L\u2019Enseignement sup\u00e9rieur, en partenariat avec le CNRST, lance un programme de financement pour la recherche en sciences humaines et sociales. Le projet cible les th\u00e9matiques li\u00e9es \u00e0 l\u2019int\u00e9grit\u00e9 territoriale et aux r\u00e9gions du sud, ainsi que celles traitant des cons\u00e9quences de la pand\u00e9mie Covid-19. Les universit\u00e9s devront d\u00e9poser leurs candidatures au CNRST d\u2019ici le 5 [&hellip;]<\/p>\n","protected":false},"author":1763,"featured_media":0,"comment_status":"closed","ping_status":"closed","sticky":false,"template":"","format":"standard","meta":{"fifu_image_url":"","fifu_image_alt":"","footnotes":""},"categories":[78,54],"tags":[],"class_list":["post-108925","post","type-post","status-publish","format-standard","hentry","category-economie","category-maroc"],"_links":{"self":[{"href":"https:\/\/linitiative.ca\/International\/wp-json\/wp\/v2\/posts\/108925","targetHints":{"allow":["GET"]}}],"collection":[{"href":"https:\/\/linitiative.ca\/International\/wp-json\/wp\/v2\/posts"}],"about":[{"href":"https:\/\/linitiative.ca\/International\/wp-json\/wp\/v2\/types\/post"}],"author":[{"embeddable":true,"href":"https:\/\/linitiative.ca\/International\/wp-json\/wp\/v2\/users\/1763"}],"replies":[{"embeddable":true,"href":"https:\/\/linitiative.ca\/International\/wp-json\/wp\/v2\/comments?post=108925"}],"version-history":[{"count":0,"href":"https:\/\/linitiative.ca\/International\/wp-json\/wp\/v2\/posts\/108925\/revisions"}],"wp:attachment":[{"href":"https:\/\/linitiative.ca\/International\/wp-json\/wp\/v2\/media?parent=108925"}],"wp:term":[{"taxonomy":"category","embeddable":true,"href":"https:\/\/linitiative.ca\/International\/wp-json\/wp\/v2\/categories?post=108925"},{"taxonomy":"post_tag","embeddable":true,"href":"https:\/\/linitiative.ca\/International\/wp-json\/wp\/v2\/tags?post=108925"}],"curies":[{"name":"wp","href":"https:\/\/api.w.org\/{rel}","templated":true}]}}