{"id":108926,"date":"2021-01-07T14:18:39","date_gmt":"2021-01-07T19:18:39","guid":{"rendered":"https:\/\/linitiative.ca\/International\/conseil-du-gouvernement-4-decrets-adoptes\/"},"modified":"2021-01-07T14:18:39","modified_gmt":"2021-01-07T19:18:39","slug":"conseil-du-gouvernement-4-decrets-adoptes","status":"publish","type":"post","link":"https:\/\/linitiative.ca\/International\/conseil-du-gouvernement-4-decrets-adoptes\/","title":{"rendered":"Conseil du gouvernement: 4 d\u00e9crets adopt\u00e9s"},"content":{"rendered":"<p class=\"rtejustify\">Outre le projet de d\u00e9cret relatif \u00e0 la prolongation de l\u2019\u00e9tat d\u2019urgence sanitaire, le gouvernement a approuv\u00e9 3 autres textes. Il s\u2019agit notamment du d\u00e9cret fixant les indemnit\u00e9s des membres de la Commission du droit d\u2019acc\u00e8s \u00e0 l\u2019information, ainsi que deux autres, portant sur la pratique des m\u00e9tiers de r\u00e9\u00e9ducation fonctionnelle, et relatif \u00e0 l\u2019application de certaines dispositions du Code de la route.<\/p>\n<p class=\"rtejustify\"><em>M.A.M<\/em><\/p>\n<p>Auteur: hlafriqi<br \/>\n<a href=\"https:\/\/www.leconomiste.com\/article\/1071772-conseil-du-gouvernement-4-decrets-adoptes\">Cliquez ici pour lire l&rsquo;article depuis sa source.<\/a><\/p>\n","protected":false},"excerpt":{"rendered":"<p>Outre le projet de d\u00e9cret relatif \u00e0 la prolongation de l\u2019\u00e9tat d\u2019urgence sanitaire, le gouvernement a approuv\u00e9 3 autres textes. Il s\u2019agit notamment du d\u00e9cret fixant les indemnit\u00e9s des membres de la Commission du droit d\u2019acc\u00e8s \u00e0 l\u2019information, ainsi que deux autres, portant sur la pratique des m\u00e9tiers de r\u00e9\u00e9ducation fonctionnelle, et relatif \u00e0 l\u2019application [&hellip;]<\/p>\n","protected":false},"author":1763,"featured_media":0,"comment_status":"closed","ping_status":"closed","sticky":false,"template":"","format":"standard","meta":{"fifu_image_url":"","fifu_image_alt":"","footnotes":""},"categories":[78,54],"tags":[],"class_list":["post-108926","post","type-post","status-publish","format-standard","hentry","category-economie","category-maroc"],"_links":{"self":[{"href":"https:\/\/linitiative.ca\/International\/wp-json\/wp\/v2\/posts\/108926","targetHints":{"allow":["GET"]}}],"collection":[{"href":"https:\/\/linitiative.ca\/International\/wp-json\/wp\/v2\/posts"}],"about":[{"href":"https:\/\/linitiative.ca\/International\/wp-json\/wp\/v2\/types\/post"}],"author":[{"embeddable":true,"href":"https:\/\/linitiative.ca\/International\/wp-json\/wp\/v2\/users\/1763"}],"replies":[{"embeddable":true,"href":"https:\/\/linitiative.ca\/International\/wp-json\/wp\/v2\/comments?post=108926"}],"version-history":[{"count":0,"href":"https:\/\/linitiative.ca\/International\/wp-json\/wp\/v2\/posts\/108926\/revisions"}],"wp:attachment":[{"href":"https:\/\/linitiative.ca\/International\/wp-json\/wp\/v2\/media?parent=108926"}],"wp:term":[{"taxonomy":"category","embeddable":true,"href":"https:\/\/linitiative.ca\/International\/wp-json\/wp\/v2\/categories?post=108926"},{"taxonomy":"post_tag","embeddable":true,"href":"https:\/\/linitiative.ca\/International\/wp-json\/wp\/v2\/tags?post=108926"}],"curies":[{"name":"wp","href":"https:\/\/api.w.org\/{rel}","templated":true}]}}