{"id":108927,"date":"2021-01-08T15:14:04","date_gmt":"2021-01-08T20:14:04","guid":{"rendered":"https:\/\/linitiative.ca\/International\/pros-belaili-signe-un-joli-but-face-a-al-kharitiyath\/"},"modified":"2021-01-08T15:14:04","modified_gmt":"2021-01-08T20:14:04","slug":"pros-belaili-signe-un-joli-but-face-a-al-kharitiyath","status":"publish","type":"post","link":"https:\/\/linitiative.ca\/International\/pros-belaili-signe-un-joli-but-face-a-al-kharitiyath\/","title":{"rendered":"Pros : Bela\u00efli signe un joli but face \u00e0 Al-Kharitiyath"},"content":{"rendered":"<div readability=\"32\">\n<p>Auteur : <span>Riad Ouenzar.<\/span> <span class=\"time\">vendredi 08 janvier 2021 14:30<\/span><\/p>\n<\/div>\n<div id=\"post_core\" readability=\"37\">\n<p>Youcef Bela\u00efli continue de briller avec son \u00e9quipe du Qatar SC. Hier, l\u2019enfant d\u2019Oran a sign\u00e9 un tr\u00e8s joli but face \u00e0 Al-Kharitiyath \u00e0 l\u2019occasion de la 13\u00e8me journ\u00e9e du championnat du Qatar. Il s\u2019agit-l\u00e0 du onzi\u00e8me but de Belaili en championnat. Il compte \u00e9galement trois passes d\u00e9cisives \u00e0 son actif, lui qui n\u2019a pourtant disput\u00e9 que huit matchs avec le Qatar SC.<\/p>\n<p><u><strong>Riad Ouenzar.<\/strong><\/u><\/p>\n<p><strong>Publi\u00e9 dans :<\/strong> <span>Bela\u00efli<\/span><\/p>\n<\/div>\n<p>Auteur:<br \/>\n<a href=\"http:\/\/www.lebuteur.com\/article\/detail?titre=belaili-signe-un-joli-but-face-a-al-kharitiyath&#038;id=98623&#038;utm_source=feedburner&#038;utm_medium=feed&#038;utm_campaign=Feed%3A+GalerieFArtciles+%28Les+derniers+articles++-+lebuteur.com%29\">Cliquez ici pour lire l&rsquo;article depuis sa source.<\/a><\/p>\n","protected":false},"excerpt":{"rendered":"<p>Auteur : Riad Ouenzar. vendredi 08 janvier 2021 14:30 Youcef Bela\u00efli continue de briller avec son \u00e9quipe du Qatar SC. Hier, l\u2019enfant d\u2019Oran a sign\u00e9 un tr\u00e8s joli but face \u00e0 Al-Kharitiyath \u00e0 l\u2019occasion de la 13\u00e8me journ\u00e9e du championnat du Qatar. Il s\u2019agit-l\u00e0 du onzi\u00e8me but de Belaili en championnat. Il compte \u00e9galement trois [&hellip;]<\/p>\n","protected":false},"author":1738,"featured_media":0,"comment_status":"closed","ping_status":"closed","sticky":false,"template":"","format":"standard","meta":{"fifu_image_url":"\/\/cdn.lebuteur.com\/data\/images\/article\/thumbs\/large-belaili-signe-un-joli-but-face-a-al-kharitiyath-3d4cc.jpg","fifu_image_alt":"Pros : Bela\u00efli signe un joli but face \u00e0 Al-Kharitiyath","footnotes":""},"categories":[53,75],"tags":[],"class_list":["post-108927","post","type-post","status-publish","format-standard","hentry","category-algerie","category-sport"],"_links":{"self":[{"href":"https:\/\/linitiative.ca\/International\/wp-json\/wp\/v2\/posts\/108927","targetHints":{"allow":["GET"]}}],"collection":[{"href":"https:\/\/linitiative.ca\/International\/wp-json\/wp\/v2\/posts"}],"about":[{"href":"https:\/\/linitiative.ca\/International\/wp-json\/wp\/v2\/types\/post"}],"author":[{"embeddable":true,"href":"https:\/\/linitiative.ca\/International\/wp-json\/wp\/v2\/users\/1738"}],"replies":[{"embeddable":true,"href":"https:\/\/linitiative.ca\/International\/wp-json\/wp\/v2\/comments?post=108927"}],"version-history":[{"count":0,"href":"https:\/\/linitiative.ca\/International\/wp-json\/wp\/v2\/posts\/108927\/revisions"}],"wp:attachment":[{"href":"https:\/\/linitiative.ca\/International\/wp-json\/wp\/v2\/media?parent=108927"}],"wp:term":[{"taxonomy":"category","embeddable":true,"href":"https:\/\/linitiative.ca\/International\/wp-json\/wp\/v2\/categories?post=108927"},{"taxonomy":"post_tag","embeddable":true,"href":"https:\/\/linitiative.ca\/International\/wp-json\/wp\/v2\/tags?post=108927"}],"curies":[{"name":"wp","href":"https:\/\/api.w.org\/{rel}","templated":true}]}}