{"id":108930,"date":"2021-01-08T15:14:09","date_gmt":"2021-01-08T20:14:09","guid":{"rendered":"https:\/\/linitiative.ca\/International\/international-equipe-de-france-le-graet-pense-a-zidane\/"},"modified":"2021-01-08T15:14:09","modified_gmt":"2021-01-08T20:14:09","slug":"international-equipe-de-france-le-graet-pense-a-zidane","status":"publish","type":"post","link":"https:\/\/linitiative.ca\/International\/international-equipe-de-france-le-graet-pense-a-zidane\/","title":{"rendered":"International : Equipe de France: Le Gra\u00ebt pense \u00e0 Zidane"},"content":{"rendered":"<div readability=\"32\">\n<p>Auteur : <span class=\"time\">vendredi 08 janvier 2021 16:25<\/span><\/p>\n<\/div>\n<div id=\"post_core\" readability=\"53\">\n<p>Au micro de RMC ce matin, Philippe Tournon, l&rsquo;ancien attach\u00e9 de presse des Bleus, a fait une annonce sur la pens\u00e9e de No\u00ebl Le Gra\u00ebt pour le poste de s\u00e9lectionneur. C&rsquo;est le r\u00eave de beaucoup : Zinedine Zidane s\u00e9lectionneur de l&rsquo;\u00c9quipe de France. Si Didier Deschamps sera bel et bien l&rsquo;entra\u00eeneur des Bleus pour l&rsquo;Euro 2021, la suite est moins s\u00fbre. Les regards sont tous braqu\u00e9s vers l&rsquo;actuel entra\u00eeneur du Real Madrid, d\u00e9sign\u00e9 comme le successeur naturel de Didier Deschamps \u00e0 la t\u00eate de l&rsquo;\u00c9quipe de France. Si le double-buteur face au Br\u00e9sil en 1998 ne s&rsquo;est jamais r\u00e9ellement exprim\u00e9 pour prendre le poste, No\u00ebl Le Gra\u00ebt, pr\u00e9sident de la FFF, a d\u00e9j\u00e0 son id\u00e9e. \u00a0Ce matin, au micro de RMC, Philippe Tournon a livr\u00e9 quelques indices : \u00a0\u00bb Ce qu&rsquo;il a fait au Real avec deux titres de champion et trois coupes d&rsquo;Europe, jackpot, c&rsquo;est \u00e9norme. Le pr\u00e9sident Le Gra\u00ebt l&rsquo;a dans un coin de sa t\u00eate. C&rsquo;est a peu pr\u00e8s dans l&rsquo;ordre naturel des choses\u00a0\u00bb. Des propos qui confirmeraient ceux de janvier 2020, d\u00e9clar\u00e9 par le pr\u00e9sident de la FFF lui-m\u00eame : \u00a0\u00bb Le jour o\u00f9 Didier partira, d\u00e9cidera de partir ou ne sera pas renouvel\u00e9, si Zidane est disponible, il sera l&rsquo;homme de la situation\u00a0\u00bb. En attendant, No\u00ebl Le Gra\u00ebt devra attendre de savoir s&rsquo;il sera renouvel\u00e9 \u00e0 la pr\u00e9sidence de la FFF, avec l&rsquo;\u00e9lection pr\u00e9vue en mars 2021 rapporte OnzeMondial.com<\/p>\n<p><strong>Publi\u00e9 dans :<\/strong> <span>Zidane<\/span><\/p>\n<\/div>\n<p>Auteur:<br \/>\n<a href=\"http:\/\/www.lebuteur.com\/article\/detail?titre=equipe-de-france-le-graet-pense-a-zidane&#038;id=98626&#038;utm_source=feedburner&#038;utm_medium=feed&#038;utm_campaign=Feed%3A+GalerieFArtciles+%28Les+derniers+articles++-+lebuteur.com%29\">Cliquez ici pour lire l&rsquo;article depuis sa source.<\/a><\/p>\n","protected":false},"excerpt":{"rendered":"<p>Auteur : vendredi 08 janvier 2021 16:25 Au micro de RMC ce matin, Philippe Tournon, l&rsquo;ancien attach\u00e9 de presse des Bleus, a fait une annonce sur la pens\u00e9e de No\u00ebl Le Gra\u00ebt pour le poste de s\u00e9lectionneur. C&rsquo;est le r\u00eave de beaucoup : Zinedine Zidane s\u00e9lectionneur de l&rsquo;\u00c9quipe de France. Si Didier Deschamps sera bel [&hellip;]<\/p>\n","protected":false},"author":1738,"featured_media":0,"comment_status":"closed","ping_status":"closed","sticky":false,"template":"","format":"standard","meta":{"fifu_image_url":"\/\/cdn.lebuteur.com\/data\/images\/article\/thumbs\/large-equipe-de-france-le-graet-pense-a-zidane-8fd91.jpg","fifu_image_alt":"International : Equipe de France: Le Gra\u00ebt pense \u00e0 Zidane","footnotes":""},"categories":[53,75],"tags":[],"class_list":["post-108930","post","type-post","status-publish","format-standard","hentry","category-algerie","category-sport"],"_links":{"self":[{"href":"https:\/\/linitiative.ca\/International\/wp-json\/wp\/v2\/posts\/108930","targetHints":{"allow":["GET"]}}],"collection":[{"href":"https:\/\/linitiative.ca\/International\/wp-json\/wp\/v2\/posts"}],"about":[{"href":"https:\/\/linitiative.ca\/International\/wp-json\/wp\/v2\/types\/post"}],"author":[{"embeddable":true,"href":"https:\/\/linitiative.ca\/International\/wp-json\/wp\/v2\/users\/1738"}],"replies":[{"embeddable":true,"href":"https:\/\/linitiative.ca\/International\/wp-json\/wp\/v2\/comments?post=108930"}],"version-history":[{"count":0,"href":"https:\/\/linitiative.ca\/International\/wp-json\/wp\/v2\/posts\/108930\/revisions"}],"wp:attachment":[{"href":"https:\/\/linitiative.ca\/International\/wp-json\/wp\/v2\/media?parent=108930"}],"wp:term":[{"taxonomy":"category","embeddable":true,"href":"https:\/\/linitiative.ca\/International\/wp-json\/wp\/v2\/categories?post=108930"},{"taxonomy":"post_tag","embeddable":true,"href":"https:\/\/linitiative.ca\/International\/wp-json\/wp\/v2\/tags?post=108930"}],"curies":[{"name":"wp","href":"https:\/\/api.w.org\/{rel}","templated":true}]}}