{"id":108931,"date":"2021-01-08T15:14:10","date_gmt":"2021-01-08T20:14:10","guid":{"rendered":"https:\/\/linitiative.ca\/International\/international-real-zidane-simpatiente-pour-les-prolongations-de-contrat\/"},"modified":"2021-01-08T15:14:10","modified_gmt":"2021-01-08T20:14:10","slug":"international-real-zidane-simpatiente-pour-les-prolongations-de-contrat","status":"publish","type":"post","link":"https:\/\/linitiative.ca\/International\/international-real-zidane-simpatiente-pour-les-prolongations-de-contrat\/","title":{"rendered":"International : Real : Zidane s&rsquo;impatiente pour les prolongations de contrat"},"content":{"rendered":"<div readability=\"32\">\n<p>Auteur : <span class=\"time\">vendredi 08 janvier 2021 20:14<\/span><\/p>\n<\/div>\n<div id=\"post_core\" readability=\"51\">\n<p>Luka Modric ou encore Sergio Ramos et Lucas Vazquez n\u00e9gocient en ce moment de potentiels nouveaux contrats avec la direction madril\u00e8ne. Des tractations qui s&rsquo;av\u00e8rent extr\u00eamement complexes, notamment pour Sergio Ramos. Invit\u00e9 \u00e0 s&rsquo;exprimer sur le sujet en conf\u00e9rence de presse avant le d\u00e9placement \u00e0 Osasuna samedi, Zinedine Zidane a martel\u00e9 son d\u00e9sir que la situation contractuelle de ses joueurs soit rapidement r\u00e9gl\u00e9e :<\/p>\n<p>\u00ab\u00a0On n&rsquo;en a pas parl\u00e9. Au final, l&rsquo;important est que la situation soit r\u00e9gl\u00e9e. C&rsquo;est ce que je veux pour mes joueurs. Ce que je veux, c&rsquo;est qu&rsquo;ils soient pr\u00eats \u00e0 jouer, c&rsquo;est ce qui se passe. C&rsquo;est le plus important. Je ne veux pas que Sergio et Lucas partent, mais dans le football on ne sait jamais. Ce que nous voulons pour les joueurs, c&rsquo;est que tout soit r\u00e9gl\u00e9. Et c&rsquo;est tout. Apr\u00e8s le match, vous me le demanderez et je vous dirai la m\u00eame chose. Vous savez ce que je pense et j&rsquo;esp\u00e8re que cela va se r\u00e9gler,\u00a0\u00bb a ainsi comment\u00e9 le technicien fran\u00e7ais du Real comme rapport\u00e9 par Footmercato.<\/p>\n<p><strong>Publi\u00e9 dans :<\/strong> <span>real madrid<\/span><\/p>\n<\/div>\n<p>Auteur:<br \/>\n<a href=\"http:\/\/www.lebuteur.com\/article\/detail?titre=real-zidane-simpatiente-pour-les-prolongations-de-contrat&#038;id=98627&#038;utm_source=feedburner&#038;utm_medium=feed&#038;utm_campaign=Feed%3A+GalerieFArtciles+%28Les+derniers+articles++-+lebuteur.com%29\">Cliquez ici pour lire l&rsquo;article depuis sa source.<\/a><\/p>\n","protected":false},"excerpt":{"rendered":"<p>Auteur : vendredi 08 janvier 2021 20:14 Luka Modric ou encore Sergio Ramos et Lucas Vazquez n\u00e9gocient en ce moment de potentiels nouveaux contrats avec la direction madril\u00e8ne. Des tractations qui s&rsquo;av\u00e8rent extr\u00eamement complexes, notamment pour Sergio Ramos. Invit\u00e9 \u00e0 s&rsquo;exprimer sur le sujet en conf\u00e9rence de presse avant le d\u00e9placement \u00e0 Osasuna samedi, Zinedine [&hellip;]<\/p>\n","protected":false},"author":1738,"featured_media":0,"comment_status":"closed","ping_status":"closed","sticky":false,"template":"","format":"standard","meta":{"fifu_image_url":"\/\/cdn.lebuteur.com\/data\/images\/article\/thumbs\/large-real-zidane-simpatiente-pour-les-prolongations-de-contrat-6407f.jpg","fifu_image_alt":"International : Real : Zidane s'impatiente pour les prolongations de contrat","footnotes":""},"categories":[53,75],"tags":[],"class_list":["post-108931","post","type-post","status-publish","format-standard","hentry","category-algerie","category-sport"],"_links":{"self":[{"href":"https:\/\/linitiative.ca\/International\/wp-json\/wp\/v2\/posts\/108931","targetHints":{"allow":["GET"]}}],"collection":[{"href":"https:\/\/linitiative.ca\/International\/wp-json\/wp\/v2\/posts"}],"about":[{"href":"https:\/\/linitiative.ca\/International\/wp-json\/wp\/v2\/types\/post"}],"author":[{"embeddable":true,"href":"https:\/\/linitiative.ca\/International\/wp-json\/wp\/v2\/users\/1738"}],"replies":[{"embeddable":true,"href":"https:\/\/linitiative.ca\/International\/wp-json\/wp\/v2\/comments?post=108931"}],"version-history":[{"count":0,"href":"https:\/\/linitiative.ca\/International\/wp-json\/wp\/v2\/posts\/108931\/revisions"}],"wp:attachment":[{"href":"https:\/\/linitiative.ca\/International\/wp-json\/wp\/v2\/media?parent=108931"}],"wp:term":[{"taxonomy":"category","embeddable":true,"href":"https:\/\/linitiative.ca\/International\/wp-json\/wp\/v2\/categories?post=108931"},{"taxonomy":"post_tag","embeddable":true,"href":"https:\/\/linitiative.ca\/International\/wp-json\/wp\/v2\/tags?post=108931"}],"curies":[{"name":"wp","href":"https:\/\/api.w.org\/{rel}","templated":true}]}}