{"id":108933,"date":"2021-01-08T04:01:00","date_gmt":"2021-01-08T09:01:00","guid":{"rendered":"https:\/\/linitiative.ca\/International\/yassine-brahim-la-tunisie-ne-peut-se-developper-que-lorsque-ses-elites-sy-engagent-malgre-un-contexte-peu-engageant-video\/"},"modified":"2021-01-08T04:01:00","modified_gmt":"2021-01-08T09:01:00","slug":"yassine-brahim-la-tunisie-ne-peut-se-developper-que-lorsque-ses-elites-sy-engagent-malgre-un-contexte-peu-engageant-video","status":"publish","type":"post","link":"https:\/\/linitiative.ca\/International\/yassine-brahim-la-tunisie-ne-peut-se-developper-que-lorsque-ses-elites-sy-engagent-malgre-un-contexte-peu-engageant-video\/","title":{"rendered":"Yassine Brahim : La Tunisie ne peut se d\u00e9velopper que lorsque ses \u00e9lites s\u2019y engagent&#8230; malgr\u00e9 un contexte peu engageant (Vid\u00e9o)"},"content":{"rendered":"<p>\u00ab Evidemment, il y a \u00e9norm\u00e9ment de mauvaise gouvernance, de corruption en Tunisie, tout le monde le sait. Mais, on sait \u00e9galement comment le r\u00e9parer. Il faut que la situation politique dans le pays se stabilise. \u00bb Yassine Brahim est direct. L\u2019ancien chef du part Afek Toun\u00e8s, et ministre (en 2011, sous B\u00e9ji Ca\u00efd Essebsi, puis en 2015, sous Habib Essid) souligne certes le vent de libert\u00e9 qui a favoris\u00e9 \u00e9galement la cr\u00e9ativit\u00e9 culturelle et l\u2019innovation technologique avec l\u2019\u00e9mergence des startups. Il craint cependant en coup de revers la restauration de l\u2019ancien r\u00e9gime.<\/p>\n<p class=\"c2\"><iframe loading=\"lazy\" src=\"https:\/\/www.youtube.com\/embed\/RQSI4Q2hwyU\" allow=\"accelerometer; autoplay; clipboard-write; encrypted-media; gyroscope; picture-in-picture\" allowfullscreen=\"\" width=\"560\" height=\"315\" frameborder=\"0\">[embedded content]<\/iframe><\/p>\n<p class=\"c3\">\u00ab Un pays ne se d\u00e9veloppe que lorsque les \u00e9lites y sont engag\u00e9es. Or le contexte actuel ne l\u2019encourage pas \u00bb, d\u00e9plore-t-il. Gardant espoir, il estime que l\u2019imp\u00e9ratif de stabilisation politique doit le pr\u00e9valoir afin de pouvoir adresser les probl\u00e9matiques \u00e9conomiques et sociales.<\/p>\n<p class=\"c3\"><strong>Lire aussi:<\/strong><\/p>\n<p class=\"c3\"><a href=\"https:\/\/www.leaders.com.tn\/article\/31209-yadh-ben-achour-la-revolution-un-rappel-de-memoire\" target=\"_blank\" rel=\"noopener\">Yadh Ben Achour: La r\u00e9volution, un rappel de m\u00e9moire<\/a><\/p>\n<p class=\"c3\"><a href=\"https:\/\/www.leaders.com.tn\/article\/31191-mustapha-kamel-nabli-la-longue-marche-de-la-tunisie-de-l-espoir-fou-vers-le-grand-desespoir\" target=\"_blank\" rel=\"noopener\">Mustapha Kamel Nabli: La longue marche de la Tunisie de l\u2019\u00abespoir fou\u00bb vers le \u00abgrand d\u00e9sespoir\u00bb (Vid\u00e9o)<\/a><\/p>\n<p class=\"c3\"><a href=\"https:\/\/www.leaders.com.tn\/article\/31195-hakim-el-karoui-en-preface-du-livre-tunisie-dix-ans-et-dans-dix-ans-une-tunisie-democratique-libre-et-toujours-debout\" target=\"_blank\" rel=\"noopener\">Hakim El Karoui, en pr\u00e9face du livre Tunisie, Dix ans et dans Dix ans : Une Tunisie d\u00e9mocratique, libre et toujours debout<\/a><\/p>\n<p class=\"c3\"><a href=\"https:\/\/www.leaders.com.tn\/article\/31190-tunisie-2011-2021-ce-qu-il-faut-retenir-et-ce-qu-il-faut-batir-une-serie-d-interviews-video-et-un-ouvrage-collectif\" target=\"_blank\" rel=\"noopener\">Tunisie 2011 \u2013 2021 : Ce qu\u2019il faut retenir et ce qu\u2019il faut b\u00e2tir : une s\u00e9rie d\u2019interviews vid\u00e9o et un ouvrage collectif<\/a><\/p>\n<p class=\"c3\"><a href=\"https:\/\/www.leaders.com.tn\/article\/31189-mustapha-kamel-nabli-une-etroite-voie-de-sortie-existe-a-condition-video\" target=\"_blank\" rel=\"noopener\">Mustapha Kamel Nabli : Une \u00e9troite voie de sortie existe, \u00e0 condition &#8230; (Vid\u00e9o)<\/a><\/p>\n<p>Auteur:<br \/>\n<a href=\"https:\/\/www.leaders.com.tn\/article\/31211-yassine-brahim-la-tunisie-ne-peut-se-developper-que-lorsque-ses-elites-s-y-engagent-malgre-un-contexte-peu-engeant-video\">Cliquez ici pour lire l&rsquo;article depuis sa source.<\/a><\/p>\n","protected":false},"excerpt":{"rendered":"<p>\u00ab Evidemment, il y a \u00e9norm\u00e9ment de mauvaise gouvernance, de corruption en Tunisie, tout le monde le sait. Mais, on sait \u00e9galement comment le r\u00e9parer. Il faut que la situation politique dans le pays se stabilise. \u00bb Yassine Brahim est direct. L\u2019ancien chef du part Afek Toun\u00e8s, et ministre (en 2011, sous B\u00e9ji Ca\u00efd Essebsi, [&hellip;]<\/p>\n","protected":false},"author":1772,"featured_media":0,"comment_status":"closed","ping_status":"closed","sticky":false,"template":"","format":"standard","meta":{"fifu_image_url":"","fifu_image_alt":"","footnotes":""},"categories":[73,55],"tags":[],"class_list":["post-108933","post","type-post","status-publish","format-standard","hentry","category-actualite","category-tunisie"],"_links":{"self":[{"href":"https:\/\/linitiative.ca\/International\/wp-json\/wp\/v2\/posts\/108933","targetHints":{"allow":["GET"]}}],"collection":[{"href":"https:\/\/linitiative.ca\/International\/wp-json\/wp\/v2\/posts"}],"about":[{"href":"https:\/\/linitiative.ca\/International\/wp-json\/wp\/v2\/types\/post"}],"author":[{"embeddable":true,"href":"https:\/\/linitiative.ca\/International\/wp-json\/wp\/v2\/users\/1772"}],"replies":[{"embeddable":true,"href":"https:\/\/linitiative.ca\/International\/wp-json\/wp\/v2\/comments?post=108933"}],"version-history":[{"count":0,"href":"https:\/\/linitiative.ca\/International\/wp-json\/wp\/v2\/posts\/108933\/revisions"}],"wp:attachment":[{"href":"https:\/\/linitiative.ca\/International\/wp-json\/wp\/v2\/media?parent=108933"}],"wp:term":[{"taxonomy":"category","embeddable":true,"href":"https:\/\/linitiative.ca\/International\/wp-json\/wp\/v2\/categories?post=108933"},{"taxonomy":"post_tag","embeddable":true,"href":"https:\/\/linitiative.ca\/International\/wp-json\/wp\/v2\/tags?post=108933"}],"curies":[{"name":"wp","href":"https:\/\/api.w.org\/{rel}","templated":true}]}}