{"id":108936,"date":"2021-01-08T05:48:00","date_gmt":"2021-01-08T10:48:00","guid":{"rendered":"https:\/\/linitiative.ca\/International\/a-lechelle-mondiale-2021-serait-elle-lannee-de-la-nina-el-nino\/"},"modified":"2021-01-08T05:48:00","modified_gmt":"2021-01-08T10:48:00","slug":"a-lechelle-mondiale-2021-serait-elle-lannee-de-la-nina-el-nino","status":"publish","type":"post","link":"https:\/\/linitiative.ca\/International\/a-lechelle-mondiale-2021-serait-elle-lannee-de-la-nina-el-nino\/","title":{"rendered":"A L\u2019\u00e9chelle mondiale: 2021 serait elle l\u2019ann\u00e9e de La Ni\u00f1a \/ El Ni\u00f1o!"},"content":{"rendered":"<p><span class=\"c3\"><span class=\"c2\"><em><strong><img decoding=\"async\" src=\"\/uploads\/FCK_files\/Moncef-Rajhi(1)(2).jpg\" alt=\"\" width=\"20%\" vspace=\"5\" hspace=\"5\" align=\"left\"\/>Par Moncef Rajhi &#8211;<\/strong><\/em><\/span><\/span> Dans un communiqu\u00e9 de presse publi\u00e9 sur son site internet le 23 \/12\/2020, l\u2019OMM (Organisation M\u00e9t\u00e9orologique Mondiale, agence\u00a0 sp\u00e9cialis\u00e9e porte parole de l\u2019ONU sur les questions du temps, du climat et de l\u2019eau) a indiqu\u00e9 qu\u2019elle a intensifi\u00e9 son action contre La Ni\u00f1a en renfor\u00e7ant son soutien aux gouvernements, aux Nations Unies et aux parties prenantes des secteurs sensibles au climat pour mobiliser les moyens indispensables pour minimiser les impacts de ce ph\u00e9nom\u00e8ne sur le climat mondial. Ce ph\u00e9nom\u00e8ne a r\u00e9cemment fait sa r\u00e9apparition dans le Pacifique \u00e9quatorial, lieux de sa d\u00e9tection dans les ann\u00e9es soixante dix du si\u00e8cle pass\u00e9. Les observations oc\u00e9aniques et atmosph\u00e9riques tropicales refl\u00e8tent les conditions caract\u00e9ristiques de La Nina. En effet, une masse d\u2019eau froide dans le Pacifique Equatorial avec des anomalies de temp\u00e9rature de surface de la mer (SST) n\u00e9gatives a \u00e9t\u00e9 localis\u00e9e aux alentours du 160 \u00e8me degr\u00e9 E \u00e0 travers la ligne de date \u00e0 environ 100 degr\u00e9s W. Les anomalies SST pour la p\u00e9riode variaient entre 0,5 degr\u00e9s C et 1,5 \u00b0 C sur la majeure partie de cette r\u00e9gion.<\/p>\n<p>\u00c0 l&rsquo;origine, l&rsquo;appellation El Ni\u00f1a a \u00e9t\u00e9 attribu\u00e9e par les p\u00eacheurs p\u00e9ruviens \u00e0 la petite invasion d&rsquo;eau chaude qui se produit chaque ann\u00e9e le long des c\u00f4tes du P\u00e9rou et de l&rsquo;\u00c9quateur aux environs de No\u00ebl &#8211; d&rsquo;o\u00f9 son nom: en espagnol, El Ni\u00f1o d\u00e9signe l&rsquo;enfant J\u00e9sus. Par extension, le ph\u00e9nom\u00e8ne climatique correspondant au r\u00e9chauffement accentu\u00e9 des eaux de surface pr\u00e8s des c\u00f4tes de l&rsquo;Am\u00e9rique du Sud porte aujourd&rsquo;hui le nom d&rsquo;El Ni\u00f1o. Il est li\u00e9 \u00e0 un cycle de variations de la pression atmosph\u00e9rique entre l&rsquo;est et l&rsquo;ouest du Pacifique, coupl\u00e9 \u00e0 un cycle du courant oc\u00e9anique le long de l&rsquo;\u00e9quateur.<\/p>\n<p>Le climat global est affect\u00e9 par les deux ph\u00e9nom\u00e8nes El Ni\u00f1o et La Ni\u00f1a. Les deux sont des ph\u00e9nom\u00e8nes oc\u00e9aniques \u00e0 grande \u00e9chelle du Pacifique \u00e9quatorial, affectant le r\u00e9gime des vents, la temp\u00e9rature de la mer et les pr\u00e9cipitations, ils trouvent leur existence dans l\u2019anomalie des temp\u00e9ratures des eaux de surface du Pacifique \u00e9quatorial.<\/p>\n<p>D\u2019apr\u00e8s les chercheurs climatologues \u00abEl Ni\u00f1o et La Ni\u00f1a correspondent aux deux phases oppos\u00e9es du ph\u00e9nom\u00e8ne coupl\u00e9 oc\u00e9an\/atmosph\u00e8re appel\u00e9 ENSO (El Ni\u00f1o Southern Oscillation)\u00bb, seul\u00a0 l&rsquo; ENSO a un impact plan\u00e9taire marqu\u00e9.<\/p>\n<p>Les deux autres bassins oc\u00e9aniques, Indien et Atlantique, sont trop peu \u00e9tendus pour permettre un ph\u00e9nom\u00e8ne de couplage aussi important entre circulations atmosph\u00e9rique et oc\u00e9anique, m\u00eame s&rsquo;ils subissent aussi des remont\u00e9es d&rsquo;eaux profondes et des r\u00e9gimes d&rsquo;aliz\u00e9s.<\/p>\n<p>Des sp\u00e9cialistes climatologues de l&rsquo;OMM ont dit qu\u2019en\u00a0 Octobre 2020 La Ni\u00f1a s\u2019est progressivement d\u00e9velopp\u00e9e, a pris de l\u2019ampleur en se renfor\u00e7ant en intensit\u00e9 et en extension sur la zone habituelle de son action, alors que les temp\u00e9ratures de surface de la mer du Pacifique Equatorial se sont encore refroidies.<\/p>\n<p>En effet,\u00a0 au\u00a0 cours de l\u2019automne 2020,\u00a0 un \u00e9v\u00e8nement La Ni\u00f1a a \u00e9t\u00e9 enregistr\u00e9 dans le Pacific Tropical au cours des mois Aout\/Septembre, d\u00e9passant les seuils oc\u00e9aniques et atmosph\u00e9riques. Les observations atmosph\u00e9riques mettent en \u00e9vidence des aliz\u00e9s d&rsquo;est en augmentation \u00e0 850 hPa de l&rsquo;ouest au centre-est du Pacifique \u00e9quatorial, des anomalies de vent d&rsquo;ouest \u00e0 200 hPa sur la majeure partie du Pacifique et la suppression de la convection tropicale sur l&rsquo;ouest et le centre du Pacifique.<\/p>\n<p>Les pr\u00e9visions saisonni\u00e8res \u00e0 l&rsquo;\u00e9chelle mondiale, r\u00e9guli\u00e8rement produites \u00e0 l&rsquo;aide de mod\u00e8les sophistiqu\u00e9s coupl\u00e9s atmosph\u00e8re-oc\u00e9an, qui prennent en compte l&rsquo;ENSO (El Ni\u00f1o Southern Oscillation) ainsi que d&rsquo;autres facteurs climatiques sont con\u00e7us pour pr\u00e9voir les effets\u00a0 La Ninia sur les diff\u00e9rents \u00e9l\u00e9ments du climat, entre autres, celles des pr\u00e9cipitations et de la temp\u00e9rature de surface.<\/p>\n<p>Elabor\u00e9es en D\u00e9cembre\u00a0 2020 pour\u00a0 les mois de janvier-f\u00e9vrier et mars 2021, les pr\u00e9visions devraient des\u00a0 temp\u00e9ratures, des pr\u00e9cipitations et des temp\u00eates dans de nombreuses r\u00e9gions du monde \u00eatre affect\u00e9es par ce ph\u00e9nom\u00e8ne, Il a \u00e9t\u00e9 annonc\u00e9 que La Ni\u00f1a devrait durer l&rsquo;ann\u00e9e 2021.\u00a0<\/p>\n<p>Les derni\u00e8res pr\u00e9visions publi\u00e9es (fig. :1,fig. :2)\u00a0 par les centres mondiaux de production de pr\u00e9visions saisonni\u00e8res \u00e0 long terme de l&rsquo;OMM ont sugg\u00e9r\u00e9\u00a0 une forte probabilit\u00e9 (90%) que les temp\u00e9ratures des eaux de surface de l\u2019oc\u00e9an Pacifique Tropical restent sous effets de La Ni\u00f1a jusqu&rsquo;\u00e0 la fin de 2020, et une probabilit\u00e9 mod\u00e9r\u00e9e (55%) de persister au premier trimestre 2021.<\/p>\n<p>D\u2019apr\u00e8s ces centres, appel\u00e9s Leaders\u00a0 \u00abLa plupart des mod\u00e8les num\u00e9riques indiquent que la Ni\u00f1a 2020\/2021 est susceptible d&rsquo;\u00eatre un \u00e9v\u00e9nement mod\u00e9r\u00e9 \u00e0 fort, donc suivre de pr\u00e8s les changements dans l&rsquo;\u00e9tat d&rsquo;El Ni\u00f1o \/ Oscillation australe (ENSO) au cours des prochains mois et fournir des perspectives actualis\u00e9es p\u00e9riodiquement\u00bb, mesures appuy\u00e9es par l\u2019OMM en annon\u00e7ant que \u00abL&rsquo;\u00e9tat de l&rsquo;ENSO continuera d&rsquo;\u00eatre \u00e9troitement surveill\u00e9 par ses membres et ses\u00a0 partenaires, des interpr\u00e9tations plus d\u00e9taill\u00e9es des implications pour la variabilit\u00e9 climatique r\u00e9gionale seront effectu\u00e9es r\u00e9guli\u00e8rement par la communaut\u00e9 des pr\u00e9visions climatiques au cours des prochains mois et seront mises \u00e0 disposition par les services m\u00e9t\u00e9orologiques et hydrologiques nationaux\u00bb.\u00a0<img decoding=\"async\" src=\"\/uploads\/FCK_files\/Graph-1(37).jpg\" alt=\"\" width=\"100%\" vspace=\"5\" hspace=\"5\" align=\"middle\"\/><\/p>\n<p class=\"c4\"><strong><em>(fig.:1)<\/em><\/strong><\/p>\n<p class=\"c4\"><img decoding=\"async\" src=\"\/uploads\/FCK_files\/Graph-2(32).jpg\" alt=\"\" width=\"100%\" vspace=\"5\" hspace=\"5\" align=\"middle\"\/><\/p>\n<p class=\"c4\"><strong><em>(fig.: 2)<\/em><\/strong><\/p>\n<p>De nombreux indices oc\u00e9aniques et atmosph\u00e9riques relev\u00e9s par les m\u00e9t\u00e9orologistes indiquent d\u00e9j\u00e0 que l&rsquo;\u00e9v\u00e9nement de La Ni\u00f1a est arriv\u00e9 \u00e0 maturit\u00e9.<\/p>\n<p>D\u2019apr\u00e8s des mod\u00e8les num\u00e9riques, La Ni\u00f1a devrait atteindre un pic d&rsquo;intensit\u00e9 en d\u00e9cembre 2020 ou en janvier 2021. Ces mod\u00e8les sugg\u00e8rent que La Ni\u00f1a approche de son apog\u00e9e, avec un retour probable \u00e0 des conditions neutres \u00e0 la fin de l\u2019\u00e9t\u00e9 de l\u2019h\u00e9misph\u00e8re sud ou au d\u00e9but de l\u2019automne\/l\u2019hiver. La derni\u00e8re mise \u00e0 jour publi\u00e9e par le Centre de pr\u00e9vision du climat de la NOAA et l&rsquo;Institut international de recherche sur le climat et la soci\u00e9t\u00e9(IRI) informait d&rsquo;une probabilit\u00e9 de 95% que<\/p>\n<p>La Ni\u00f1a se poursuive jusqu&rsquo;en mars 2021.<\/p>\n<p><span class=\"c6\"><span class=\"c5\"><strong>En r\u00e9sum\u00e9<\/strong><\/span><\/span><\/p>\n<p><span class=\"c2\"><strong>\u2022<\/strong><\/span> La transition du Pacifique Tropical \u00e0 La Ni\u00f1a s\u2019est faite en\u00a0 Ao\u00fbt -Septembre 2020, avec un seuil d\u00e9pass\u00e9 pour les temp\u00e9ratures de la surface de la mer et sous la surface de l&rsquo;oc\u00e9an, ainsi que pour les conditions<\/p>\n<p><span class=\"c2\"><strong>\u2022<\/strong><\/span> Les pr\u00e9visions num\u00e9riques et l&rsquo;\u00e9valuation des experts indiquent:<\/p>\n<p class=\"c7\"><span class=\"c6\"><strong>i)<\/strong><\/span> une probabilit\u00e9 de 90% pour La Ni\u00f1a entre novembre et janvier 2020\/2021.<\/p>\n<p class=\"c7\"><span class=\"c6\"><strong>ii)<\/strong><\/span> pour la saison f\u00e9vrier-avril 2021, la probabilit\u00e9 de La Ni\u00f1a diminue \u00e0 environ 55%,<\/p>\n<p class=\"c7\"><span class=\"c6\"><strong>iii)<\/strong><\/span> tandis que celle de la neutralit\u00e9 ENSO passe \u00e0 40%.<\/p>\n<p><span class=\"c2\"><strong>\u2022<\/strong><\/span> Les temp\u00e9ratures de surface de la mer dans le Centre-Est de l&rsquo;oc\u00e9an Pacifique sont les plus susceptibles d&rsquo;\u00eatre comprises entre 0,9 et 1,9 degr\u00e9s Celsius sous la moyenne en novembre-janvier 2020\/2021 et entre 0.0 et 1.2 degr\u00e9s en dessous de la moyenne en f\u00e9vrier-avril 2021.atmosph\u00e9riques.<\/p>\n<p><span class=\"c2\"><strong>\u2022<\/strong><\/span> pour environ 95% de chances pour La Nina de continuer pendant l&rsquo;hiver dans l&rsquo;h\u00e9misph\u00e8re nord, avec une transition potentielle au printemps 2021 (~ 50% de chances d&rsquo;\u00eatre neutre pendant l&rsquo;AMJ 2021).<\/p>\n<p><span class=\"c2\"><strong>\u2022<\/strong><\/span> La Nina continuerait sa manifestation durant l\u2019hiver dans l\u2019h\u00e9misph\u00e8re Nord, avec un potentiel transitionnel vers l\u2019ENSO neutre durant le printemps 2021. Les pr\u00e9visions pour les mois janvier\/f\u00e9vrier\/Mars 2021\u00a0 favoriseraient des temp\u00e9ratures moyennes au dessus de la normale dans\u00a0 plusieurs r\u00e9gions \u00e0 travers le monde. Des conditions mod\u00e9r\u00e9es\u00a0 de la Nina domineraient les zones Pacifique \u00e9quatoriales oc\u00e9aniques, comme le mentionnent les observations oc\u00e9aniques et atmosph\u00e9riques<\/p>\n<p><span class=\"c2\"><span class=\"c8\"><strong>Impacts de la\u00a0 Ni\u00f1a sur les conditions m\u00e9t\u00e9orologiques<\/strong><\/span><\/span><\/p>\n<p>La Ni\u00f1a, le dip\u00f4le de l&rsquo;oc\u00e9an Indien, l&rsquo;oscillation de Madden-Julian et le mode annuel sud se pr\u00e9sentent\u00a0 comme\u00a0 des facteurs principaux et d\u00e9terminant de la\u00a0 large gamme des \u00e9l\u00e9ments qui r\u00e9gissent le syst\u00e8me climatique\u00a0 mondial,\u00a0 ph\u00e9nom\u00e8nes d\u00e9couverts\u00a0 durant les ann\u00e9es soixante dix du vingti\u00e8me si\u00e8cle au niveau du pacifique \u00e9quatorial pour la Ni\u00f1a. Ils influent sur les conditions m\u00e9t\u00e9orologiques, les cyclones tropicaux et les temp\u00eates sont des exemples typiques.<\/p>\n<p>A ces facteurs s\u2019ajoutent l\u2019inertie oc\u00e9anique et couplage oc\u00e9an atmosph\u00e8re pour augmenter la complexit\u00e9\u00a0 de la pr\u00e9vision num\u00e9rique\u00a0 des impacts attendus de La Ni\u00f1a sur le temps et le climat mondial. L\u2019intensit\u00e9 d&rsquo;un \u00e9v\u00e9nement La Ni\u00f1a \u00e0 elle seule n&rsquo;est pas non plus n\u00e9cessairement en corr\u00e9lation avec l&rsquo;ampleur des changements de pr\u00e9cipitations ou de temp\u00e9ratures.<\/p>\n<p>Les pr\u00e9visions saisonni\u00e8res probabilistes (par opposition \u00e0 la pr\u00e9vision du temps, qui elle est d\u00e9terminante), qui int\u00e8grent tous les facteurs climatiques, y compris La Ni\u00f1a, fournissent une indication plus compl\u00e8te sur les tendances climatiques mondiales et r\u00e9gionales attendues. Il est donc important de consulter les derni\u00e8res pr\u00e9visions saisonni\u00e8res disponibles aupr\u00e8s des Services m\u00e9t\u00e9orologiques ou hydrologiques nationaux (SMHN), des centres climatologiques r\u00e9gionaux (RCC) ou des forums r\u00e9gionaux sur les perspectives climatiques pour obtenir des conseils sur les pr\u00e9visions m\u00e9t\u00e9orologiques pour la saison \u00e0 venir.<\/p>\n<p>On retiendra toutefois que comme \u00abEl Ni\u00f1o\u00bb, les ph\u00e9nom\u00e8nes \u00ab La Ni\u00f1a \u00bb rendent le climat mondial plus pr\u00e9visible aux \u00e9ch\u00e9ances saisonni\u00e8res<\/p>\n<p>L&rsquo;OMM produit une mise \u00e0 jour du climat saisonnier mondial, bas\u00e9e sur un certain nombre de mod\u00e8les de pr\u00e9visions saisonni\u00e8res mondiales g\u00e9r\u00e9s par des centres accr\u00e9dit\u00e9s par l&rsquo;OMM dans le monde entier. La mise \u00e0 jour est destin\u00e9e \u00e0 guider les diff\u00e9rents centres et institutions usagers des donn\u00e9es climatiques pr\u00e9vues.<\/p>\n<p>Les centres mondiaux de production de pr\u00e9visions \u00e0 long terme ont publi\u00e9 des pr\u00e9visions de l\u2019hiver presque similaires, \u00e0 titre d\u2019informations, les pr\u00e9visions saisonni\u00e8res de M\u00e9t\u00e9o France et IRI sont r\u00e9sum\u00e9e ci-dessous.<\/p>\n<p><span class=\"c2\"><span class=\"c8\"><strong>Pr\u00e9visions saisonni\u00e8res\u00a0 \u00e9tablies par M\u00e9t\u00e9o France<\/strong><\/span><\/span><\/p>\n<p><span class=\"c6\"><strong>Temp\u00e9ratures:<\/strong><\/span> Janvier-F\u00e9vrier-Mars 2021<\/p>\n<p>Sur la M\u00e9diterran\u00e9e, la majorit\u00e9 des mod\u00e8les optent pour un scenario chaud, avec une probabilit\u00e9 toutefois moins forte.\u00a0<\/p>\n<p><span class=\"c6\"><strong>Sur la Tunisie:<\/strong><\/span> un sc\u00e9nario plus chaud que la Normale sur le Nord Est, le Cap Bon ,toute la r\u00e9gion du Sahel , Kairouan ,les\u00a0 r\u00e9gions c\u00f4ti\u00e8res Sud Est .<br \/>Sur les r\u00e9gions ouest : aucun sc\u00e9nario n\u2019est privil\u00e9gi\u00e9 par les mod\u00e8les num\u00e9riques des pr\u00e9visions saisonni\u00e8res.<\/p>\n<p><span class=\"c6\"><strong>Pluies:<\/strong><\/span> Janvier-F\u00e9vrier-Mars 2021.Tous les sc\u00e9narios sont \u00e9quiprobables (33% : pluies normales, 33% : pluies au \u2013dessus de la normale, 33% : pluies au \u2013dessous de la normale)<\/p>\n<p><span class=\"c6\"><strong>En g\u00e9n\u00e9ral:<\/strong><\/span> il est pr\u00e9vu que les conditions climatiques\u00a0 soient faiblement instables\u00a0 avec alternance de jours de stabilit\u00e9 plus fr\u00e9quents continuent \u00e0 caract\u00e9riser le climat sur le pays pour la suite la suite de l\u2019hiver.<\/p>\n<p><span class=\"c2\"><span class=\"c8\"><strong>Pr\u00e9visions saisonni\u00e8res\u00a0 \u00e9tablies par IRI(International Researches Institute<\/strong><\/span><\/span><\/p>\n<p>Les pr\u00e9visions climatiques saisonni\u00e8res de l\u2019IRI mises \u00e0 jour tous les mois pour au moins les 3 prochains mois, donnent des perspectives probabilistes en deux repr\u00e9sentations cartographiques pour r\u00e9pondre\u00a0 aux besoins d\u2019une large gamme d\u2019usagers:<\/p>\n<p><span class=\"c6\"><strong>I) Repr\u00e9sentation en terciles (fig. :3):<\/strong><\/span> pour que la temp\u00e9rature et les pr\u00e9cipitations se situent dans les cat\u00e9gories de terciles sup\u00e9rieures \u00e0 la normale, proches de la normale ou inf\u00e9rieures \u00e0 la normale, seuils d\u00e9finies \u00e0 partir des statistiques climatiques des 30 ann\u00e9es pr\u00e9c\u00e9dentes. (dans cette repr\u00e9sentation, un d\u00e9cideur ne peut pas \u00e9valuer \u00e0 quel point les pr\u00e9cipitations devraient \u00eatre sup\u00e9rieures \u00e0 la moyenne pendant les trois mois. Les pr\u00e9visions ne pr\u00e9disent que la probabilit\u00e9 que les temp\u00e9ratures ou les pr\u00e9cipitations se situent dans le tiers inf\u00e9rieur, moyen ou sup\u00e9rieur de la distribution climatologique historique, la probabilit\u00e9 de d\u00e9faut pour l&rsquo;une quelconque des cat\u00e9gories est de 33,3%).<\/p>\n<p class=\"c4\"><img decoding=\"async\" src=\"\/uploads\/FCK_files\/Graph-3(25).jpg\" alt=\"\" width=\"100%\" vspace=\"5\" hspace=\"5\" align=\"middle\"\/><\/p>\n<p class=\"c4\"><strong><em>(fig :3)<\/em><\/strong><\/p>\n<p><span class=\"c2\"><strong>\u2022<\/strong><\/span> <span class=\"c2\"><strong>Pr\u00e9cipitations:<\/strong><\/span> R\u00e9gions nord et c\u00f4ti\u00e8res : les trois cat\u00e9gories devraient\u00a0 \u00eatre \u00e9quiprobables(33%)<\/p>\n<p class=\"c7\"><span class=\"c9\">R\u00e9gions Centre et Sud:<\/span><span class=\"c6\">\u00a0<\/span> probabilit\u00e9 de 40%\u00a0 pluies au dessous normale<\/p>\n<p><span class=\"c2\"><strong><span class=\"c2\"><strong>\u2022<\/strong><\/span> Temp\u00e9ratures:<\/strong><\/span> les trois cat\u00e9gories devraient\u00a0 \u00eatre \u00e9quiprobables (33%).<\/p>\n<p><span class=\"c6\"><strong>II) Repr\u00e9sentation graphique flexible:<\/strong><\/span><\/p>\n<p>Les pr\u00e9visions climatiques saisonni\u00e8res en version flexible bas\u00e9es sur les m\u00eames informations de pr\u00e9vision que les \u00e9valuations nettes, donnent des perspectives probabilistes de temp\u00e9rature et de pr\u00e9cipitations bas\u00e9es sur des cat\u00e9gories ou des seuils choisis par l&rsquo;utilisateur. Ces pr\u00e9visions flexibles aident \u00e0 combler le manque d&rsquo;information en d\u00e9terminant la probabilit\u00e9 que les pr\u00e9cipitations d\u00e9passent un certain percentile dans la distribution normale ou moyenne des pr\u00e9cipitations\/des temp\u00e9ratures d&rsquo;une r\u00e9gion. (exemple: nous pouvons calculer la probabilit\u00e9 que les pr\u00e9cipitations\/temp\u00e9ratures d\u00e9passent le 80e centile de sa distribution normale dans une r\u00e9gion donn\u00e9e)<\/p>\n<p><em>La probabilit\u00e9 de\u00a0 d\u00e9passement d\u2019un seuil fix\u00e9 par l\u2019utilisateur pour les pluies (carte ci-dessous)<\/em><\/p>\n<p><span class=\"c2\"><em><strong>Pr\u00e9cipitations<\/strong><\/em><\/span><\/p>\n<p class=\"c4\"><img decoding=\"async\" src=\"\/uploads\/FCK_files\/Graph-4(16).jpg\" alt=\"\" width=\"100%\" vspace=\"5\" hspace=\"5\" align=\"middle\"\/><\/p>\n<p class=\"c4\"><em><strong>(fig :4)<\/strong><\/em><\/p>\n<p class=\"c10\"><strong>Moncef Rajhi<\/strong><br \/><span class=\"c3\"><em>Ing. G\u00e9n\u00e9rHC\/.Met\/Clim\/Expert CClim<\/em><\/span><\/p>\n<p>\u00a0<\/p>\n<p>Auteur:<br \/>\n<a href=\"https:\/\/www.leaders.com.tn\/article\/31215-a-l-echelle-mondiale-2021-serait-elle-l-annee-de-la-nina-el-nino\">Cliquez ici pour lire l&rsquo;article depuis sa source.<\/a><\/p>\n","protected":false},"excerpt":{"rendered":"<p>Par Moncef Rajhi &#8211; Dans un communiqu\u00e9 de presse publi\u00e9 sur son site internet le 23 \/12\/2020, l\u2019OMM (Organisation M\u00e9t\u00e9orologique Mondiale, agence\u00a0 sp\u00e9cialis\u00e9e porte parole de l\u2019ONU sur les questions du temps, du climat et de l\u2019eau) a indiqu\u00e9 qu\u2019elle a intensifi\u00e9 son action contre La Ni\u00f1a en renfor\u00e7ant son soutien aux gouvernements, aux Nations [&hellip;]<\/p>\n","protected":false},"author":1772,"featured_media":0,"comment_status":"closed","ping_status":"closed","sticky":false,"template":"","format":"standard","meta":{"fifu_image_url":"\/uploads\/FCK_files\/Moncef-Rajhi(1)(2).jpg","fifu_image_alt":"A L\u2019\u00e9chelle mondiale: 2021 serait elle l\u2019ann\u00e9e de La Ni\u00f1a \/ El Ni\u00f1o!","footnotes":""},"categories":[73,55],"tags":[],"class_list":["post-108936","post","type-post","status-publish","format-standard","hentry","category-actualite","category-tunisie"],"_links":{"self":[{"href":"https:\/\/linitiative.ca\/International\/wp-json\/wp\/v2\/posts\/108936","targetHints":{"allow":["GET"]}}],"collection":[{"href":"https:\/\/linitiative.ca\/International\/wp-json\/wp\/v2\/posts"}],"about":[{"href":"https:\/\/linitiative.ca\/International\/wp-json\/wp\/v2\/types\/post"}],"author":[{"embeddable":true,"href":"https:\/\/linitiative.ca\/International\/wp-json\/wp\/v2\/users\/1772"}],"replies":[{"embeddable":true,"href":"https:\/\/linitiative.ca\/International\/wp-json\/wp\/v2\/comments?post=108936"}],"version-history":[{"count":0,"href":"https:\/\/linitiative.ca\/International\/wp-json\/wp\/v2\/posts\/108936\/revisions"}],"wp:attachment":[{"href":"https:\/\/linitiative.ca\/International\/wp-json\/wp\/v2\/media?parent=108936"}],"wp:term":[{"taxonomy":"category","embeddable":true,"href":"https:\/\/linitiative.ca\/International\/wp-json\/wp\/v2\/categories?post=108936"},{"taxonomy":"post_tag","embeddable":true,"href":"https:\/\/linitiative.ca\/International\/wp-json\/wp\/v2\/tags?post=108936"}],"curies":[{"name":"wp","href":"https:\/\/api.w.org\/{rel}","templated":true}]}}