{"id":108946,"date":"2021-01-08T17:01:21","date_gmt":"2021-01-08T22:01:21","guid":{"rendered":"https:\/\/linitiative.ca\/International\/tunisie-youssef-chahed-revele-les-raisons-du-retard-dans-la-livraison-du-vaccin-anti-covid-19\/"},"modified":"2021-01-08T17:01:21","modified_gmt":"2021-01-08T22:01:21","slug":"tunisie-youssef-chahed-revele-les-raisons-du-retard-dans-la-livraison-du-vaccin-anti-covid-19","status":"publish","type":"post","link":"https:\/\/linitiative.ca\/International\/tunisie-youssef-chahed-revele-les-raisons-du-retard-dans-la-livraison-du-vaccin-anti-covid-19\/","title":{"rendered":"Tunisie : Youssef Chahed r\u00e9v\u00e8le les raisons du retard dans la livraison du vaccin anti Covid-19"},"content":{"rendered":"<div class=\"post-cont-in left relative\">\n<div id=\"post-info-wrap\" class=\"left relative post-info-out\">\n<div class=\"post-info-img left relative\"><img loading=\"lazy\" decoding=\"async\" alt=\"\" src=\"https:\/\/secure.gravatar.com\/avatar\/ea481d7287ad38ca1787f44b5bb1b70e?s=50&amp;d=mm&amp;r=g\" srcset=\"https:\/\/secure.gravatar.com\/avatar\/ea481d7287ad38ca1787f44b5bb1b70e?s=100&amp;d=mm&amp;r=g 2x\" class=\"avatar avatar-50 photo\" height=\"50\" width=\"50\"\/><\/div>\n<div class=\"post-info-in\">\n<div class=\"post-info-right left relative post-info-name left relative\"><span><span class=\"post-info-text\">Par<\/span> <span class=\"author-name vcard fn author\"><a href=\"https:\/\/www.tunisienumerique.com\/author\/rania-ben-slimane\/\" title=\"Articles par rania ben slimane\" rel=\"author\">rania ben slimane<\/a><\/span><\/span> <span class=\"post-date updated\"><time class=\"post-date updated\" datetime=\"2021-01-08\">\u00a0| Il y a 25 secondes<\/time><\/span><\/div>\n<div class=\"left relative\"><button id=\"listenButton1\" class=\"responsivevoice-button\" type=\"button\" value=\"Play\" title=\"&#xC9;coutez l'article\"><span>\ud83d\udd0a \u00c9coutez l&rsquo;article<\/span><\/button> <\/div>\n<\/div>\n<\/div>\n<p>L\u2019ancien Chef du gouvernement, Youssef Chahed a d\u00e9clar\u00e9 lors d\u2019une \u00e9mission diffus\u00e9e sur une chaine TV priv\u00e9e le 08 janvier 2021, que l\u2019instabilit\u00e9 politique et le remaniement continu du gouvernement avaient gravement endommag\u00e9 le pays et provoqu\u00e9 plusieurs crises, telles que le retard dans la livraison du vaccin anti Covid-19.<\/p>\n<div class=\"code-block code-block-1 c4\"><ins class=\"adsbygoogle c3\" data-ad-layout=\"in-article\" data-ad-format=\"fluid\" data-ad-client=\"ca-pub-2102118777505746\" data-ad-slot=\"7301775417\"\/> <\/div>\n<p>Chahed a ajout\u00e9 que la Tunisie a \u00e9t\u00e9 t\u00e9moin pendant la p\u00e9riode de d\u2019appel d\u2019offres pour le vaccin en juin dernier, de la d\u00e9mission du Premier ministre \u00e0 l\u2019\u00e9poque Elyes Fakhfakh et le limogeage du ministre de la Sant\u00e9, Abdellatif Mekki, indiquant que cela a perturb\u00e9 les n\u00e9gociations sur le vaccin.<\/p>\n<div class=\"swp_social_panel swp_horizontal_panel swp_flat_fresh swp_default_full_color swp_individual_full_color swp_other_full_color scale-100 scale-\" data-min-width=\"1100\" data-float-color=\"#ffffff\" data-float=\"bottom\" data-float-mobile=\"bottom\" data-transition=\"slide\">\n<div class=\"nc_tweetContainer swp_share_button total_shares total_sharesalt\"><span class=\"swp_count\">0 <span class=\"swp_label\">Partages<\/span><\/span><\/div>\n<\/div>\n<p><strong>Que se passe-t-il en Tunisie?<\/strong><br \/>Nous expliquons sur notre <a href=\"https:\/\/www.youtube.com\/channel\/UCRzypVq0B_yBad5eGrwBx0Q?sub_confirmation=1\" target=\"_blank\" rel=\"noopener\">cha\u00eene YouTube<\/a> . <a href=\"https:\/\/www.youtube.com\/channel\/UCRzypVq0B_yBad5eGrwBx0Q?sub_confirmation=1\" target=\"_blank\" rel=\"noopener\">Abonnez-vous!<\/a><\/p>\n<div class=\"mvp-org-wrap mvp-org-logo\" itemprop=\"publisher\"><img decoding=\"async\" src=\"https:\/\/www.tunisienumerique.com\/wp-content\/uploads\/2017\/02\/logo_tunisie_numerique.png\"\/><\/div>\n<div class=\"mvp-related-posts left relative\">\n<h4 class=\"post-header\"><span class=\"post-header\">Lire aussi<\/span><\/h4>\n<\/div>\n<div id=\"article-ad\"><ins class=\"adsbygoogle c5\" data-ad-client=\"ca-pub-2102118777505746\" data-ad-slot=\"6513972734\" data-ad-format=\"auto\" data-full-width-responsive=\"true\"\/> <\/div>\n<\/div>\n<div id=\"post-sidebar-wrap\"><ins class=\"adsbygoogle c5\" data-ad-client=\"ca-pub-2102118777505746\" data-ad-slot=\"6168283410\" data-ad-format=\"auto\" data-full-width-responsive=\"true\"\/> <\/div>\n<p>Auteur: rania ben slimane<br \/>\n<a href=\"https:\/\/www.tunisienumerique.com\/tunisie-youssef-chahed-revele-les-raisons-du-retard-dans-la-livraison-du-vaccin-anti-covid-19\/\">Cliquez ici pour lire l&rsquo;article depuis sa source.<\/a><\/p>\n","protected":false},"excerpt":{"rendered":"<p>Par rania ben slimane \u00a0| Il y a 25 secondes \ud83d\udd0a \u00c9coutez l&rsquo;article L\u2019ancien Chef du gouvernement, Youssef Chahed a d\u00e9clar\u00e9 lors d\u2019une \u00e9mission diffus\u00e9e sur une chaine TV priv\u00e9e le 08 janvier 2021, que l\u2019instabilit\u00e9 politique et le remaniement continu du gouvernement avaient gravement endommag\u00e9 le pays et provoqu\u00e9 plusieurs crises, telles que le [&hellip;]<\/p>\n","protected":false},"author":1789,"featured_media":0,"comment_status":"closed","ping_status":"closed","sticky":false,"template":"","format":"standard","meta":{"fifu_image_url":"https:\/\/secure.gravatar.com\/avatar\/ea481d7287ad38ca1787f44b5bb1b70e?s=50&d=mm&r=g","fifu_image_alt":"Tunisie : Youssef Chahed r\u00e9v\u00e8le les raisons du retard dans la livraison du vaccin anti Covid-19","footnotes":""},"categories":[73,55],"tags":[],"class_list":["post-108946","post","type-post","status-publish","format-standard","hentry","category-actualite","category-tunisie"],"_links":{"self":[{"href":"https:\/\/linitiative.ca\/International\/wp-json\/wp\/v2\/posts\/108946","targetHints":{"allow":["GET"]}}],"collection":[{"href":"https:\/\/linitiative.ca\/International\/wp-json\/wp\/v2\/posts"}],"about":[{"href":"https:\/\/linitiative.ca\/International\/wp-json\/wp\/v2\/types\/post"}],"author":[{"embeddable":true,"href":"https:\/\/linitiative.ca\/International\/wp-json\/wp\/v2\/users\/1789"}],"replies":[{"embeddable":true,"href":"https:\/\/linitiative.ca\/International\/wp-json\/wp\/v2\/comments?post=108946"}],"version-history":[{"count":0,"href":"https:\/\/linitiative.ca\/International\/wp-json\/wp\/v2\/posts\/108946\/revisions"}],"wp:attachment":[{"href":"https:\/\/linitiative.ca\/International\/wp-json\/wp\/v2\/media?parent=108946"}],"wp:term":[{"taxonomy":"category","embeddable":true,"href":"https:\/\/linitiative.ca\/International\/wp-json\/wp\/v2\/categories?post=108946"},{"taxonomy":"post_tag","embeddable":true,"href":"https:\/\/linitiative.ca\/International\/wp-json\/wp\/v2\/tags?post=108946"}],"curies":[{"name":"wp","href":"https:\/\/api.w.org\/{rel}","templated":true}]}}