{"id":108947,"date":"2021-01-08T04:40:50","date_gmt":"2021-01-08T09:40:50","guid":{"rendered":"https:\/\/linitiative.ca\/International\/promotion-du-vivre-ensemble-au-yatenga-communautes-religieuses-et-coutumieres-en-union-de-prieres-a-seguenega\/"},"modified":"2021-01-08T04:40:50","modified_gmt":"2021-01-08T09:40:50","slug":"promotion-du-vivre-ensemble-au-yatenga-communautes-religieuses-et-coutumieres-en-union-de-prieres-a-seguenega","status":"publish","type":"post","link":"https:\/\/linitiative.ca\/International\/promotion-du-vivre-ensemble-au-yatenga-communautes-religieuses-et-coutumieres-en-union-de-prieres-a-seguenega\/","title":{"rendered":"Promotion du vivre ensemble au Yatenga:  Communaut\u00e9s religieuses et coutumi\u00e8res en union de pri\u00e8res \u00e0 S\u00e9gu\u00e9n\u00e9ga"},"content":{"rendered":"<div class=\"td-post-featured-image\"><a href=\"https:\/\/www.sidwaya.info\/wp-content\/uploads\/2021\/01\/p21.jpg\" data-caption=\"\"><img loading=\"lazy\" decoding=\"async\" width=\"640\" height=\"427\" class=\"entry-thumb td-modal-image\" src=\"https:\/\/www.sidwaya.info\/wp-content\/uploads\/2021\/01\/p21.jpg\" srcset=\"https:\/\/www.sidwaya.info\/wp-content\/uploads\/2021\/01\/p21.jpg 640w, https:\/\/www.sidwaya.info\/wp-content\/uploads\/2021\/01\/p21-300x200.jpg 300w, https:\/\/www.sidwaya.info\/wp-content\/uploads\/2021\/01\/p21-150x100.jpg 150w, https:\/\/www.sidwaya.info\/wp-content\/uploads\/2021\/01\/p21-630x420.jpg 630w\" sizes=\"auto, (max-width: 640px) 100vw, 640px\" alt=\"\" title=\"p21\"\/><\/a><\/div>\n<p><strong>L\u2019Association des Croyants de S\u00e9gu\u00e9n\u00e9ga (ACS) a organis\u00e9 le 1<sup>er<\/sup> janvier 2021 en collaboration avec les diff\u00e9rentes communaut\u00e9s religieuses et coutumi\u00e8res du d\u00e9partement une journ\u00e9e de pri\u00e8re pour la paix, la coh\u00e9sion sociale et la s\u00e9curit\u00e9 au Burkina Faso. C\u2019\u00e9tait en pr\u00e9sence des autorit\u00e9s administratives d\u00e9partementales et communales.<\/strong><\/p>\n<p>La mont\u00e9 de l\u2019intol\u00e9rance, de la haine et des violences multiformes dans la coexistence des communaut\u00e9s interroge la coh\u00e9rence du mod\u00e8le de soci\u00e9t\u00e9 burkinab\u00e8. Les conflits intra et intercommunautaires, l\u2019int\u00e9grisme religieux, l\u2019extr\u00e9misme violent, la radicalisation, le terrorisme et les violences li\u00e9es aux diff\u00e9rences de plus en plus vives sapent le vivre harmonieux des communaut\u00e9s. Pour pallier \u00e0 cette situation, l\u2019Association des Croyants de S\u00e9gu\u00e9n\u00e9ga a fait de cette r\u00e9alit\u00e9 son cheval de bataille depuis quelques ann\u00e9es afin d\u2019apporter sa contribution au mieux vivre ensemble dans sa zone d\u2019intervention.<\/p>\n<p><img decoding=\"async\" loading=\"lazy\" class=\"alignleft wp-image-31326\" src=\"https:\/\/www.sidwaya.info\/wp-content\/uploads\/2021\/01\/p1.jpg\" alt=\"\" width=\"562\" height=\"375\" srcset=\"https:\/\/www.sidwaya.info\/wp-content\/uploads\/2021\/01\/p1.jpg 640w, https:\/\/www.sidwaya.info\/wp-content\/uploads\/2021\/01\/p1-300x200.jpg 300w, https:\/\/www.sidwaya.info\/wp-content\/uploads\/2021\/01\/p1-150x100.jpg 150w, https:\/\/www.sidwaya.info\/wp-content\/uploads\/2021\/01\/p1-630x420.jpg 630w\" sizes=\"auto, (max-width: 562px) 100vw, 562px\"\/>Pour l\u2019ACS, la tendance vers l\u2019extr\u00e9misme violent impose une r\u00e9ponse ad\u00e9quate par le soul\u00e8vement de voix mod\u00e9r\u00e9es, la pri\u00e8re, et une synergie pour la construction du Burkina Faso et cela \u00e0 travers des actions de promotion du dialogue interreligieux, l\u2019acceptation mutuelle, la solidarit\u00e9, le \u00a0vivre ensemble et de la paix. La journ\u00e9e qui a eu pour cadre la salle des f\u00eates de la mairie de S\u00e9gu\u00e9n\u00e9ga a \u00e9t\u00e9 ponctu\u00e9e par des pri\u00e8res et b\u00e9n\u00e9dictions des diff\u00e9rentes communaut\u00e9s (Tidjania, Sunnite, protestante, catholique, Coutumi\u00e8re). Les diff\u00e9rentes intervenants ont invit\u00e9 les croyants \u00e0 une action de pri\u00e8re en tout lieu et en tout temps pour un monde de paix et de fraternit\u00e9.<\/p>\n<p><img decoding=\"async\" loading=\"lazy\" class=\"alignleft wp-image-31327\" src=\"https:\/\/www.sidwaya.info\/wp-content\/uploads\/2021\/01\/p3.jpg\" alt=\"\" width=\"565\" height=\"377\" srcset=\"https:\/\/www.sidwaya.info\/wp-content\/uploads\/2021\/01\/p3.jpg 640w, https:\/\/www.sidwaya.info\/wp-content\/uploads\/2021\/01\/p3-300x200.jpg 300w, https:\/\/www.sidwaya.info\/wp-content\/uploads\/2021\/01\/p3-150x100.jpg 150w, https:\/\/www.sidwaya.info\/wp-content\/uploads\/2021\/01\/p3-630x420.jpg 630w\" sizes=\"auto, (max-width: 565px) 100vw, 565px\"\/>L\u2019occasion faisant le larron les diff\u00e9rentes communaut\u00e9s se sont pr\u00e9sent\u00e9es des v\u0153ux de nouvelle an 2021. Sant\u00e9, coh\u00e9sion sociale, paix et s\u00e9curit\u00e9 pour le Faso, acceptation de son prochain dans sa diff\u00e9rence ont \u00e9t\u00e9 les souhaits des participants. Rendez-vous a \u00e9t\u00e9 pris en 2022 par la gr\u00e2ce de Dieu. L\u2019activit\u00e9 a \u00e9t\u00e9 rendu possible entre autres gr\u00e2ce au soutien du projet d\u2019appui \u00e0 la r\u00e9silience des communaut\u00e9s face aux menaces terroristes (PARC) du Centre Dioc\u00e9sain de Communication (CDC) de Ouahigouya.<\/p>\n<p><strong>NBP<\/strong><\/p>\n<div class=\"td-a-rec td-a-rec-id-content_bottom tdi_33_533 td_block_template_1\"><img loading=\"lazy\" decoding=\"async\" class=\"aligncenter size-full wp-image-27454\" src=\"https:\/\/www.sidwaya.info\/wp-content\/uploads\/2020\/10\/PUB-Bandeau-paiement-mobile-siteweb.jpg\" alt=\"\" width=\"728\" height=\"90\"\/><\/div>\n<p>Auteur: BS. Sidwaya<br \/>\n<a href=\"https:\/\/www.sidwaya.info\/blog\/2021\/01\/08\/promotion-du-vivre-ensemble-au-yatenga-communautes-religieuses-et-coutumieres-en-union-de-prieres-a-seguenega\/\">Cliquez ici pour lire l&rsquo;article depuis sa source.<\/a><\/p>\n","protected":false},"excerpt":{"rendered":"<p>L\u2019Association des Croyants de S\u00e9gu\u00e9n\u00e9ga (ACS) a organis\u00e9 le 1er janvier 2021 en collaboration avec les diff\u00e9rentes communaut\u00e9s religieuses et coutumi\u00e8res du d\u00e9partement une journ\u00e9e de pri\u00e8re pour la paix, la coh\u00e9sion sociale et la s\u00e9curit\u00e9 au Burkina Faso. C\u2019\u00e9tait en pr\u00e9sence des autorit\u00e9s administratives d\u00e9partementales et communales. La mont\u00e9 de l\u2019intol\u00e9rance, de la haine [&hellip;]<\/p>\n","protected":false},"author":1816,"featured_media":0,"comment_status":"closed","ping_status":"closed","sticky":false,"template":"","format":"standard","meta":{"fifu_image_url":"https:\/\/www.sidwaya.info\/wp-content\/uploads\/2021\/01\/p21.jpg","fifu_image_alt":"Promotion du vivre ensemble au Yatenga:  Communaut\u00e9s religieuses et coutumi\u00e8res en union de pri\u00e8res \u00e0 S\u00e9gu\u00e9n\u00e9ga","footnotes":""},"categories":[73,81],"tags":[],"class_list":["post-108947","post","type-post","status-publish","format-standard","hentry","category-actualite","category-burkina-faso"],"_links":{"self":[{"href":"https:\/\/linitiative.ca\/International\/wp-json\/wp\/v2\/posts\/108947","targetHints":{"allow":["GET"]}}],"collection":[{"href":"https:\/\/linitiative.ca\/International\/wp-json\/wp\/v2\/posts"}],"about":[{"href":"https:\/\/linitiative.ca\/International\/wp-json\/wp\/v2\/types\/post"}],"author":[{"embeddable":true,"href":"https:\/\/linitiative.ca\/International\/wp-json\/wp\/v2\/users\/1816"}],"replies":[{"embeddable":true,"href":"https:\/\/linitiative.ca\/International\/wp-json\/wp\/v2\/comments?post=108947"}],"version-history":[{"count":0,"href":"https:\/\/linitiative.ca\/International\/wp-json\/wp\/v2\/posts\/108947\/revisions"}],"wp:attachment":[{"href":"https:\/\/linitiative.ca\/International\/wp-json\/wp\/v2\/media?parent=108947"}],"wp:term":[{"taxonomy":"category","embeddable":true,"href":"https:\/\/linitiative.ca\/International\/wp-json\/wp\/v2\/categories?post=108947"},{"taxonomy":"post_tag","embeddable":true,"href":"https:\/\/linitiative.ca\/International\/wp-json\/wp\/v2\/tags?post=108947"}],"curies":[{"name":"wp","href":"https:\/\/api.w.org\/{rel}","templated":true}]}}