{"id":108948,"date":"2021-01-08T13:16:04","date_gmt":"2021-01-08T18:16:04","guid":{"rendered":"https:\/\/linitiative.ca\/International\/cameroun-les-anciens-lions-annoncent-louverture-dun-village-du-chan-a-yaounde\/"},"modified":"2021-01-08T13:16:04","modified_gmt":"2021-01-08T18:16:04","slug":"cameroun-les-anciens-lions-annoncent-louverture-dun-village-du-chan-a-yaounde","status":"publish","type":"post","link":"https:\/\/linitiative.ca\/International\/cameroun-les-anciens-lions-annoncent-louverture-dun-village-du-chan-a-yaounde\/","title":{"rendered":"Cameroun : les anciens Lions annoncent l\u2019ouverture d\u2019un village du Chan \u00e0 Yaound\u00e9"},"content":{"rendered":"<div readability=\"32\">\n<p>Publi\u00e9 le 08.01.2021 \u00e0 19h16 par Christian Djimadeu<\/p>\n<\/div>\n<div readability=\"50\">\n<h2 class=\"c6\">Ledit village sera ouvert le 15 janvier 2021 \u00e0 la veille du coup d\u2019envoi de la comp\u00e9tition, \u00e0 la place Charles Atangana. \u00a0De nombreuses activit\u00e9s ludiques et d\u2019animations vont se d\u00e9rouler autour des matchs du Chan.<\/h2>\n<p class=\"c7\">Ouverture d\u2019un village du Chan \u00e0 Yaound\u00e9 le 15 janvier. Une initiative du Collectif des anciens Lions indomptables du football (Calif). De nombreuses activit\u00e9s ludiques et d\u2019animations y seront men\u00e9es autour du football.<\/p>\n<p class=\"c7\">Notamment\u00a0 des retransmissions des matches du Chan Total, Cameroun 2020 sur \u00e9cran g\u00e9ant. (CRTV)\u00a0; commentaires et d\u00e9briefing en Live des matches par des anciens Lions; pr\u00e9sentation d\u2019\u00e9missions sp\u00e9cialis\u00e9es \u00e0 partir du studio CRTV implant\u00e9 sur le site. rencontres in\u00e9dites avec des ic\u00f4nes des ann\u00e9es 1960-2000\u00a0; rencontres r\u00e9guli\u00e8res avec les staffs des \u00e9quipes repr\u00e9sent\u00e9es\u00a0; exposition et pr\u00e9sentation de documents photos et vid\u00e9os et autres archives du football camerounais par les acteurs eux-m\u00eames\u00a0; attractions sportives pour les enfants\u00a0; vente de maillots et de gadgets estampill\u00e9s Calif, Lions Indomptables, d\u00e9dicac\u00e9s par les icones du football camerounais\u00a0; prestation d\u2019ic\u00f4nes de la musique camerounaise (concert, danses traditionnelles, danses modernes\u00a0; d\u00e9fil\u00e9 de mode, th\u00e9\u00e2tre), tourisme culinaire camerounais.<\/p>\n<p class=\"c7\">Le porte-parole du\u00a0\u00a0Calif\u00a0 Jules Denis Onana\u00a0 informe par ailleurs l\u2019opinion qu\u2019il est pr\u00e9vu la vente de boisson, une exposition d\u2019art camerounais et des activit\u00e9s de promotion.<\/p>\n<\/div>\n<p>Auteur: Christian DJIMADEU<br \/>\n<a href=\"https:\/\/www.journalducameroun.com\/cameroun-les-anciens-lions-annoncent-louverture-dun-village-du-chan-a-yaounde\/\">Cliquez ici pour lire l&rsquo;article depuis sa source.<\/a><\/p>\n","protected":false},"excerpt":{"rendered":"<p>Publi\u00e9 le 08.01.2021 \u00e0 19h16 par Christian Djimadeu Ledit village sera ouvert le 15 janvier 2021 \u00e0 la veille du coup d\u2019envoi de la comp\u00e9tition, \u00e0 la place Charles Atangana. \u00a0De nombreuses activit\u00e9s ludiques et d\u2019animations vont se d\u00e9rouler autour des matchs du Chan. Ouverture d\u2019un village du Chan \u00e0 Yaound\u00e9 le 15 janvier. Une [&hellip;]<\/p>\n","protected":false},"author":1965,"featured_media":0,"comment_status":"closed","ping_status":"closed","sticky":false,"template":"","format":"standard","meta":{"fifu_image_url":"","fifu_image_alt":"","footnotes":""},"categories":[73,82],"tags":[],"class_list":["post-108948","post","type-post","status-publish","format-standard","hentry","category-actualite","category-cameroun"],"_links":{"self":[{"href":"https:\/\/linitiative.ca\/International\/wp-json\/wp\/v2\/posts\/108948","targetHints":{"allow":["GET"]}}],"collection":[{"href":"https:\/\/linitiative.ca\/International\/wp-json\/wp\/v2\/posts"}],"about":[{"href":"https:\/\/linitiative.ca\/International\/wp-json\/wp\/v2\/types\/post"}],"author":[{"embeddable":true,"href":"https:\/\/linitiative.ca\/International\/wp-json\/wp\/v2\/users\/1965"}],"replies":[{"embeddable":true,"href":"https:\/\/linitiative.ca\/International\/wp-json\/wp\/v2\/comments?post=108948"}],"version-history":[{"count":0,"href":"https:\/\/linitiative.ca\/International\/wp-json\/wp\/v2\/posts\/108948\/revisions"}],"wp:attachment":[{"href":"https:\/\/linitiative.ca\/International\/wp-json\/wp\/v2\/media?parent=108948"}],"wp:term":[{"taxonomy":"category","embeddable":true,"href":"https:\/\/linitiative.ca\/International\/wp-json\/wp\/v2\/categories?post=108948"},{"taxonomy":"post_tag","embeddable":true,"href":"https:\/\/linitiative.ca\/International\/wp-json\/wp\/v2\/tags?post=108948"}],"curies":[{"name":"wp","href":"https:\/\/api.w.org\/{rel}","templated":true}]}}