{"id":108949,"date":"2021-01-08T14:18:02","date_gmt":"2021-01-08T19:18:02","guid":{"rendered":"https:\/\/linitiative.ca\/International\/lancement-a-abidjan-de-linstitut-de-formation-politique-amadou-gon-coulibaly\/"},"modified":"2021-01-08T14:18:02","modified_gmt":"2021-01-08T19:18:02","slug":"lancement-a-abidjan-de-linstitut-de-formation-politique-amadou-gon-coulibaly","status":"publish","type":"post","link":"https:\/\/linitiative.ca\/International\/lancement-a-abidjan-de-linstitut-de-formation-politique-amadou-gon-coulibaly\/","title":{"rendered":"Lancement \u00e0 Abidjan de l\u2019Institut de formation politique Amadou Gon Coulibaly"},"content":{"rendered":"<div readability=\"32\">\n<p>Publi\u00e9 le 08.01.2021 \u00e0 20h18 par APA News<\/p>\n<\/div>\n<div readability=\"107\">\n<p>L\u2019Institut de formation politique Amadou Gon Coulibaly d\u2019Abidjan (IFP- AGC), une \u00e9cole \u00e0 vocation sous-r\u00e9gionale destin\u00e9e<br \/>\u00e0 former les futures \u00e9lites politiques, a \u00e9t\u00e9 officiellement lanc\u00e9 vendredi \u00e0 Abidjan en pr\u00e9sence du pr\u00e9sident ivoirien Alassane Ouattara et de plusieurs personnalit\u00e9s, notamment les anciens premiers ministres Jean-Pierre Raffarin ( France), Boub\u00e8ye Ma\u00efga (Mali), Sidya Tour\u00e9<br \/>( Guin\u00e9e) et l\u2019ex-pr\u00e9sident malgache Hery Rajaonarimampianina.Cet Institut qui porte le nom de l\u2019ex-premier ministre ivoirien Amadou Gon Coulibaly a \u00e9t\u00e9 cr\u00e9\u00e9, selon ses promoteurs, pour perp\u00e9tuer les valeurs incarn\u00e9es par celui-ci et contribuer \u00e0 la formation des jeunes dans le domaine politique ou associatif. De l\u2019avis de Mamadou Tour\u00e9, le ministre ivoirien de la promotion de la jeunesse et de l\u2019emploi des jeunes, par ailleurs, pr\u00e9sident du Conseil d\u2019administration de cet institut, le d\u00e9ficit de connaissance ou d\u2019\u00e9ducation politique ou associative des jeunes les expose \u00e0 une instrumentalisation.\u00a0<\/p>\n<p>Poursuivant, il a expliqu\u00e9 que l\u2019IFP-AGC d\u00e9veloppera deux grands types de formation au profit de plusieurs centaines de jeunes par an. La premi\u00e8re sous la forme de s\u00e9minaires, de 192 heures sur six mois, qui s\u2019adressera \u00e0 de jeunes militants des partis politiques et de la soci\u00e9t\u00e9 civile de 16 \u00e0 35 ans. Le second type de formation, a expliqu\u00e9, M. Tour\u00e9, est destin\u00e9 au grand public avec des conf\u00e9rences, des colloques\u2026<\/p>\n<p>\u00a0 \u00ab L\u2019Institut de formation politique Amadou Gon Coulibaly sera, \u00e0 n\u2019en pas douter, un des acteurs majeurs du nouveau mod\u00e8le social dont notre pays est en train de se doter, fid\u00e8le \u00e0 sa tradition, d\u2019hospitalit\u00e9, de vivre ensemble et de paix \u00bb, a soutenu M. Tour\u00e9. \u00a0\u00a0<\/p>\n<p>\u00ab (\u2026) Nous voulons nous aussi relever le d\u00e9fi de la formation des meilleurs \u00e9lites politiques \u00a0pour poursuivre notre \u0153uvre de d\u00e9veloppement nationale \u00bb, a dit \u00e0 son tour, le ministre d\u2019Etat, secr\u00e9taire g\u00e9n\u00e9ral de la pr\u00e9sidence de la R\u00e9publique ivoirienne Patrick Achi qui s\u2019exprimait au nom du pr\u00e9sident ivoirien Alassane Ouattara.\u00a0<\/p>\n<p>Par ailleurs, il a rappel\u00e9 longuement les qualit\u00e9s professionnelles et morales de feu Amadou Gon Coulibaly. \u00a0\u00ab Amadou Gon se d\u00e9diait enti\u00e8rement \u00e0 la C\u00f4te d\u2019Ivoire. Il \u00e9tait un leader naturel et un combattant politique \u00bb, a indiqu\u00e9 M. Achi r\u00e9it\u00e9rant la gratitude de M. Ouattara aux partenaires internationaux de cet institut de formation politique.\u00a0<\/p>\n<p>Avant lui, Jean-Pierre Raffarin, l\u2019ancien premier ministre fran\u00e7ais a estim\u00e9 que \u00a0\u00ab que cr\u00e9er une \u00e9cole, c\u2019est semer de la libert\u00e9 \u00bb. \u00a0\u00abGon Coulibaly reste l\u2019exemple d\u2019un homme d\u2019Etat. Retenons ses directives. Je suis l\u00e0 pour m\u2019engager comme partenaire de cette initiative \u00bb, a fait savoir M. Raffarin appelant les jeunes \u00e0 s\u2019\u00e9loigner de la violence.\u00a0<\/p>\n<p>\u00a0\u00ab La violence est une impasse. La violence bloque le progr\u00e8s et cr\u00e9e la mis\u00e8re\u00bb, a-t-il d\u00e9plor\u00e9. \u00a0\u00ab A travers cet institut, nos jeunes doivent mieux appr\u00e9hender l\u2019avenir \u00bb, a ajout\u00e9 de son c\u00f4t\u00e9 Hery Rajaonarimampianina , l\u2019ex-pr\u00e9sident malgache.\u00a0<\/p>\n<p>L\u2019ex-premier ivoirien Amadou Gon Coulibaly est d\u00e9c\u00e9d\u00e9 le 08 juillet dernier \u00e0 Abidjan \u00e0 l\u2019\u00e2ge de 61 ans alors qu\u2019il \u00e9tait le candidat d\u00e9sign\u00e9 du Rassemblement des Houpho\u00fcetistes pour la d\u00e9mocratie et la paix ( RHDP), le parti d\u2019Alassane Ouattara, \u00e0 l\u2019\u00e9lection pr\u00e9sidentielle ivoirienne d\u2019octobre 2020.<\/p>\n<\/div>\n<p>Auteur: APA News<br \/>\n<a href=\"https:\/\/www.journalducameroun.com\/lancement-a-abidjan-de-linstitut-de-formation-politique-amadou-gon-coulibaly\/\">Cliquez ici pour lire l&rsquo;article depuis sa source.<\/a><\/p>\n","protected":false},"excerpt":{"rendered":"<p>Publi\u00e9 le 08.01.2021 \u00e0 20h18 par APA News L\u2019Institut de formation politique Amadou Gon Coulibaly d\u2019Abidjan (IFP- AGC), une \u00e9cole \u00e0 vocation sous-r\u00e9gionale destin\u00e9e\u00e0 former les futures \u00e9lites politiques, a \u00e9t\u00e9 officiellement lanc\u00e9 vendredi \u00e0 Abidjan en pr\u00e9sence du pr\u00e9sident ivoirien Alassane Ouattara et de plusieurs personnalit\u00e9s, notamment les anciens premiers ministres Jean-Pierre Raffarin ( [&hellip;]<\/p>\n","protected":false},"author":1965,"featured_media":0,"comment_status":"closed","ping_status":"closed","sticky":false,"template":"","format":"standard","meta":{"fifu_image_url":"","fifu_image_alt":"","footnotes":""},"categories":[73,82],"tags":[],"class_list":["post-108949","post","type-post","status-publish","format-standard","hentry","category-actualite","category-cameroun"],"_links":{"self":[{"href":"https:\/\/linitiative.ca\/International\/wp-json\/wp\/v2\/posts\/108949","targetHints":{"allow":["GET"]}}],"collection":[{"href":"https:\/\/linitiative.ca\/International\/wp-json\/wp\/v2\/posts"}],"about":[{"href":"https:\/\/linitiative.ca\/International\/wp-json\/wp\/v2\/types\/post"}],"author":[{"embeddable":true,"href":"https:\/\/linitiative.ca\/International\/wp-json\/wp\/v2\/users\/1965"}],"replies":[{"embeddable":true,"href":"https:\/\/linitiative.ca\/International\/wp-json\/wp\/v2\/comments?post=108949"}],"version-history":[{"count":0,"href":"https:\/\/linitiative.ca\/International\/wp-json\/wp\/v2\/posts\/108949\/revisions"}],"wp:attachment":[{"href":"https:\/\/linitiative.ca\/International\/wp-json\/wp\/v2\/media?parent=108949"}],"wp:term":[{"taxonomy":"category","embeddable":true,"href":"https:\/\/linitiative.ca\/International\/wp-json\/wp\/v2\/categories?post=108949"},{"taxonomy":"post_tag","embeddable":true,"href":"https:\/\/linitiative.ca\/International\/wp-json\/wp\/v2\/tags?post=108949"}],"curies":[{"name":"wp","href":"https:\/\/api.w.org\/{rel}","templated":true}]}}