{"id":108950,"date":"2021-01-08T15:18:02","date_gmt":"2021-01-08T20:18:02","guid":{"rendered":"https:\/\/linitiative.ca\/International\/leconomie-beninoise-resiliente-face-a-la-covid-19-grace-a-une-gouvernance-forte\/"},"modified":"2021-01-08T15:18:02","modified_gmt":"2021-01-08T20:18:02","slug":"leconomie-beninoise-resiliente-face-a-la-covid-19-grace-a-une-gouvernance-forte","status":"publish","type":"post","link":"https:\/\/linitiative.ca\/International\/leconomie-beninoise-resiliente-face-a-la-covid-19-grace-a-une-gouvernance-forte\/","title":{"rendered":"L\u2019\u00e9conomie b\u00e9ninoise r\u00e9siliente face \u00e0 la Covid-19 gr\u00e2ce \u00e0 une gouvernance forte"},"content":{"rendered":"<p>Avec une gestion rationnelle des d\u00e9penses publiques et un potentiel \u00e9conomique croissant, le B\u00e9nin surmonte la crise li\u00e9e \u00e0 la pand\u00e9mie de Covid-19, ce qui offre au pays une perspective stable.<\/p>\n<p>Le B\u00e9nin jouit d\u2019une stabilit\u00e9 politique. Ce climat a permis \u00e0 l\u2019Etat de d\u00e9ployer au fil des ans son Plan d\u2019action gouvernemental (PAG), regroupant des programmes de d\u00e9veloppement d\u2019envergure, en r\u00e9ponse aux d\u00e9fis de la croissance \u00e9conomique. \u00a0\u00a0<\/p>\n<p>Gr\u00e2ce \u00e0 des investissements massifs, le B\u00e9nin se positionne dans la cat\u00e9gorie des pays \u00e0 revenus interm\u00e9diaires avec un Produit int\u00e9rieur brut (PIB) de 6,4%. Mais, cette croissance devrait, \u00e0 cause de la Covid-19, s\u2019\u00e9tablir \u00e0 3,2% en 2020 l\u00e0 o\u00f9 plusieurs pays dans le monde sont en r\u00e9cession, selon une note d\u2019information re\u00e7ue \u00e0 APA.<\/p>\n<p>Et ce, malgr\u00e9 le fait que le pays d\u00e9pend fortement du commerce informel de r\u00e9exportation et de transit avec le Nig\u00e9ria (estim\u00e9 \u00e0 environ 20 % du PIB) ainsi que de l\u2019agriculture (70% du PIB), notamment le coton, premier produit d\u2019exportation.<\/p>\n<p>Le pays affiche une croissance stable et robuste depuis deux d\u00e9cennies. Toutefois, la pauvret\u00e9 reste r\u00e9pandue avec un faible niveau du taux de croissance par habitant estim\u00e9 selon la Banque mondiale \u00a0\u00e0 une moyenne de 1,5 % sur la p\u00e9riode 2008-2018. \u00a0<\/p>\n<p>\u00ab\u00a0Le taux de pauvret\u00e9 \u00e0 l\u2019\u00e9chelle nationale ressortait \u00e0 38,2 % en 2020 contre 40,1 en 2015\u00a0\u00bb. R\u00e9silient, avec un PIB moins impact\u00e9 (+3,2%), le B\u00e9nin occupe la premi\u00e8re place dans l\u2019espace de l\u2019Union \u00e9conomique et mon\u00e9taire ouest-africaine (Uemoa). \u00a0 \u00a0<\/p>\n<p>R\u00e9forme de l\u2019appareil de l\u2019Etat \u00a0<\/p>\n<p>Le Plan d\u2019action gouvernemental (PAG) a permis de r\u00e9former la gouvernance de l\u2019Etat. La vision, impuls\u00e9e par Patrice Talon, a conduit le Fonds mon\u00e9taire international (FMI) \u00e0 d\u00e9cerner une notation avec la mention \u00ab\u00a0tr\u00e8s bien\u00a0\u00bb au B\u00e9nin pour sa gestion des finances publiques.<\/p>\n<p>L\u2019environnement des affaires, lui, a connu un bond qualitatif, donnant au pays de se situer au 76e rang de l\u2019Indice de performance logistique et au 149e rang sur 190 pays dans le classement Doing Business de la Banque mondiale sur la r\u00e9glementation des Affaires.<\/p>\n<p>Le chef de l\u2019Etat Patrice Talon envisage, dans le contexte \u00e9conomique actuel, de financer les actions du gouvernement sur fonds propres du pays afin de ne pas exploser la dette ext\u00e9rieure, face au ralentissement \u00e9conomique mondial li\u00e9 \u00e0 la pand\u00e9mie de Covid-19.<\/p>\n<p>Dans cette optique, le gouvernement a engag\u00e9 pr\u00e8s d\u2019une cinquantaine de r\u00e9formes, dont l\u2019ordonnancement sera suivi par le ministre b\u00e9ninois de l\u2019Economie et des finances, Romuald Wadagni, distingu\u00e9 \u00ab\u00a0meilleur ministre d\u2019Afrique\u00a0\u00bb par les Financial Afrik awards.<\/p>\n<p>Ces r\u00e9formes devraient permettre de cr\u00e9er des p\u00f4les r\u00e9gionaux de croissance, de d\u00e9centraliser les investissements, favoriser l\u2019acc\u00e8s \u00e0 l\u2019eau potable et \u00e0 l\u2019\u00e9lectricit\u00e9, de rationaliser la politique fiscale ainsi que\u00a0l\u2019acc\u00e8s au cr\u00e9dit et aux march\u00e9s publics.<\/p>\n<p>Elles visent \u00e9galement \u00e0 am\u00e9liorer la bancarisation, les proc\u00e9dures d\u2019obtention des titres fonciers et du permis de construire, rationaliser les recettes de l\u2019Etat, lutter contre la corruption, et \u00e0 cr\u00e9er un guichet unique pour les proc\u00e9dures du commerce transfrontalier.<\/p>\n<p>Un potentiel croissant<\/p>\n<p>Le B\u00e9nin a progress\u00e9 en mati\u00e8re de cr\u00e9ation d\u2019entreprises et de raccordement \u00e0 l\u2019\u00e9lectricit\u00e9, un indicateur salu\u00e9 par la Banque mondiale. L\u2019Etat a accru les investissements dans le secteur primaire, mais veut r\u00e9aliser le d\u00e9fis de la modernisation des fili\u00e8res agricoles.\u00a0<\/p>\n<p>L\u2019industrialisation des secteurs \u00e0 fort potentiel de croissance est inscrit \u00e0 l\u2019agenda de Patrice Talon, qui veut apporter de la valeur ajout\u00e9e aux diff\u00e9rentes fili\u00e8res, tant dans le secteur primaire, secondaire que tertiaire en vue d\u2019un d\u00e9veloppement \u00e9quilibr\u00e9 et durable.\u00a0<\/p>\n<p>Les infrastructures socio-\u00e9conomiques, l\u2019innovation technologique et la digitalisation des process constituent un maillon essentiel dans le Plan d\u2019action gouvernemental. Et ce, en vue d\u2019une transformation structurelle de l\u2019\u00e9conomie. \u00a0<\/p>\n<p>La valorisation du mix \u00e9nerg\u00e9tique est une priorit\u00e9 pour l\u2019Etat. Le raccordement au r\u00e9seau \u00e9lectrique d\u2019une nouvelle centrale a fait passer le taux d\u2019\u00e9lectrification de 46,6% \u00e0 55,1% entre 2015 et 2020, un taux que le gouvernement compte relever dans les ann\u00e9es \u00e0 venir. \u00a0<\/p>\n<p>Le B\u00e9nin a connu de solides performances \u00e9conomiques entre 2016 et 2019 avec un PIB r\u00e9el moyen de 5,5 %. Mais, depuis ao\u00fbt 2019, la d\u00e9cision du Nig\u00e9ria, son principal partenaire \u00e9conomique, de fermer ses fronti\u00e8res terrestres avec ses voisins a port\u00e9 un coup dur \u00e0 l\u2019\u00e9conomie du pays.<\/p>\n<p>En d\u00e9pit d\u2019une relative r\u00e9silience, l\u2019activit\u00e9 \u00e9conomique b\u00e9ninoise s\u2019est d\u00e9c\u00e9l\u00e9r\u00e9e \u00e0 6,4 % en 2019 contre 6,7 % en 2018 (soit un taux de croissance du PIB par habitant de 3,5 %). Les op\u00e9rations de r\u00e9exportation de produits nig\u00e9rians contribuent pour pr\u00e8s de 20% au PIB.<\/p>\n<p>Une plus forte diversification \u00e9conomique, une gestion plus smart des d\u00e9penses publiques ainsi qu\u2019une r\u00e9partition g\u00e9ographique plus \u00e9quitable des ressources permettraient, selon la Banque mondiale, de baisser le taux de pauvret\u00e9 et de rendre la croissance plus inclusive. \u00a0<\/p>\n<p>Auteur: APA News<br \/>\n<a href=\"https:\/\/www.journalducameroun.com\/leconomie-beninoise-resiliente-face-a-la-covid-19-grace-a-une-gouvernance-forte\/\">Cliquez ici pour lire l&rsquo;article depuis sa source.<\/a><\/p>\n","protected":false},"excerpt":{"rendered":"<p>Avec une gestion rationnelle des d\u00e9penses publiques et un potentiel \u00e9conomique croissant, le B\u00e9nin surmonte la crise li\u00e9e \u00e0 la pand\u00e9mie de Covid-19, ce qui offre au pays une perspective stable. Le B\u00e9nin jouit d\u2019une stabilit\u00e9 politique. Ce climat a permis \u00e0 l\u2019Etat de d\u00e9ployer au fil des ans son Plan d\u2019action gouvernemental (PAG), regroupant [&hellip;]<\/p>\n","protected":false},"author":1965,"featured_media":0,"comment_status":"closed","ping_status":"closed","sticky":false,"template":"","format":"standard","meta":{"fifu_image_url":"","fifu_image_alt":"","footnotes":""},"categories":[73,82],"tags":[],"class_list":["post-108950","post","type-post","status-publish","format-standard","hentry","category-actualite","category-cameroun"],"_links":{"self":[{"href":"https:\/\/linitiative.ca\/International\/wp-json\/wp\/v2\/posts\/108950","targetHints":{"allow":["GET"]}}],"collection":[{"href":"https:\/\/linitiative.ca\/International\/wp-json\/wp\/v2\/posts"}],"about":[{"href":"https:\/\/linitiative.ca\/International\/wp-json\/wp\/v2\/types\/post"}],"author":[{"embeddable":true,"href":"https:\/\/linitiative.ca\/International\/wp-json\/wp\/v2\/users\/1965"}],"replies":[{"embeddable":true,"href":"https:\/\/linitiative.ca\/International\/wp-json\/wp\/v2\/comments?post=108950"}],"version-history":[{"count":0,"href":"https:\/\/linitiative.ca\/International\/wp-json\/wp\/v2\/posts\/108950\/revisions"}],"wp:attachment":[{"href":"https:\/\/linitiative.ca\/International\/wp-json\/wp\/v2\/media?parent=108950"}],"wp:term":[{"taxonomy":"category","embeddable":true,"href":"https:\/\/linitiative.ca\/International\/wp-json\/wp\/v2\/categories?post=108950"},{"taxonomy":"post_tag","embeddable":true,"href":"https:\/\/linitiative.ca\/International\/wp-json\/wp\/v2\/tags?post=108950"}],"curies":[{"name":"wp","href":"https:\/\/api.w.org\/{rel}","templated":true}]}}