{"id":108951,"date":"2021-01-08T16:49:14","date_gmt":"2021-01-08T21:49:14","guid":{"rendered":"https:\/\/linitiative.ca\/International\/cameroun-selon-le-patron-de-la-police-3-millions-de-citoyens-ont-une-fausse-identite\/"},"modified":"2021-01-08T16:49:14","modified_gmt":"2021-01-08T21:49:14","slug":"cameroun-selon-le-patron-de-la-police-3-millions-de-citoyens-ont-une-fausse-identite","status":"publish","type":"post","link":"https:\/\/linitiative.ca\/International\/cameroun-selon-le-patron-de-la-police-3-millions-de-citoyens-ont-une-fausse-identite\/","title":{"rendered":"Cameroun : selon le patron de la police 3 millions de citoyens ont une fausse identit\u00e9"},"content":{"rendered":"<p class=\"c7\"><strong>COMMUNIQUE RADIO-PRESSE<\/strong><\/p>\n<p class=\"c7\"><span class=\"c8\">Suite \u00e0 la diffusion de certaines informations concernant les titres identitaires, notamment les Cartes Nationales d\u2019Identit\u00e9 et les passeports, dans les r\u00e9seaux sociaux, le D\u00e9l\u00e9gu\u00e9 G\u00e9n\u00e9ral \u00e0 la S\u00fbret\u00e9 Nationale porte \u00e0 la connaissance de l\u2019opinion publique nationale et internationale ce qui suit:<\/span><\/p>\n<p class=\"c7\"><span class=\"c8\">\u00a0\u00a0\u00a0<\/span> <span class=\"c8\">Depuis le 09 ao\u00fbt 2016, sur autorisation du<\/span> <strong>PRESIDENT DE LA REPUBLIQUE<\/strong><span class=\"c8\">, un nouveau syst\u00e8me de s\u00e9curisation de la Nationalit\u00e9 Camerounaise a \u00e9t\u00e9 mis en place \u00e0 la D\u00e9l\u00e9gation G\u00e9n\u00e9rale \u00e0 la S\u00fbret\u00e9 Nationale. Cela faisait suite aux graves d\u00e9faillances et aux nombreux dysfonctionnements observ\u00e9s dans l\u2019ancien syst\u00e8me mis en place en 1994, et qui a montr\u00e9 toutes ses limites. Avec cet ancien syst\u00e8me, des individus pouvaient se faire \u00e9tablir une Carte Nationale d\u2019Identit\u00e9 pour aller commettre un crime, toucher un bon de caisse vol\u00e9, percevoir ind\u00fbment le salaire d\u2019un tiers ou pour \u2018\u2018<\/span><strong>naitre de nouveau\u2019\u2019.<\/strong><\/p>\n<p class=\"c7\"><strong>\u00a0\u00a0\u00a0<\/strong> <span class=\"c8\">Aujourd\u2019hui, la Nationalit\u00e9 Camerounaise est bien s\u00e9curis\u00e9e et il a \u00e9t\u00e9 mis fin aux diff\u00e9rents d\u00e9sagr\u00e9ments qui impactaient n\u00e9gativement l\u2019\u00e9conomie camerounaise, le syst\u00e8me de s\u00e9curit\u00e9 et l\u2019environnement social. Les d\u00e9tenteurs de multiples identit\u00e9s n\u2019ayant plus la possibilit\u00e9 de se faire \u00e9tablir plusieurs titres identitaires. Selon les derni\u00e8res statistiques, plus de trois millions de Camerounais ayant personnellement chang\u00e9 des \u00e9l\u00e9ments de leur filiation, se retrouvent en situation de double, triple, quadruple identit\u00e9 et autres usurpations.<\/span><\/p>\n<p class=\"c7\"><span class=\"c8\">\u00a0\u00a0\u00a0<\/span> <span class=\"c8\">En l\u2019\u00e9tat actuel de la l\u00e9gislation, seule la premi\u00e8re identification contenue dans la base des donn\u00e9es est consid\u00e9r\u00e9e comme \u00e9tant l\u2019identit\u00e9 authentique d\u2019un citoyen. Malheureusement, les d\u00e9tenteurs de ces multiples identit\u00e9s refusent de faire valider leur identit\u00e9 authentique, car ayant d\u00e9velopp\u00e9 d\u2019autres avantages avec leurs multiples identit\u00e9s.<\/span><\/p>\n<p class=\"c7\"><span class=\"c8\">\u00a0\u00a0\u00a0<\/span> <span class=\"c8\">Cette situation pr\u00e9occupante est en cours d\u2019examen par les diff\u00e9rentes Administrations impliqu\u00e9es dans le processus de s\u00e9curisation de la Nationalit\u00e9 Camerounaise.<\/span><\/p>\n<p class=\"c7\"><span class=\"c8\">\u00a0\u00a0\u00a0<\/span> <span class=\"c8\">En attendant l\u2019aboutissement des travaux de ce Comit\u00e9, il parait opportun de pr\u00e9ciser que les anciennes Cartes Nationales d\u2019Identit\u00e9 restent valables jusqu\u2019 a leur date de p\u00e9remption qui est de dix ans.<\/span><\/p>\n<p class=\"c7\"><span class=\"c8\">\u00a0\u00a0\u00a0<\/span> <span class=\"c8\">La D\u00e9l\u00e9gation G\u00e9n\u00e9rale \u00e0 la S\u00fbret\u00e9 Nationale compte \u00e0 ce jour deux cent quatre-vingt Postes d\u2019Identification \u00e0 travers le territoire national, dont cinquante Postes d\u2019Identification Mobiles. Sa capacit\u00e9 de production actuelle est de dix mille Cartes Nationales d\u2019Identit\u00e9 par jour. Cette capacit\u00e9 journali\u00e8re passera \u00e0 quinze mille, \u00e0 la faveur de la mise en service du Centre de Production Secondaire de Garoua. Plus de deux cent quarante-cinq mille Carte Nationales d\u2019Identit\u00e9 d\u00e9j\u00e0 produites y sont en souffrance et en attente de retrait par leurs demandeurs.<\/span><\/p>\n<p class=\"c7\"><span class=\"c8\">\u00a0\u00a0\u00a0<\/span> <span class=\"c8\">C\u2019est dire que malgr\u00e9 le ralentissement dans la production li\u00e9s aux difficult\u00e9s techniques, aux proc\u00e9dures et \u00e0 la livraison du mat\u00e9riel, le service public de production des Cartes Nationales d\u2019Identit\u00e9 reste tr\u00e8s actif. Il n\u2019y a donc pas lieu d\u2019occulter les faits et de tenter quelques man\u0153uvres de r\u00e9cup\u00e9ration, de manipulation politiques ou de vouloir susciter des comportements antipatriotiques au sein de la soci\u00e9t\u00e9.<\/span><\/p>\n<p class=\"c7\"><span class=\"c8\">\u00a0\u00a0\u00a0<\/span> <span class=\"c8\">En ce qui concerne la d\u00e9livrance des passeports, la D\u00e9l\u00e9gation G\u00e9n\u00e9rale \u00e0 la S\u00fbret\u00e9 Nationale a sollicit\u00e9 et obtenu le Tr\u00e8s Haut Accord du<\/span> <strong>CHEF DE L\u2019ETAT<\/strong> <span class=\"c8\">pour la signature d\u2019un contrat de partenariat avec un nouvel op\u00e9rateur ; l\u2019ancien prestataire ayant supprim\u00e9 cette activit\u00e9 de son portefeuille.<\/span><\/p>\n<p class=\"c7\"><span class=\"c8\">\u00a0\u00a0\u00a0<\/span> <span class=\"c8\">Le nouveau passeport, qui sera d\u00e9sormais disponible en 48 heures, comptera parmi les plus s\u00e9curis\u00e9s et les plus modernes au monde.<\/span><\/p>\n<p class=\"c7\"><span class=\"c8\">\u00a0\u00a0\u00a0<\/span> <span class=\"c8\">Le D\u00e9l\u00e9gu\u00e9 General a la S\u00fbret\u00e9 Nationale appelle toutefois le public au bon sens, \u00e0 l\u2019esprit de discernement et \u00e0 davantage de prudence et de vigilance face aux tentatives d\u2019arnaque et de manipulation ourdies par des individus sans scrupules. Il invite par ailleurs, les citoyens de bonne foi, \u00e0 d\u00e9noncer des actes de cette nature afin que ces individus soient d\u00e9masqu\u00e9s et traduits devant les instances judiciaires comp\u00e9tentes.<\/span><\/p>\n<p class=\"c7\"><span class=\"c8\">\u00a0\u00a0\u00a0<\/span> <span class=\"c8\">Enfin, il rassure la population que la Police Camerounaise est r\u00e9solument engag\u00e9e au service de tous et de chacun, en ex\u00e9cution des Tr\u00e8s Haute Instructions du<\/span> <strong>CHEF DE L\u2019ETAT, S.E PAUL BIYA<\/strong><span class=\"c8\">, relatives \u00e0 la s\u00e9curisation de la Nationalit\u00e9 Camerounaise et aux exigences du Service Public. \/-<\/span><\/p>\n<p class=\"c7\"><strong>\u00a0\u00a0\u00a0LE DELEGUE GENERAL\u00a0\u00a0<\/strong><strong>A LA SURETE NATIONALE<\/strong><\/p>\n<p class=\"c7\"><strong>Martin MBARGA NGUELE\u00a0<\/strong><\/p>\n<p>Auteur: Christian DJIMADEU<br \/>\n<a href=\"https:\/\/www.journalducameroun.com\/382072-2-cameroun\/\">Cliquez ici pour lire l&rsquo;article depuis sa source.<\/a><\/p>\n","protected":false},"excerpt":{"rendered":"<p>COMMUNIQUE RADIO-PRESSE Suite \u00e0 la diffusion de certaines informations concernant les titres identitaires, notamment les Cartes Nationales d\u2019Identit\u00e9 et les passeports, dans les r\u00e9seaux sociaux, le D\u00e9l\u00e9gu\u00e9 G\u00e9n\u00e9ral \u00e0 la S\u00fbret\u00e9 Nationale porte \u00e0 la connaissance de l\u2019opinion publique nationale et internationale ce qui suit: \u00a0\u00a0\u00a0 Depuis le 09 ao\u00fbt 2016, sur autorisation du PRESIDENT [&hellip;]<\/p>\n","protected":false},"author":1965,"featured_media":0,"comment_status":"closed","ping_status":"closed","sticky":false,"template":"","format":"standard","meta":{"fifu_image_url":"","fifu_image_alt":"","footnotes":""},"categories":[73,82],"tags":[],"class_list":["post-108951","post","type-post","status-publish","format-standard","hentry","category-actualite","category-cameroun"],"_links":{"self":[{"href":"https:\/\/linitiative.ca\/International\/wp-json\/wp\/v2\/posts\/108951","targetHints":{"allow":["GET"]}}],"collection":[{"href":"https:\/\/linitiative.ca\/International\/wp-json\/wp\/v2\/posts"}],"about":[{"href":"https:\/\/linitiative.ca\/International\/wp-json\/wp\/v2\/types\/post"}],"author":[{"embeddable":true,"href":"https:\/\/linitiative.ca\/International\/wp-json\/wp\/v2\/users\/1965"}],"replies":[{"embeddable":true,"href":"https:\/\/linitiative.ca\/International\/wp-json\/wp\/v2\/comments?post=108951"}],"version-history":[{"count":0,"href":"https:\/\/linitiative.ca\/International\/wp-json\/wp\/v2\/posts\/108951\/revisions"}],"wp:attachment":[{"href":"https:\/\/linitiative.ca\/International\/wp-json\/wp\/v2\/media?parent=108951"}],"wp:term":[{"taxonomy":"category","embeddable":true,"href":"https:\/\/linitiative.ca\/International\/wp-json\/wp\/v2\/categories?post=108951"},{"taxonomy":"post_tag","embeddable":true,"href":"https:\/\/linitiative.ca\/International\/wp-json\/wp\/v2\/tags?post=108951"}],"curies":[{"name":"wp","href":"https:\/\/api.w.org\/{rel}","templated":true}]}}