{"id":108958,"date":"2021-01-09T03:45:03","date_gmt":"2021-01-09T08:45:03","guid":{"rendered":"https:\/\/linitiative.ca\/International\/4eme-du-genre-au-niveau-national-le-technopark-dagadir-realise-a-70\/"},"modified":"2021-01-09T03:45:03","modified_gmt":"2021-01-09T08:45:03","slug":"4eme-du-genre-au-niveau-national-le-technopark-dagadir-realise-a-70","status":"publish","type":"post","link":"https:\/\/linitiative.ca\/International\/4eme-du-genre-au-niveau-national-le-technopark-dagadir-realise-a-70\/","title":{"rendered":"4\u00e8me du genre au niveau national : Le Technopark d\u2019Agadir r\u00e9alis\u00e9 \u00e0 70%"},"content":{"rendered":"<p><img decoding=\"async\" class=\"post_layout_5_img\" src=\"http:\/\/aujourdhui.ma\/wp-content\/uploads\/2021\/01\/Agadir.jpg\" alt=\"4&#xE8;me du genre au niveau national : Le Technopark d&#x2019;Agadir r&#xE9;alis&#xE9; &#xE0; 70%\"\/><\/p>\n<p><span class=\"c6\"><span class=\"c5\"><strong>Le projet du Technopark d\u2019Agadir fait son chemin pour \u00eatre livr\u00e9 dans les d\u00e9lais et atteint aujourd\u2019hui un taux d\u2019avancement de 70%.<\/strong><\/span><span id=\"more-365067\"\/><\/span><\/p>\n<p>Il est destin\u00e9 aux PME et start-up du secteur des TIC en mettant \u00e0 leur disposition des locaux pr\u00eats \u00e0 l\u2019emploi avec des services d\u2019accompagnement. Ce projet tr\u00e8s attendu par les professionnels des nouvelles technologies au niveau de la ville d\u2019Agadir et la r\u00e9gion Souss-Massa a fait l\u2019objet d\u2019une r\u00e9union tenue r\u00e9cemment sous la pr\u00e9sidence de Brahim Hafidi, pr\u00e9sident du Conseil r\u00e9gional, pour faire le bilan sur l\u2019\u00e9tat d\u2019avancement de cette nouvelle structure dont les travaux ont atteint 70%.<\/p>\n<p>Celui-ci est le r\u00e9sultat d\u2019un partenariat avec le minist\u00e8re de l\u2019industrie, de l\u2019investissement, du commerce et de l\u2019\u00e9conomie num\u00e9rique, le Conseil r\u00e9gional de Souss-Massa, la Chambre de commerce, d\u2019industrie et de services et Moroccan Information Technopark Company (MITC) et sera le quatri\u00e8me du genre au niveau national apr\u00e8s ceux de Casablanca, Rabat, et Tanger.<\/p>\n<p>Dot\u00e9 d\u2019une superficie de 10.000 m\u00b2 et situ\u00e9 au quartier Tilila, Bab El Madina, le futur Technopark d\u2019Agadir disposera d\u2019une capacit\u00e9 d\u2019accueil de 80 entreprises et comprend un espace d\u00e9di\u00e9 aux conf\u00e9rences, d\u2019une capacit\u00e9 totale de 800 personnes, le Technopark d\u2019Agadir proposera, comme ses pr\u00e9d\u00e9cesseurs, des bureaux \u00e0 des prix accessibles aux jeunes chefs d\u2019entreprises. Appui, formation et accompagnement sont les principales missions de cette structure d\u2019accueil.<\/p>\n<p>La construction de ce projet de d\u00e9veloppement intervient apr\u00e8s la r\u00e9ussite de l\u2019exp\u00e9rience du Technopark de Tanger qui profite de la dynamique r\u00e9gionale du Nord gr\u00e2ce \u00e0 son attractivit\u00e9 pour l\u2019industrie automobile et la logistique. 24 mois apr\u00e8s son ouverture, ce troisi\u00e8me hub technologique dispose d\u2019une capacit\u00e9 d\u2019accueil de plus de 100 entreprises avec un loyer attractif pour les start-up \u00e0 seulement 50 DH\/m2.<\/p>\n<p>Le Technopark d\u2019Agadir est destin\u00e9 \u00e0 soutenir la dynamique d\u2019entrepreneuriat et de l\u2019innovation dans la r\u00e9gion du Sud conform\u00e9ment au Plan d\u2019acc\u00e9l\u00e9ration industrielle 2014-2020 dans la r\u00e9gion Souss-Massa lanc\u00e9 par SM le Roi Mohammed VI \u00e0 Agadir, et qui porte sur la cr\u00e9ation de 24.000 emplois dans ladite r\u00e9gion qui deviendra une plateforme de transformation de produits agricoles pour le Maroc et l\u2019Afrique.<br \/>Riche de par son capital humain, son patrimoine culturel et son attractivit\u00e9 \u00e9conomique, ce nouveau Technopark vient solidifier la position de la r\u00e9gion Agadir Souss-Massa comme un p\u00f4le \u00e9conomique comp\u00e9titif et vise \u00e0 concurrencer les plus grandes puissances au niveau national et africain en mati\u00e8re d\u2019entrepreneuriat et d\u2019innovation. Ainsi le Technopark d\u2019Agadir proposera diff\u00e9rents services aux porteurs de projets, comme une agence bancaire, et une cr\u00e8che.<br \/>Notons que le lancement du nouveau Technopark \u00e0 Agadir est une occasion et une solution tr\u00e8s adapt\u00e9e aux petites startups avec des facilit\u00e9s, des tarifs attractifs et un \u00e9cosyst\u00e8me compl\u00e9mentaire et interactif tr\u00e8s favorable \u00e0 l\u2019entrepreneuriat et \u00e0 l\u2019innovation.<\/p>\n<p>Auteur: Mohamed Laabid<br \/>\n<a href=\"https:\/\/aujourdhui.ma\/economie\/4eme-du-genre-au-niveau-national-le-technopark-dagadir-realise-a-70\">Cliquez ici pour lire l&rsquo;article depuis sa source.<\/a><\/p>\n","protected":false},"excerpt":{"rendered":"<p>Le projet du Technopark d\u2019Agadir fait son chemin pour \u00eatre livr\u00e9 dans les d\u00e9lais et atteint aujourd\u2019hui un taux d\u2019avancement de 70%. Il est destin\u00e9 aux PME et start-up du secteur des TIC en mettant \u00e0 leur disposition des locaux pr\u00eats \u00e0 l\u2019emploi avec des services d\u2019accompagnement. Ce projet tr\u00e8s attendu par les professionnels des [&hellip;]<\/p>\n","protected":false},"author":1759,"featured_media":0,"comment_status":"closed","ping_status":"closed","sticky":false,"template":"","format":"standard","meta":{"fifu_image_url":"http:\/\/aujourdhui.ma\/wp-content\/uploads\/2021\/01\/Agadir.jpg","fifu_image_alt":"4\u00e8me du genre au niveau national : Le Technopark d\u2019Agadir r\u00e9alis\u00e9 \u00e0 70%","footnotes":""},"categories":[73,54],"tags":[],"class_list":["post-108958","post","type-post","status-publish","format-standard","hentry","category-actualite","category-maroc"],"_links":{"self":[{"href":"https:\/\/linitiative.ca\/International\/wp-json\/wp\/v2\/posts\/108958","targetHints":{"allow":["GET"]}}],"collection":[{"href":"https:\/\/linitiative.ca\/International\/wp-json\/wp\/v2\/posts"}],"about":[{"href":"https:\/\/linitiative.ca\/International\/wp-json\/wp\/v2\/types\/post"}],"author":[{"embeddable":true,"href":"https:\/\/linitiative.ca\/International\/wp-json\/wp\/v2\/users\/1759"}],"replies":[{"embeddable":true,"href":"https:\/\/linitiative.ca\/International\/wp-json\/wp\/v2\/comments?post=108958"}],"version-history":[{"count":0,"href":"https:\/\/linitiative.ca\/International\/wp-json\/wp\/v2\/posts\/108958\/revisions"}],"wp:attachment":[{"href":"https:\/\/linitiative.ca\/International\/wp-json\/wp\/v2\/media?parent=108958"}],"wp:term":[{"taxonomy":"category","embeddable":true,"href":"https:\/\/linitiative.ca\/International\/wp-json\/wp\/v2\/categories?post=108958"},{"taxonomy":"post_tag","embeddable":true,"href":"https:\/\/linitiative.ca\/International\/wp-json\/wp\/v2\/tags?post=108958"}],"curies":[{"name":"wp","href":"https:\/\/api.w.org\/{rel}","templated":true}]}}