{"id":108960,"date":"2021-01-09T06:00:06","date_gmt":"2021-01-09T11:00:06","guid":{"rendered":"https:\/\/linitiative.ca\/International\/culture-et-sport-le-plan-daction-2021-del-ferdaous\/"},"modified":"2021-01-09T06:00:06","modified_gmt":"2021-01-09T11:00:06","slug":"culture-et-sport-le-plan-daction-2021-del-ferdaous","status":"publish","type":"post","link":"https:\/\/linitiative.ca\/International\/culture-et-sport-le-plan-daction-2021-del-ferdaous\/","title":{"rendered":"Culture et sport : Le plan d\u2019action 2021  d\u2019El Ferdaous"},"content":{"rendered":"<p><img decoding=\"async\" class=\"post_layout_5_img\" src=\"http:\/\/aujourdhui.ma\/wp-content\/uploads\/2020\/10\/Othman-El-Ferdaous-Parlement.jpg\" alt=\"Culture et sport : Le plan d&#x2019;action 2021 d&#x2019;El Ferdaous\"\/><\/p>\n<p><span class=\"c5\"><strong>Plac\u00e9 sous le signe de la r\u00e9silience et de la digitalisation<\/strong><\/span><span id=\"more-365047\"\/><\/p>\n<p>En d\u00e9but de cette ann\u00e9e, Othmane El Ferdaous, ministre de la culture de la jeunesse et du sport, a pr\u00e9sent\u00e9 un aper\u00e7u plus d\u00e9taill\u00e9 des perspectives 2021. Dans une vid\u00e9o post\u00e9e sur sa page officielle, le ministre place son plan d\u2019action sous le signe de la r\u00e9silience et de la digitalisation. \u00abAu-del\u00e0 des mesures de soutien et de r\u00e9silience institu\u00e9es par les quatre contrats programmes, la transformation digitale constitue le fil rouge des projets de relance que le minist\u00e8re a inscrits dans son plan d\u2019action annuel\u00bb, indique le ministre.<\/p>\n<p><span class=\"c6\"><strong>Cr\u00e9ation d\u2019une plate-forme digitale pour le patrimoine immat\u00e9riel<\/strong><\/span><\/p>\n<p>En gros, les projets du minist\u00e8re de la culture de la jeunesse et du sport pour l\u2019ann\u00e9e 2021 sont nombreux. Parmi lesquels, la cr\u00e9ation d\u2019une plate-forme digitale pour le patrimoine immat\u00e9riel, les spectacles vivants et les festivals. Cette plate-forme inscrite dans le cadre du contrat programme de la F\u00e9d\u00e9ration des industries culturelles (FICC) vise, selon le ministre, l\u2019inclusion des jeunes aux moyens digitaux. Pour initier la lecture aupr\u00e8s des jeunes, le ministre annonce \u00e9galement l\u2019organisation d\u2019un concours de lecture pour les moins de 18 ans, avec un passeport de lecture. Toujours dans le cadre de la promotion de la culture, M. Ferdaous a fait savoir qu\u2019il a \u00e9t\u00e9 mis en place une cellule d\u2019assistance au montage de dossiers en faveur les entreprises des industries culturelles et cr\u00e9atives pour participer au programme Intelaka, en plus d\u2019un v\u00e9hicule d\u2019investissement pour accompagner certains projets. De m\u00eame, il a annonc\u00e9 la subvention des prestations de distribution des albums musicaux aupr\u00e8s des agr\u00e9gateurs de plateformes.<\/p>\n<p><span class=\"c6\"><strong>Lancement d\u2019une \u00e9tude pour recenser les entreprises culturelles<\/strong><\/span><\/p>\n<p>Le plan d\u2019action 2021 du minist\u00e8re de la culture de la jeunesse et du sport pr\u00e9voit la mise \u00e0 niveau statistique du secteur. C\u2019est dans ce sens qu\u2019une \u00e9tude a \u00e9t\u00e9 lanc\u00e9e pour \u00e9tablir un mod\u00e8le \u00e9conom\u00e9trique dynamique.<br \/>\u00abConform\u00e9ment aux recommandations des Assises en octobre 2019, le chantier de la mise \u00e0 niveau statistique du secteur a \u00e9t\u00e9 lanc\u00e9. L\u2019ouverture des plis sur l\u2019appel d\u2019offres de l\u2019\u00e9tude strat\u00e9gique est pr\u00e9vue le 18 f\u00e9vrier 2021 et le secteur priv\u00e9 contribuera aux travaux\u00bb, explique-t-il. Et d\u2019ajouter que \u00abcette \u00e9tude permettra de proposer un cadre juridique et r\u00e9glementaire propre pour les entreprises culturelles. \u00abC\u2019est tr\u00e8s important de savoir identifier les incitations budg\u00e9taires et fiscales qui seraient n\u00e9cessaires pour le d\u00e9veloppement de ces entreprises culturelles\u00bb. De m\u00eame, cette \u00e9tude permettra, selon le ministre, de proposer des sc\u00e9narios de renforcement du patrimoine culturel. \u00abL\u2019\u00e9tude va analyser en profondeur les opportunit\u00e9s de transformation digitale\u00bb, dit-il.<\/p>\n<p><span class=\"c6\"><strong>Mise en place des maisons de jeunesse mobiles destin\u00e9es au milieu rural<\/strong><\/span><\/p>\n<p>Le ministre souligne en effet l\u2019existence de tr\u00e8s fortes in\u00e9galit\u00e9s d\u2019acc\u00e8s culturelles et sportives. A cet effet, il annonce la mise en \u0153uvre d\u2019un dispositif mobile. \u00abNous sommes en train d\u2019\u00e9tudier des maisons de jeunes mobiles qui seront destin\u00e9es au milieu rural\u00bb.<br \/>Le ministre a par ailleurs list\u00e9 quelques mesures de r\u00e9silience pour le secteur de la jeunesse et du sport. Il a not\u00e9 en effet que dans le cadre de la promotion de la jeune femme dans notre soci\u00e9t\u00e9, le minist\u00e8re a sign\u00e9 avec la F\u00e9d\u00e9ration royale marocaine de football une convention de plus de 100 millions de dirhams en faveur du football f\u00e9minin. \u00abCe partenariat permettra l\u2019\u00e9panouissement de ces jeunes femmes et leur facilitera l\u2019acc\u00e8s au march\u00e9 du travail\u00bb.<br \/><span class=\"c6\"><strong>\u00a0<\/strong><\/span><\/p>\n<p><span class=\"c6\"><strong>Cr\u00e9ation d\u2019un r\u00e9seau de cr\u00e8ches gratuit<\/strong><\/span><br \/>Le ministre annonce la pr\u00e9paration d\u2019une \u00e9tude pour d\u00e9velopper un r\u00e9seau de cr\u00e8ches gratuit au Maroc. \u00abNous sommes en contact avec l\u2019association des cr\u00e8ches priv\u00e9es afin de d\u00e9velopper les cr\u00e8ches gratuites pour les jeunes marocaines pour qu\u2019elles puissent acc\u00e9der au march\u00e9 du travail\u00bb.<\/p>\n<p><span class=\"c6\"><strong>Valorisation des sites du patrimoine par l\u2019usage des outils innovants<\/strong><\/span><\/p>\n<p>Toujours dans le cadre de ses actions 2021, le ministre annonce la cr\u00e9ation d\u2019une plateforme \u00e9lectronique pour g\u00e9rer les relations entre le minist\u00e8re, les f\u00e9d\u00e9rations et associations sportives. Il a not\u00e9 que parmi les 168 #fikraryadia propos\u00e9es en ao\u00fbt 2020, le minist\u00e8re a retenu celle de Mostafa Rached. Le projet a \u00e9t\u00e9 pr\u00e9s\u00e9lectionn\u00e9 pour un financement et un accompagnement par la GIZ en 2021. Dans le cadre de son plan de digitalisation, la mise en place d\u2019un projet innovant qui permettra la valorisation des sites du patrimoine par l\u2019usage de la r\u00e9alit\u00e9 augment\u00e9e. \u00abC\u2019est un projet innovant qui fait appel aux nouveaux outils technologiques. On va commencer par les trois sites, \u00e0 savoir Volubilis, Lixus, et Sidi Abderrahmane pour mieux expliquer leurs valeurs patrimoniale et culturelle\u00bb.<\/p>\n<p>Auteur: Siham Jadraoui<br \/>\n<a href=\"https:\/\/aujourdhui.ma\/culture\/culture-et-sport-le-plan-daction-2021-del-ferdaous\">Cliquez ici pour lire l&rsquo;article depuis sa source.<\/a><\/p>\n","protected":false},"excerpt":{"rendered":"<p>Plac\u00e9 sous le signe de la r\u00e9silience et de la digitalisation En d\u00e9but de cette ann\u00e9e, Othmane El Ferdaous, ministre de la culture de la jeunesse et du sport, a pr\u00e9sent\u00e9 un aper\u00e7u plus d\u00e9taill\u00e9 des perspectives 2021. Dans une vid\u00e9o post\u00e9e sur sa page officielle, le ministre place son plan d\u2019action sous le signe [&hellip;]<\/p>\n","protected":false},"author":1759,"featured_media":0,"comment_status":"closed","ping_status":"closed","sticky":false,"template":"","format":"standard","meta":{"fifu_image_url":"http:\/\/aujourdhui.ma\/wp-content\/uploads\/2020\/10\/Othman-El-Ferdaous-Parlement.jpg","fifu_image_alt":"Culture et sport : Le plan d\u2019action 2021  d\u2019El Ferdaous","footnotes":""},"categories":[73,54],"tags":[],"class_list":["post-108960","post","type-post","status-publish","format-standard","hentry","category-actualite","category-maroc"],"_links":{"self":[{"href":"https:\/\/linitiative.ca\/International\/wp-json\/wp\/v2\/posts\/108960","targetHints":{"allow":["GET"]}}],"collection":[{"href":"https:\/\/linitiative.ca\/International\/wp-json\/wp\/v2\/posts"}],"about":[{"href":"https:\/\/linitiative.ca\/International\/wp-json\/wp\/v2\/types\/post"}],"author":[{"embeddable":true,"href":"https:\/\/linitiative.ca\/International\/wp-json\/wp\/v2\/users\/1759"}],"replies":[{"embeddable":true,"href":"https:\/\/linitiative.ca\/International\/wp-json\/wp\/v2\/comments?post=108960"}],"version-history":[{"count":0,"href":"https:\/\/linitiative.ca\/International\/wp-json\/wp\/v2\/posts\/108960\/revisions"}],"wp:attachment":[{"href":"https:\/\/linitiative.ca\/International\/wp-json\/wp\/v2\/media?parent=108960"}],"wp:term":[{"taxonomy":"category","embeddable":true,"href":"https:\/\/linitiative.ca\/International\/wp-json\/wp\/v2\/categories?post=108960"},{"taxonomy":"post_tag","embeddable":true,"href":"https:\/\/linitiative.ca\/International\/wp-json\/wp\/v2\/tags?post=108960"}],"curies":[{"name":"wp","href":"https:\/\/api.w.org\/{rel}","templated":true}]}}