{"id":108961,"date":"2021-01-09T07:39:33","date_gmt":"2021-01-09T12:39:33","guid":{"rendered":"https:\/\/linitiative.ca\/International\/les-usa-misent-sur-les-pme-et-lapproche-genre\/"},"modified":"2021-01-09T07:39:33","modified_gmt":"2021-01-09T12:39:33","slug":"les-usa-misent-sur-les-pme-et-lapproche-genre","status":"publish","type":"post","link":"https:\/\/linitiative.ca\/International\/les-usa-misent-sur-les-pme-et-lapproche-genre\/","title":{"rendered":"Les USA misent sur les PME et l\u2019approche genre"},"content":{"rendered":"<header>\n<\/header>\n<div class=\"entry-content clearfix\" readability=\"64\"><img decoding=\"async\" class=\"post_layout_5_img\" src=\"http:\/\/aujourdhui.ma\/wp-content\/uploads\/2021\/01\/Adam-Boehle-PDG-de-DFC-au-Maroc.jpg\" alt=\"Les USA misent sur les PME et l&#x2019;approche genre\"\/><\/p>\n<p><span class=\"c5\"><strong>Annonce d\u2019un fonds d\u2019investissement de 100 millions de $ apr\u00e8s la deuxi\u00e8me visite de Adam Boehler, PDG de DFC au Maroc<\/strong><\/span><span id=\"more-365123\"\/><\/p>\n<p>Les responsables am\u00e9ricains mettent le turbo. Apr\u00e8s la visite de Adam Boehler, PDG de la development finance corporation (DFC), la deuxi\u00e8me en moins d\u2019un mois au Maroc, l\u2019ambassade US \u00e0 Rabat, annonce un nouvel investissement am\u00e9ricain au Maroc visant cette fois-ci les PME. Dans ce sens, un fonds de 100 millions de dollars pour financer les PME dans les secteurs de l\u2019agriculture, la sant\u00e9, l\u2019industrie, l\u2019eau, l\u2019assainissement et les \u00e9nergies propres, est annonc\u00e9. Selon la m\u00eame sourec, il sera financ\u00e9 \u00e0 raison de 50 millions de dollars par la US internatinal development finance corporation.<\/p>\n<p>Pour ce faire, ce dernier s\u2019est alli\u00e9 au Fonds d\u2019Aide aux petites entreprises (SEAF), qui utilisera son approche \u00e9quit\u00e9 des genres 2X et appliquera son tableau de bord sur l\u2019\u00e9galit\u00e9 des sexes \u00e0 tous les investissements.<\/p>\n<p>A noter que Boehler a \u00e9t\u00e9 accompagn\u00e9 lors de sa visite par l\u2019ambassadrice itin\u00e9rante des \u00c9tat-Uns d\u2019Am\u00e9rique charg\u00e9e des dossiers relatifs aux femmes dans le monde, Kellye Currie, et la vice-pr\u00e9sidente principale charg\u00e9e des initiatives strat\u00e9giques, directrice g\u00e9n\u00e9rale de 2X women\u2019s Initiative de la DFC. Ces derniers ont pr\u00e9sid\u00e9 une table ronde sur l\u2019automatisation des femmes ainsi que l\u2019initiative 2X MENA r\u00e9cemment annonc\u00e9e.<\/p>\n<\/div>\n<p>Auteur: ALM<br \/>\n<a href=\"https:\/\/aujourdhui.ma\/economie\/les-usa-misent-sur-les-pme-et-lapproche-genre\">Cliquez ici pour lire l&rsquo;article depuis sa source.<\/a><\/p>\n","protected":false},"excerpt":{"rendered":"<p>Annonce d\u2019un fonds d\u2019investissement de 100 millions de $ apr\u00e8s la deuxi\u00e8me visite de Adam Boehler, PDG de DFC au Maroc Les responsables am\u00e9ricains mettent le turbo. Apr\u00e8s la visite de Adam Boehler, PDG de la development finance corporation (DFC), la deuxi\u00e8me en moins d\u2019un mois au Maroc, l\u2019ambassade US \u00e0 Rabat, annonce un nouvel [&hellip;]<\/p>\n","protected":false},"author":1759,"featured_media":0,"comment_status":"closed","ping_status":"closed","sticky":false,"template":"","format":"standard","meta":{"fifu_image_url":"http:\/\/aujourdhui.ma\/wp-content\/uploads\/2021\/01\/Adam-Boehle-PDG-de-DFC-au-Maroc.jpg","fifu_image_alt":"Les USA misent sur les PME et l\u2019approche genre","footnotes":""},"categories":[73,54],"tags":[],"class_list":["post-108961","post","type-post","status-publish","format-standard","hentry","category-actualite","category-maroc"],"_links":{"self":[{"href":"https:\/\/linitiative.ca\/International\/wp-json\/wp\/v2\/posts\/108961","targetHints":{"allow":["GET"]}}],"collection":[{"href":"https:\/\/linitiative.ca\/International\/wp-json\/wp\/v2\/posts"}],"about":[{"href":"https:\/\/linitiative.ca\/International\/wp-json\/wp\/v2\/types\/post"}],"author":[{"embeddable":true,"href":"https:\/\/linitiative.ca\/International\/wp-json\/wp\/v2\/users\/1759"}],"replies":[{"embeddable":true,"href":"https:\/\/linitiative.ca\/International\/wp-json\/wp\/v2\/comments?post=108961"}],"version-history":[{"count":0,"href":"https:\/\/linitiative.ca\/International\/wp-json\/wp\/v2\/posts\/108961\/revisions"}],"wp:attachment":[{"href":"https:\/\/linitiative.ca\/International\/wp-json\/wp\/v2\/media?parent=108961"}],"wp:term":[{"taxonomy":"category","embeddable":true,"href":"https:\/\/linitiative.ca\/International\/wp-json\/wp\/v2\/categories?post=108961"},{"taxonomy":"post_tag","embeddable":true,"href":"https:\/\/linitiative.ca\/International\/wp-json\/wp\/v2\/tags?post=108961"}],"curies":[{"name":"wp","href":"https:\/\/api.w.org\/{rel}","templated":true}]}}