{"id":108962,"date":"2021-01-09T09:32:18","date_gmt":"2021-01-09T14:32:18","guid":{"rendered":"https:\/\/linitiative.ca\/International\/le-sous-secretaire-detat-americain-charge-du-proche-orient-en-visite-au-maroc-david-schenker-a-laayoune\/"},"modified":"2021-01-09T09:32:18","modified_gmt":"2021-01-09T14:32:18","slug":"le-sous-secretaire-detat-americain-charge-du-proche-orient-en-visite-au-maroc-david-schenker-a-laayoune","status":"publish","type":"post","link":"https:\/\/linitiative.ca\/International\/le-sous-secretaire-detat-americain-charge-du-proche-orient-en-visite-au-maroc-david-schenker-a-laayoune\/","title":{"rendered":"Le Sous-secr\u00e9taire d\u2019Etat am\u00e9ricain charg\u00e9 du Proche-Orient en visite au Maroc: David\u00a0Schenker \u00e0\u00a0La\u00e2youne"},"content":{"rendered":"<header>\n<\/header>\n<div class=\"entry-content clearfix\" readability=\"53\"><img decoding=\"async\" class=\"post_layout_5_img\" src=\"http:\/\/aujourdhui.ma\/wp-content\/uploads\/2021\/01\/Le-Sous-secretaire-dEtat-americain-charge-du-Proche-Orient-en-visite-au-Maroc-David-Schenker-a-Laayoune.jpg\" alt=\"Le Sous-secr&#xE9;taire d&#x2019;Etat am&#xE9;ricain charg&#xE9; du Proche-Orient en visite au Maroc: David&#xA0;Schenker &#xE0;&#xA0;La&#xE2;youne\"\/><\/p>\n<p><span class=\"c5\"><strong>D\u00e9cid\u00e9ment, les \u00c9tats-Unis accordent un int\u00e9r\u00eat particulier au renforcement des relations avec le Maroc.<\/strong><\/span><span id=\"more-365127\"\/><\/p>\n<p>Dans ce sens, le Sous-secr\u00e9taire d\u2019Etat am\u00e9ricain en charge des questions du Proche-Orient et de l\u2019Afrique du Nord, David Schenker est arriv\u00e9 samedi matin \u00e0\u00a0La\u00e2youne, capitale du Sahara marocain. C\u2019est le deuxi\u00e8me d\u00e9placement du responsable au Royaume en quelques semaines.<\/p>\n<p>A son arriv\u00e9e \u00e0 l\u2019a\u00e9roport Hassan 1er de La\u00e2youne, M. Schenker a \u00e9t\u00e9 accueilli par le wali de la r\u00e9gion La\u00e2youne-Sakia El Hamra, gouverneur de la province de La\u00e2youne, Abdeslem Bekrate.<\/p>\n<p>Le Sous-secr\u00e9taire d\u2019Etat am\u00e9ricain a ensuite effectu\u00e9 une tourn\u00e9e dans la ville de La\u00e2youne, en particulier le quartier diplomatique qui abrite les consulats de plusieurs pays.<\/p>\n<p>Il s\u2019est \u00e9galement rendu au si\u00e8ge de la mission des Nations unies au Sahara (Minurso).<\/p>\n<\/div>\n<p>Auteur: ALM<br \/>\n<a href=\"https:\/\/aujourdhui.ma\/politique\/le-sous-secretaire-detat-americain-charge-du-proche-orient-en-visite-au-maroc-david-schenker-a-laayoune\">Cliquez ici pour lire l&rsquo;article depuis sa source.<\/a><\/p>\n","protected":false},"excerpt":{"rendered":"<p>D\u00e9cid\u00e9ment, les \u00c9tats-Unis accordent un int\u00e9r\u00eat particulier au renforcement des relations avec le Maroc. Dans ce sens, le Sous-secr\u00e9taire d\u2019Etat am\u00e9ricain en charge des questions du Proche-Orient et de l\u2019Afrique du Nord, David Schenker est arriv\u00e9 samedi matin \u00e0\u00a0La\u00e2youne, capitale du Sahara marocain. C\u2019est le deuxi\u00e8me d\u00e9placement du responsable au Royaume en quelques semaines. A [&hellip;]<\/p>\n","protected":false},"author":1759,"featured_media":0,"comment_status":"closed","ping_status":"closed","sticky":false,"template":"","format":"standard","meta":{"fifu_image_url":"http:\/\/aujourdhui.ma\/wp-content\/uploads\/2021\/01\/Le-Sous-secretaire-dEtat-americain-charge-du-Proche-Orient-en-visite-au-Maroc-David-Schenker-a-Laayoune.jpg","fifu_image_alt":"Le Sous-secr\u00e9taire d\u2019Etat am\u00e9ricain charg\u00e9 du Proche-Orient en visite au Maroc: David\u00a0Schenker \u00e0\u00a0La\u00e2youne","footnotes":""},"categories":[73,54],"tags":[],"class_list":["post-108962","post","type-post","status-publish","format-standard","hentry","category-actualite","category-maroc"],"_links":{"self":[{"href":"https:\/\/linitiative.ca\/International\/wp-json\/wp\/v2\/posts\/108962","targetHints":{"allow":["GET"]}}],"collection":[{"href":"https:\/\/linitiative.ca\/International\/wp-json\/wp\/v2\/posts"}],"about":[{"href":"https:\/\/linitiative.ca\/International\/wp-json\/wp\/v2\/types\/post"}],"author":[{"embeddable":true,"href":"https:\/\/linitiative.ca\/International\/wp-json\/wp\/v2\/users\/1759"}],"replies":[{"embeddable":true,"href":"https:\/\/linitiative.ca\/International\/wp-json\/wp\/v2\/comments?post=108962"}],"version-history":[{"count":0,"href":"https:\/\/linitiative.ca\/International\/wp-json\/wp\/v2\/posts\/108962\/revisions"}],"wp:attachment":[{"href":"https:\/\/linitiative.ca\/International\/wp-json\/wp\/v2\/media?parent=108962"}],"wp:term":[{"taxonomy":"category","embeddable":true,"href":"https:\/\/linitiative.ca\/International\/wp-json\/wp\/v2\/categories?post=108962"},{"taxonomy":"post_tag","embeddable":true,"href":"https:\/\/linitiative.ca\/International\/wp-json\/wp\/v2\/tags?post=108962"}],"curies":[{"name":"wp","href":"https:\/\/api.w.org\/{rel}","templated":true}]}}